{"id":2794,"date":"2016-06-07T12:20:24","date_gmt":"2016-06-07T15:20:24","guid":{"rendered":"https:\/\/gabrielacasabona.com.br\/?p=2794"},"modified":"2016-06-07T12:20:24","modified_gmt":"2016-06-07T15:20:24","slug":"o-que-voce-precisa-saber-sobre-o-laser-co2-fracionado","status":"publish","type":"post","link":"https:\/\/www.dravivianloureiro.com.br\/blog\/o-que-voce-precisa-saber-sobre-o-laser-co2-fracionado\/","title":{"rendered":"O que voc\u00ea precisa saber sobre o Laser CO2 Fracionado"},"content":{"rendered":"<p class=\"estimated-read-time\">Tempo de leitura:<small> 2 minutos<\/small><\/p> <p>Com a infinidade de tratamentos \u00e0 laser dispon\u00edveis atualmente no campo da medicina, \u00e9\u00a0sempre bom saber as diferen\u00e7as entre os tipos de laser e seus tratamentos.<\/p>\n<p>O\u00a0intuito do\u00a0post \u00e9 falar um pouco do Laser CO2 Fracionado. De maneira simples vou\u00a0destacar suas\u00a0principais finalidades al\u00e9m de explicar um pouco sobre o pr\u00e9 tratamento\u00a0e p\u00f3s tratamento.<\/p>\n<h2>Para quais tratamentos recomenda-se o Laser CO2 Fracionado?<\/h2>\n<p>Muito utilizado no rejuvenescimento, o poder de est\u00edmulo na produ\u00e7\u00e3o natural de\u00a0col\u00e1geno \u00e9\u00a0um dos diferenciais deste que \u00e9 um laser de grau ablativo e tem tamb\u00e9m\u00a0como finalidade de\u00a0suavizar rugas finas, clarear manchas e tratar cicatrizes de acne.<br \/>\nO Laser CO2 Fracionado tem se mostrado muito eficaz no tratamento de cicatrizes de\u00a0acne, o\u00a0que muita gente n\u00e3o sabe \u00e9 que ele tamb\u00e9m proporciona excelentes melhorias\u00a0quando usado na\u00a0regi\u00e3o dos olhos e contorno dos l\u00e1bios.<\/p>\n<p><img loading=\"lazy\" class=\"alignnone size-full wp-image-3066\" src=\"https:\/\/gabrielacasabona.com.br\/wp-content\/uploads\/2016\/06\/esquematico-co2-2.jpg\" alt=\"esquematico-co2-2\" width=\"937\" height=\"512\" \/><\/p>\n<p>&nbsp;<\/p>\n<p>&nbsp;<\/p>\n<h2>Os benef\u00edcios do Laser CO2 Fracionado geralmente s\u00e3o notados logo nas primeiras\u00a0sess\u00f5es e\u00a0dentre as melhorias evidentes est\u00e3o:<\/h2>\n<ul>\n<li>Pele uniforme, tanto em textura quanto tonalidade<\/li>\n<li>Pele com mais brilho<\/li>\n<li>Redu\u00e7\u00e3o de rugas<\/li>\n<li>Suaviza\u00e7\u00e3o e remo\u00e7\u00e3o de manchas<\/li>\n<\/ul>\n<h3>O que voc\u00ea precisa saber sobre o tratamento<\/h3>\n<p>\u00c9 bom sempre salientar que a necessidade da sess\u00e3o com o Laser CO2 Fracionado\u00a0ser\u00e1\u00a0definida pelo seu dermatologista, certifique-se que o profissional faz parte da\u00a0Sociedade\u00a0Brasileira de Dermatologia com t\u00edtulo de Especialista na fun\u00e7\u00e3o.<\/p>\n<p>Antes do tratamento o paciente n\u00e3o pode estar com a pele bronzeada e no p\u00f3s\u00a0tratamento\u00a0temos algumas\u00a0indica\u00e7\u00f5es listadas aqui:<\/p>\n<ol>\n<li><strong>Imediato:<\/strong> Pode haver leve ard\u00eancia alguns instantes ap\u00f3s a aplica\u00e7\u00e3o,\u00a0utilizamos\u00a0m\u00e1scaras de gelo para aliviar a sensa\u00e7\u00e3o e na sa\u00edda do consult\u00f3rio\u00a0a pele estar\u00e1 aliviada,\u00a0apenas com vermelhid\u00e3o causada pela sess\u00e3o.<\/li>\n<li><strong>Segundo e Terceiro dia:<\/strong> Nessa etapa normalmente voc\u00ea ficar\u00e1 com a sensa\u00e7\u00e3o de pele\u00a0seca, com\u00a0micro casquinhas escuras pelo rosto, aqui geralmente recomendo o\u00a0uso de alguns produtos\u00a0leves para evitar irrita\u00e7\u00e3o.<\/li>\n<li><strong>Ap\u00f3s o\u00a0Quarto\u00a0dia:<\/strong> As casquinhas j\u00e1 est\u00e3o saindo e a pele estar\u00e1 mais lisa mas\u00a0ainda um\u00a0pouco avermelhada, aqui geralmente encaminho o paciente para\u00a0uma Limpeza e Hidrata\u00e7\u00e3o na\u00a0cl\u00ednica.<\/li>\n<\/ol>\n<p>Espero ter esclarecido alguns pontos sobre o Laser CO2 Fracionado.<\/p>\n<p>Deixe suas d\u00favidas nos\u00a0coment\u00e1rios.<\/p>\n","protected":false},"excerpt":{"rendered":"<p><small> 2 minutos<\/small> Com a infinidade de tratamentos \u00e0 laser dispon\u00edveis atualmente no campo da medicina, \u00e9\u00a0sempre bom saber as diferen\u00e7as entre os tipos de laser e seus tratamentos. O\u00a0intuito do\u00a0post \u00e9 falar um pouco do Laser CO2 Fracionado. De maneira simples vou\u00a0destacar suas\u00a0principais finalidades al\u00e9m de explicar um pouco sobre o pr\u00e9 tratamento\u00a0e p\u00f3s tratamento. Para quais tratamentos recomenda-se o Laser CO2 Fracionado? Muito utilizado no rejuvenescimento, o poder de est\u00edmulo na produ\u00e7\u00e3o natural de\u00a0col\u00e1geno \u00e9\u00a0um dos diferenciais deste que \u00e9 um laser de <a href=\"https:\/\/www.dravivianloureiro.com.br\/blog\/o-que-voce-precisa-saber-sobre-o-laser-co2-fracionado\/\" class=\"more-link\"><span>Continue lendo<\/span>\u2192<\/a><\/p>\n","protected":false},"author":1,"featured_media":3563,"comment_status":"open","ping_status":"open","sticky":false,"template":"","format":"standard","meta":[],"categories":[404,134],"tags":[571,478,396],"yoast_head":"<!-- This site is optimized with the Yoast SEO plugin v20.6 - https:\/\/yoast.com\/wordpress\/plugins\/seo\/ -->\n<title>Como Funciona o Laser CO2 Fracionado - Beauty Beyond Skin Dermatologia Especializada<\/title>\n<meta name=\"description\" content=\"{:pb}O intuito \u00e9 falar do Laser CO2 Fracionado, de maneira simples vou destacar suas principais finalidades al\u00e9m de explicar um pouco sobre o p\u00f3s tratamento. Gabriela Casabona Dermatologista Especialista em Laser CO2 Fracionado em S\u00e3o Paulo. Telefones: 11 3668-5910 ou 11 3661-9502{:}\" \/>\n<meta name=\"robots\" content=\"index, follow, max-snippet:-1, max-image-preview:large, max-video-preview:-1\" \/>\n<link rel=\"canonical\" href=\"https:\/\/www.dravivianloureiro.com.br\/blog\/o-que-voce-precisa-saber-sobre-o-laser-co2-fracionado\/\" \/>\n<meta property=\"og:locale\" content=\"pt_BR\" \/>\n<meta property=\"og:type\" content=\"article\" \/>\n<meta property=\"og:title\" content=\"Como Funciona o Laser CO2 Fracionado - Beauty Beyond Skin Dermatologia Especializada\" \/>\n<meta property=\"og:description\" content=\"{:pb}O intuito \u00e9 falar do Laser CO2 Fracionado, de maneira simples vou destacar suas principais finalidades al\u00e9m de explicar um pouco sobre o p\u00f3s tratamento. Gabriela Casabona Dermatologista Especialista em Laser CO2 Fracionado em S\u00e3o Paulo. Telefones: 11 3668-5910 ou 11 3661-9502{:}\" \/>\n<meta property=\"og:url\" content=\"https:\/\/www.dravivianloureiro.com.br\/blog\/o-que-voce-precisa-saber-sobre-o-laser-co2-fracionado\/\" \/>\n<meta property=\"og:site_name\" content=\"Dra. Vivian Loureiro\" \/>\n<meta property=\"article:publisher\" content=\"https:\/\/pt-br.facebook.com\/vivianloureirodermatologia\/\" \/>\n<meta property=\"article:author\" content=\"https:\/\/pt-br.facebook.com\/vivianloureirodermatologia\/\" \/>\n<meta property=\"article:published_time\" content=\"2016-06-07T15:20:24+00:00\" \/>\n<meta name=\"author\" content=\"Vivian Loureiro\" \/>\n<meta name=\"twitter:card\" content=\"summary_large_image\" \/>\n<meta name=\"twitter:label1\" content=\"Escrito por\" \/>\n\t<meta name=\"twitter:data1\" content=\"Vivian Loureiro\" \/>\n\t<meta name=\"twitter:label2\" content=\"Est. tempo de leitura\" \/>\n\t<meta name=\"twitter:data2\" content=\"2 minutos\" \/>\n<script type=\"application\/ld+json\" class=\"yoast-schema-graph\">{\"@context\":\"https:\/\/schema.org\",\"@graph\":[{\"@type\":\"Article\",\"@id\":\"https:\/\/www.dravivianloureiro.com.br\/blog\/o-que-voce-precisa-saber-sobre-o-laser-co2-fracionado\/#article\",\"isPartOf\":{\"@id\":\"https:\/\/www.dravivianloureiro.com.br\/blog\/o-que-voce-precisa-saber-sobre-o-laser-co2-fracionado\/\"},\"author\":{\"name\":\"Vivian Loureiro\",\"@id\":\"https:\/\/www.dravivianloureiro.com.br\/blog\/#\/schema\/person\/f6272c0e48dae4364ef626c598c5cb84\"},\"headline\":\"O que voc\u00ea precisa saber sobre o Laser CO2 Fracionado\",\"datePublished\":\"2016-06-07T15:20:24+00:00\",\"dateModified\":\"2016-06-07T15:20:24+00:00\",\"mainEntityOfPage\":{\"@id\":\"https:\/\/www.dravivianloureiro.com.br\/blog\/o-que-voce-precisa-saber-sobre-o-laser-co2-fracionado\/\"},\"wordCount\":409,\"commentCount\":0,\"publisher\":{\"@id\":\"https:\/\/www.dravivianloureiro.com.br\/blog\/#organization\"},\"keywords\":[\"co2\",\"laser fracionado\",\"rejuvenescimento\"],\"articleSection\":[\"Laser\",\"Rejuvenescimento\"],\"inLanguage\":\"pt-BR\",\"potentialAction\":[{\"@type\":\"CommentAction\",\"name\":\"Comment\",\"target\":[\"https:\/\/www.dravivianloureiro.com.br\/blog\/o-que-voce-precisa-saber-sobre-o-laser-co2-fracionado\/#respond\"]}]},{\"@type\":\"WebPage\",\"@id\":\"https:\/\/www.dravivianloureiro.com.br\/blog\/o-que-voce-precisa-saber-sobre-o-laser-co2-fracionado\/\",\"url\":\"https:\/\/www.dravivianloureiro.com.br\/blog\/o-que-voce-precisa-saber-sobre-o-laser-co2-fracionado\/\",\"name\":\"Como Funciona o Laser CO2 Fracionado - Beauty Beyond Skin Dermatologia Especializada\",\"isPartOf\":{\"@id\":\"https:\/\/www.dravivianloureiro.com.br\/blog\/#website\"},\"datePublished\":\"2016-06-07T15:20:24+00:00\",\"dateModified\":\"2016-06-07T15:20:24+00:00\",\"description\":\"{:pb}O intuito \u00e9 falar do Laser CO2 Fracionado, de maneira simples vou destacar suas principais finalidades al\u00e9m de explicar um pouco sobre o p\u00f3s tratamento. Gabriela Casabona Dermatologista Especialista em Laser CO2 Fracionado em S\u00e3o Paulo. Telefones: 11 3668-5910 ou 11 3661-9502{:}\",\"breadcrumb\":{\"@id\":\"https:\/\/www.dravivianloureiro.com.br\/blog\/o-que-voce-precisa-saber-sobre-o-laser-co2-fracionado\/#breadcrumb\"},\"inLanguage\":\"pt-BR\",\"potentialAction\":[{\"@type\":\"ReadAction\",\"target\":[\"https:\/\/www.dravivianloureiro.com.br\/blog\/o-que-voce-precisa-saber-sobre-o-laser-co2-fracionado\/\"]}]},{\"@type\":\"BreadcrumbList\",\"@id\":\"https:\/\/www.dravivianloureiro.com.br\/blog\/o-que-voce-precisa-saber-sobre-o-laser-co2-fracionado\/#breadcrumb\",\"itemListElement\":[{\"@type\":\"ListItem\",\"position\":1,\"name\":\"In\u00edcio\",\"item\":\"https:\/\/www.dravivianloureiro.com.br\/blog\/\"},{\"@type\":\"ListItem\",\"position\":2,\"name\":\"O que voc\u00ea precisa saber sobre o Laser CO2 Fracionado\"}]},{\"@type\":\"WebSite\",\"@id\":\"https:\/\/www.dravivianloureiro.com.br\/blog\/#website\",\"url\":\"https:\/\/www.dravivianloureiro.com.br\/blog\/\",\"name\":\"Dermatologista Vivian Loureiro\",\"description\":\"\",\"publisher\":{\"@id\":\"https:\/\/www.dravivianloureiro.com.br\/blog\/#organization\"},\"potentialAction\":[{\"@type\":\"SearchAction\",\"target\":{\"@type\":\"EntryPoint\",\"urlTemplate\":\"https:\/\/www.dravivianloureiro.com.br\/blog\/?s={search_term_string}\"},\"query-input\":\"required name=search_term_string\"}],\"inLanguage\":\"pt-BR\"},{\"@type\":\"Organization\",\"@id\":\"https:\/\/www.dravivianloureiro.com.br\/blog\/#organization\",\"name\":\"Dra. Vivian Loureiro - Dermatologista Em S\u00e3o Paulo\",\"url\":\"https:\/\/www.dravivianloureiro.com.br\/blog\/\",\"logo\":{\"@type\":\"ImageObject\",\"inLanguage\":\"pt-BR\",\"@id\":\"https:\/\/www.dravivianloureiro.com.br\/blog\/#\/schema\/logo\/image\/\",\"url\":\"https:\/\/www.dravivianloureiro.com.br\/blog\/wp-content\/uploads\/2018\/08\/favicon.jpg\",\"contentUrl\":\"https:\/\/www.dravivianloureiro.com.br\/blog\/wp-content\/uploads\/2018\/08\/favicon.jpg\",\"width\":112,\"height\":112,\"caption\":\"Dra. Vivian Loureiro - Dermatologista Em S\u00e3o Paulo\"},\"image\":{\"@id\":\"https:\/\/www.dravivianloureiro.com.br\/blog\/#\/schema\/logo\/image\/\"},\"sameAs\":[\"https:\/\/pt-br.facebook.com\/vivianloureirodermatologia\/\",\"https:\/\/www.instagram.com\/vivianloureirodermatologia\/\",\"https:\/\/www.linkedin.com\/in\/vivian-barzi-loureiro-a6412887\/\"]},{\"@type\":\"Person\",\"@id\":\"https:\/\/www.dravivianloureiro.com.br\/blog\/#\/schema\/person\/f6272c0e48dae4364ef626c598c5cb84\",\"name\":\"Vivian Loureiro\",\"image\":{\"@type\":\"ImageObject\",\"inLanguage\":\"pt-BR\",\"@id\":\"https:\/\/www.dravivianloureiro.com.br\/blog\/#\/schema\/person\/image\/\",\"url\":\"https:\/\/secure.gravatar.com\/avatar\/8ee2b0fae98657240c77e822ae139ad3?s=96&d=wp_user_avatar&r=g\",\"contentUrl\":\"https:\/\/secure.gravatar.com\/avatar\/8ee2b0fae98657240c77e822ae139ad3?s=96&d=wp_user_avatar&r=g\",\"caption\":\"Vivian Loureiro\"},\"description\":\"M\u00e9dica formada pela Universidade de S\u00e3o Paulo (USP). Realizou resid\u00eancia m\u00e9dica em Dermatologia e complementa\u00e7\u00e3o em Cosmiatria e Laser pelo departamento de Dermatologia do Hospital das Cl\u00ednicas da Faculdade de Medicina da Universidade de S\u00e3o Paulo (USP). Possui t\u00edtulo de especialista em Dermatologia. \u00c9 membro da Sociedade Brasileira de Dermatologia (SBD) e Sociedade Brasileira de Cirurgia Dermatol\u00f3gica (SBCD) e m\u00e9dica do grupo Fleury. Atua nas \u00e1reas de Dermatologia Cl\u00ednica, Cir\u00fargica, Pedi\u00e1trica e Est\u00e9tica. Frequenta e palestra nos principais cursos e congressos de dermatologia, nacionais e internacionais, a fim de se manter em constante atualiza\u00e7\u00e3o.\",\"sameAs\":[\"https:\/\/www.dravivianloureiro.com.br\/\",\"https:\/\/pt-br.facebook.com\/vivianloureirodermatologia\/\",\"https:\/\/www.instagram.com\/vivianloureirodermatologia\/\",\"https:\/\/www.linkedin.com\/in\/vivian-barzi-loureiro-a6412887\/\"]}]}<\/script>\n<!-- \/ Yoast SEO plugin. -->","yoast_head_json":{"title":"Como Funciona o Laser CO2 Fracionado - Beauty Beyond Skin Dermatologia Especializada","description":"{:pb}O intuito \u00e9 falar do Laser CO2 Fracionado, de maneira simples vou destacar suas principais finalidades al\u00e9m de explicar um pouco sobre o p\u00f3s tratamento. Gabriela Casabona Dermatologista Especialista em Laser CO2 Fracionado em S\u00e3o Paulo. Telefones: 11 3668-5910 ou 11 3661-9502{:}","robots":{"index":"index","follow":"follow","max-snippet":"max-snippet:-1","max-image-preview":"max-image-preview:large","max-video-preview":"max-video-preview:-1"},"canonical":"https:\/\/www.dravivianloureiro.com.br\/blog\/o-que-voce-precisa-saber-sobre-o-laser-co2-fracionado\/","og_locale":"pt_BR","og_type":"article","og_title":"Como Funciona o Laser CO2 Fracionado - Beauty Beyond Skin Dermatologia Especializada","og_description":"{:pb}O intuito \u00e9 falar do Laser CO2 Fracionado, de maneira simples vou destacar suas principais finalidades al\u00e9m de explicar um pouco sobre o p\u00f3s tratamento. Gabriela Casabona Dermatologista Especialista em Laser CO2 Fracionado em S\u00e3o Paulo. Telefones: 11 3668-5910 ou 11 3661-9502{:}","og_url":"https:\/\/www.dravivianloureiro.com.br\/blog\/o-que-voce-precisa-saber-sobre-o-laser-co2-fracionado\/","og_site_name":"Dra. Vivian Loureiro","article_publisher":"https:\/\/pt-br.facebook.com\/vivianloureirodermatologia\/","article_author":"https:\/\/pt-br.facebook.com\/vivianloureirodermatologia\/","article_published_time":"2016-06-07T15:20:24+00:00","author":"Vivian Loureiro","twitter_card":"summary_large_image","twitter_misc":{"Escrito por":"Vivian Loureiro","Est. tempo de leitura":"2 minutos"},"schema":{"@context":"https:\/\/schema.org","@graph":[{"@type":"Article","@id":"https:\/\/www.dravivianloureiro.com.br\/blog\/o-que-voce-precisa-saber-sobre-o-laser-co2-fracionado\/#article","isPartOf":{"@id":"https:\/\/www.dravivianloureiro.com.br\/blog\/o-que-voce-precisa-saber-sobre-o-laser-co2-fracionado\/"},"author":{"name":"Vivian Loureiro","@id":"https:\/\/www.dravivianloureiro.com.br\/blog\/#\/schema\/person\/f6272c0e48dae4364ef626c598c5cb84"},"headline":"O que voc\u00ea precisa saber sobre o Laser CO2 Fracionado","datePublished":"2016-06-07T15:20:24+00:00","dateModified":"2016-06-07T15:20:24+00:00","mainEntityOfPage":{"@id":"https:\/\/www.dravivianloureiro.com.br\/blog\/o-que-voce-precisa-saber-sobre-o-laser-co2-fracionado\/"},"wordCount":409,"commentCount":0,"publisher":{"@id":"https:\/\/www.dravivianloureiro.com.br\/blog\/#organization"},"keywords":["co2","laser fracionado","rejuvenescimento"],"articleSection":["Laser","Rejuvenescimento"],"inLanguage":"pt-BR","potentialAction":[{"@type":"CommentAction","name":"Comment","target":["https:\/\/www.dravivianloureiro.com.br\/blog\/o-que-voce-precisa-saber-sobre-o-laser-co2-fracionado\/#respond"]}]},{"@type":"WebPage","@id":"https:\/\/www.dravivianloureiro.com.br\/blog\/o-que-voce-precisa-saber-sobre-o-laser-co2-fracionado\/","url":"https:\/\/www.dravivianloureiro.com.br\/blog\/o-que-voce-precisa-saber-sobre-o-laser-co2-fracionado\/","name":"Como Funciona o Laser CO2 Fracionado - Beauty Beyond Skin Dermatologia Especializada","isPartOf":{"@id":"https:\/\/www.dravivianloureiro.com.br\/blog\/#website"},"datePublished":"2016-06-07T15:20:24+00:00","dateModified":"2016-06-07T15:20:24+00:00","description":"{:pb}O intuito \u00e9 falar do Laser CO2 Fracionado, de maneira simples vou destacar suas principais finalidades al\u00e9m de explicar um pouco sobre o p\u00f3s tratamento. Gabriela Casabona Dermatologista Especialista em Laser CO2 Fracionado em S\u00e3o Paulo. Telefones: 11 3668-5910 ou 11 3661-9502{:}","breadcrumb":{"@id":"https:\/\/www.dravivianloureiro.com.br\/blog\/o-que-voce-precisa-saber-sobre-o-laser-co2-fracionado\/#breadcrumb"},"inLanguage":"pt-BR","potentialAction":[{"@type":"ReadAction","target":["https:\/\/www.dravivianloureiro.com.br\/blog\/o-que-voce-precisa-saber-sobre-o-laser-co2-fracionado\/"]}]},{"@type":"BreadcrumbList","@id":"https:\/\/www.dravivianloureiro.com.br\/blog\/o-que-voce-precisa-saber-sobre-o-laser-co2-fracionado\/#breadcrumb","itemListElement":[{"@type":"ListItem","position":1,"name":"In\u00edcio","item":"https:\/\/www.dravivianloureiro.com.br\/blog\/"},{"@type":"ListItem","position":2,"name":"O que voc\u00ea precisa saber sobre o Laser CO2 Fracionado"}]},{"@type":"WebSite","@id":"https:\/\/www.dravivianloureiro.com.br\/blog\/#website","url":"https:\/\/www.dravivianloureiro.com.br\/blog\/","name":"Dermatologista Vivian Loureiro","description":"","publisher":{"@id":"https:\/\/www.dravivianloureiro.com.br\/blog\/#organization"},"potentialAction":[{"@type":"SearchAction","target":{"@type":"EntryPoint","urlTemplate":"https:\/\/www.dravivianloureiro.com.br\/blog\/?s={search_term_string}"},"query-input":"required name=search_term_string"}],"inLanguage":"pt-BR"},{"@type":"Organization","@id":"https:\/\/www.dravivianloureiro.com.br\/blog\/#organization","name":"Dra. Vivian Loureiro - Dermatologista Em S\u00e3o Paulo","url":"https:\/\/www.dravivianloureiro.com.br\/blog\/","logo":{"@type":"ImageObject","inLanguage":"pt-BR","@id":"https:\/\/www.dravivianloureiro.com.br\/blog\/#\/schema\/logo\/image\/","url":"https:\/\/www.dravivianloureiro.com.br\/blog\/wp-content\/uploads\/2018\/08\/favicon.jpg","contentUrl":"https:\/\/www.dravivianloureiro.com.br\/blog\/wp-content\/uploads\/2018\/08\/favicon.jpg","width":112,"height":112,"caption":"Dra. Vivian Loureiro - Dermatologista Em S\u00e3o Paulo"},"image":{"@id":"https:\/\/www.dravivianloureiro.com.br\/blog\/#\/schema\/logo\/image\/"},"sameAs":["https:\/\/pt-br.facebook.com\/vivianloureirodermatologia\/","https:\/\/www.instagram.com\/vivianloureirodermatologia\/","https:\/\/www.linkedin.com\/in\/vivian-barzi-loureiro-a6412887\/"]},{"@type":"Person","@id":"https:\/\/www.dravivianloureiro.com.br\/blog\/#\/schema\/person\/f6272c0e48dae4364ef626c598c5cb84","name":"Vivian Loureiro","image":{"@type":"ImageObject","inLanguage":"pt-BR","@id":"https:\/\/www.dravivianloureiro.com.br\/blog\/#\/schema\/person\/image\/","url":"https:\/\/secure.gravatar.com\/avatar\/8ee2b0fae98657240c77e822ae139ad3?s=96&d=wp_user_avatar&r=g","contentUrl":"https:\/\/secure.gravatar.com\/avatar\/8ee2b0fae98657240c77e822ae139ad3?s=96&d=wp_user_avatar&r=g","caption":"Vivian Loureiro"},"description":"M\u00e9dica formada pela Universidade de S\u00e3o Paulo (USP). Realizou resid\u00eancia m\u00e9dica em Dermatologia e complementa\u00e7\u00e3o em Cosmiatria e Laser pelo departamento de Dermatologia do Hospital das Cl\u00ednicas da Faculdade de Medicina da Universidade de S\u00e3o Paulo (USP). Possui t\u00edtulo de especialista em Dermatologia. \u00c9 membro da Sociedade Brasileira de Dermatologia (SBD) e Sociedade Brasileira de Cirurgia Dermatol\u00f3gica (SBCD) e m\u00e9dica do grupo Fleury. Atua nas \u00e1reas de Dermatologia Cl\u00ednica, Cir\u00fargica, Pedi\u00e1trica e Est\u00e9tica. Frequenta e palestra nos principais cursos e congressos de dermatologia, nacionais e internacionais, a fim de se manter em constante atualiza\u00e7\u00e3o.","sameAs":["https:\/\/www.dravivianloureiro.com.br\/","https:\/\/pt-br.facebook.com\/vivianloureirodermatologia\/","https:\/\/www.instagram.com\/vivianloureirodermatologia\/","https:\/\/www.linkedin.com\/in\/vivian-barzi-loureiro-a6412887\/"]}]}},"amp_enabled":true,"_links":{"self":[{"href":"https:\/\/www.dravivianloureiro.com.br\/blog\/wp-json\/wp\/v2\/posts\/2794"}],"collection":[{"href":"https:\/\/www.dravivianloureiro.com.br\/blog\/wp-json\/wp\/v2\/posts"}],"about":[{"href":"https:\/\/www.dravivianloureiro.com.br\/blog\/wp-json\/wp\/v2\/types\/post"}],"author":[{"embeddable":true,"href":"https:\/\/www.dravivianloureiro.com.br\/blog\/wp-json\/wp\/v2\/users\/1"}],"replies":[{"embeddable":true,"href":"https:\/\/www.dravivianloureiro.com.br\/blog\/wp-json\/wp\/v2\/comments?post=2794"}],"version-history":[{"count":0,"href":"https:\/\/www.dravivianloureiro.com.br\/blog\/wp-json\/wp\/v2\/posts\/2794\/revisions"}],"wp:featuredmedia":[{"embeddable":true,"href":"https:\/\/www.dravivianloureiro.com.br\/blog\/wp-json\/"}],"wp:attachment":[{"href":"https:\/\/www.dravivianloureiro.com.br\/blog\/wp-json\/wp\/v2\/media?parent=2794"}],"wp:term":[{"taxonomy":"category","embeddable":true,"href":"https:\/\/www.dravivianloureiro.com.br\/blog\/wp-json\/wp\/v2\/categories?post=2794"},{"taxonomy":"post_tag","embeddable":true,"href":"https:\/\/www.dravivianloureiro.com.br\/blog\/wp-json\/wp\/v2\/tags?post=2794"}],"curies":[{"name":"wp","href":"https:\/\/api.w.org\/{rel}","templated":true}]}}