{"id":27,"date":"2011-10-28T12:16:32","date_gmt":"2011-10-28T12:16:32","guid":{"rendered":"http:\/\/www.gabrielacasabona.com.br\/blog\/?p=27"},"modified":"2011-10-28T12:16:32","modified_gmt":"2011-10-28T12:16:32","slug":"uma-pele-saudavel-e-reflexo-de-uma-vida-equilibrada","status":"publish","type":"post","link":"https:\/\/www.dravivianloureiro.com.br\/blog\/uma-pele-saudavel-e-reflexo-de-uma-vida-equilibrada\/","title":{"rendered":"Uma pele saud\u00e1vel \u00e9 reflexo de uma vida equilibrada"},"content":{"rendered":"<p class=\"estimated-read-time\">Tempo de leitura:<small> 1 minuto<\/small><\/p> <p><a href=\"?s=acne\">Acnes<\/a>, manchas ou melasmas, eczemas, <a href=\"?s=rosacea\">ros\u00e1ceas <\/a>e urtic\u00e1rias. Estas doen\u00e7as, muito comuns na vida de homens, mulheres e especialmente crian\u00e7as, n\u00e3o t\u00eam \u00e9poca do ano para aparecerem.<\/p>\n<p>Em \u00e9pocas de frio, s\u00e3o comuns problemas ligados \u00e0 secura da pele, enquanto o calor provoca um descontrole da oleosidade. Assim, <strong>o melhor a se fazer \u00e9 educar o corpo<\/strong>, de forma que ele se habitue aos nossos h\u00e1bitos de vida ou a fatores como o frio, o calor e a polui\u00e7\u00e3o.<\/p>\n<p>Todos os tipos de pele \u2013 seja ela seca, oleosa ou sens\u00edvel \u2013 necessitam de cuidados diferentes. N\u00e3o basta simplesmente comprar hidratantes sem nenhuma indica\u00e7\u00e3o m\u00e9dica. <strong>\u00c9 preciso conhecer qual \u00e9 o seu tipo de pele<\/strong> para definir quais os cuidados necess\u00e1rios<\/p>\n<p>A higiene do corpo tamb\u00e9m requer cuidados. \u00c9 importante evitar v\u00e1rios banhos em um \u00fanico dia, sob o risco de perda da barreira natural da pele e hipersensibilidade. Al\u00e9m disso, <strong>o pH deve ser mantido equilibrado<\/strong> atrav\u00e9s do uso de t\u00f4nicos e sab\u00e3o especial.<\/p>\n<p>Outra forma de manter sua pele saud\u00e1vel \u00e9 <strong>utilizar filtro solar<\/strong> \u2013 fator 15 a 30, no dia-a-dia e de 30 a 50 na praia. Esse cuidado impede a a\u00e7\u00e3o dos raios ultravioletas do sol e tamb\u00e9m de alguns tipos de l\u00e2mpadas.<\/p>\n","protected":false},"excerpt":{"rendered":"<p><small> 1 minuto<\/small> Acnes, manchas ou melasmas, eczemas, ros\u00e1ceas e urtic\u00e1rias. Estas doen\u00e7as, muito comuns na vida de homens, mulheres e especialmente crian\u00e7as, n\u00e3o t\u00eam \u00e9poca do ano para aparecerem. Em \u00e9pocas de frio, s\u00e3o comuns problemas ligados \u00e0 secura da pele, enquanto o calor provoca um descontrole da oleosidade. Assim, o melhor a se fazer \u00e9 educar o corpo, de forma que ele se habitue aos nossos h\u00e1bitos de vida ou a fatores como o frio, o calor e a polui\u00e7\u00e3o. Todos os tipos <a href=\"https:\/\/www.dravivianloureiro.com.br\/blog\/uma-pele-saudavel-e-reflexo-de-uma-vida-equilibrada\/\" class=\"more-link\"><span>Continue lendo<\/span>\u2192<\/a><\/p>\n","protected":false},"author":1,"featured_media":4264,"comment_status":"open","ping_status":"open","sticky":false,"template":"","format":"standard","meta":[],"categories":[322,380,398,363,368,378,401,365],"tags":[399,400,402,403],"yoast_head":"<!-- This site is optimized with the Yoast SEO plugin v20.6 - https:\/\/yoast.com\/wordpress\/plugins\/seo\/ -->\n<title>Uma pele saud\u00e1vel \u00e9 reflexo de uma vida equilibrada<\/title>\n<meta name=\"description\" content=\"Acnes, manchas, eczemas, ros\u00e1ceas e urtic\u00e1rias. S\u00e3o doen\u00e7as comuns na vida de homens, mulheres e crian\u00e7as. Veja dicas e mantenha a pele saud\u00e1vel o ano todo.\" \/>\n<meta name=\"robots\" content=\"index, follow, max-snippet:-1, max-image-preview:large, max-video-preview:-1\" \/>\n<link rel=\"canonical\" href=\"https:\/\/www.dravivianloureiro.com.br\/blog\/uma-pele-saudavel-e-reflexo-de-uma-vida-equilibrada\/\" \/>\n<meta property=\"og:locale\" content=\"pt_BR\" \/>\n<meta property=\"og:type\" content=\"article\" \/>\n<meta property=\"og:title\" content=\"Uma pele saud\u00e1vel \u00e9 reflexo de uma vida equilibrada\" \/>\n<meta property=\"og:description\" content=\"Acnes, manchas, eczemas, ros\u00e1ceas e urtic\u00e1rias. S\u00e3o doen\u00e7as comuns na vida de homens, mulheres e crian\u00e7as. Veja dicas e mantenha a pele saud\u00e1vel o ano todo.\" \/>\n<meta property=\"og:url\" content=\"https:\/\/www.dravivianloureiro.com.br\/blog\/uma-pele-saudavel-e-reflexo-de-uma-vida-equilibrada\/\" \/>\n<meta property=\"og:site_name\" content=\"Dra. Vivian Loureiro\" \/>\n<meta property=\"article:publisher\" content=\"https:\/\/pt-br.facebook.com\/vivianloureirodermatologia\/\" \/>\n<meta property=\"article:author\" content=\"https:\/\/pt-br.facebook.com\/vivianloureirodermatologia\/\" \/>\n<meta property=\"article:published_time\" content=\"2011-10-28T12:16:32+00:00\" \/>\n<meta name=\"author\" content=\"Vivian Loureiro\" \/>\n<meta name=\"twitter:card\" content=\"summary_large_image\" \/>\n<meta name=\"twitter:label1\" content=\"Escrito por\" \/>\n\t<meta name=\"twitter:data1\" content=\"Vivian Loureiro\" \/>\n\t<meta name=\"twitter:label2\" content=\"Est. tempo de leitura\" \/>\n\t<meta name=\"twitter:data2\" content=\"1 minuto\" \/>\n<script type=\"application\/ld+json\" class=\"yoast-schema-graph\">{\"@context\":\"https:\/\/schema.org\",\"@graph\":[{\"@type\":\"Article\",\"@id\":\"https:\/\/www.dravivianloureiro.com.br\/blog\/uma-pele-saudavel-e-reflexo-de-uma-vida-equilibrada\/#article\",\"isPartOf\":{\"@id\":\"https:\/\/www.dravivianloureiro.com.br\/blog\/uma-pele-saudavel-e-reflexo-de-uma-vida-equilibrada\/\"},\"author\":{\"name\":\"Vivian Loureiro\",\"@id\":\"https:\/\/www.dravivianloureiro.com.br\/blog\/#\/schema\/person\/f6272c0e48dae4364ef626c598c5cb84\"},\"headline\":\"Uma pele saud\u00e1vel \u00e9 reflexo de uma vida equilibrada\",\"datePublished\":\"2011-10-28T12:16:32+00:00\",\"dateModified\":\"2011-10-28T12:16:32+00:00\",\"mainEntityOfPage\":{\"@id\":\"https:\/\/www.dravivianloureiro.com.br\/blog\/uma-pele-saudavel-e-reflexo-de-uma-vida-equilibrada\/\"},\"wordCount\":227,\"commentCount\":0,\"publisher\":{\"@id\":\"https:\/\/www.dravivianloureiro.com.br\/blog\/#organization\"},\"keywords\":[\"pele saudavel\",\"pele saud\u00e1vel por mais tempo\",\"saude da pele de crian\u00e7as\",\"saude da pele masculina\"],\"articleSection\":[\"Acne\",\"Alergias\",\"Dermatites\",\"Dicas\",\"Est\u00e9ticos\",\"Prote\u00e7\u00e3o Solar\",\"Ros\u00e1cea\",\"Terap\u00eauticos\"],\"inLanguage\":\"pt-BR\",\"potentialAction\":[{\"@type\":\"CommentAction\",\"name\":\"Comment\",\"target\":[\"https:\/\/www.dravivianloureiro.com.br\/blog\/uma-pele-saudavel-e-reflexo-de-uma-vida-equilibrada\/#respond\"]}]},{\"@type\":\"WebPage\",\"@id\":\"https:\/\/www.dravivianloureiro.com.br\/blog\/uma-pele-saudavel-e-reflexo-de-uma-vida-equilibrada\/\",\"url\":\"https:\/\/www.dravivianloureiro.com.br\/blog\/uma-pele-saudavel-e-reflexo-de-uma-vida-equilibrada\/\",\"name\":\"Uma pele saud\u00e1vel \u00e9 reflexo de uma vida equilibrada\",\"isPartOf\":{\"@id\":\"https:\/\/www.dravivianloureiro.com.br\/blog\/#website\"},\"datePublished\":\"2011-10-28T12:16:32+00:00\",\"dateModified\":\"2011-10-28T12:16:32+00:00\",\"description\":\"Acnes, manchas, eczemas, ros\u00e1ceas e urtic\u00e1rias. S\u00e3o doen\u00e7as comuns na vida de homens, mulheres e crian\u00e7as. Veja dicas e mantenha a pele saud\u00e1vel o ano todo.\",\"breadcrumb\":{\"@id\":\"https:\/\/www.dravivianloureiro.com.br\/blog\/uma-pele-saudavel-e-reflexo-de-uma-vida-equilibrada\/#breadcrumb\"},\"inLanguage\":\"pt-BR\",\"potentialAction\":[{\"@type\":\"ReadAction\",\"target\":[\"https:\/\/www.dravivianloureiro.com.br\/blog\/uma-pele-saudavel-e-reflexo-de-uma-vida-equilibrada\/\"]}]},{\"@type\":\"BreadcrumbList\",\"@id\":\"https:\/\/www.dravivianloureiro.com.br\/blog\/uma-pele-saudavel-e-reflexo-de-uma-vida-equilibrada\/#breadcrumb\",\"itemListElement\":[{\"@type\":\"ListItem\",\"position\":1,\"name\":\"In\u00edcio\",\"item\":\"https:\/\/www.dravivianloureiro.com.br\/blog\/\"},{\"@type\":\"ListItem\",\"position\":2,\"name\":\"Uma pele saud\u00e1vel \u00e9 reflexo de uma vida equilibrada\"}]},{\"@type\":\"WebSite\",\"@id\":\"https:\/\/www.dravivianloureiro.com.br\/blog\/#website\",\"url\":\"https:\/\/www.dravivianloureiro.com.br\/blog\/\",\"name\":\"Dermatologista Vivian Loureiro\",\"description\":\"\",\"publisher\":{\"@id\":\"https:\/\/www.dravivianloureiro.com.br\/blog\/#organization\"},\"potentialAction\":[{\"@type\":\"SearchAction\",\"target\":{\"@type\":\"EntryPoint\",\"urlTemplate\":\"https:\/\/www.dravivianloureiro.com.br\/blog\/?s={search_term_string}\"},\"query-input\":\"required name=search_term_string\"}],\"inLanguage\":\"pt-BR\"},{\"@type\":\"Organization\",\"@id\":\"https:\/\/www.dravivianloureiro.com.br\/blog\/#organization\",\"name\":\"Dra. Vivian Loureiro - Dermatologista Em S\u00e3o Paulo\",\"url\":\"https:\/\/www.dravivianloureiro.com.br\/blog\/\",\"logo\":{\"@type\":\"ImageObject\",\"inLanguage\":\"pt-BR\",\"@id\":\"https:\/\/www.dravivianloureiro.com.br\/blog\/#\/schema\/logo\/image\/\",\"url\":\"https:\/\/www.dravivianloureiro.com.br\/blog\/wp-content\/uploads\/2018\/08\/favicon.jpg\",\"contentUrl\":\"https:\/\/www.dravivianloureiro.com.br\/blog\/wp-content\/uploads\/2018\/08\/favicon.jpg\",\"width\":112,\"height\":112,\"caption\":\"Dra. Vivian Loureiro - Dermatologista Em S\u00e3o Paulo\"},\"image\":{\"@id\":\"https:\/\/www.dravivianloureiro.com.br\/blog\/#\/schema\/logo\/image\/\"},\"sameAs\":[\"https:\/\/pt-br.facebook.com\/vivianloureirodermatologia\/\",\"https:\/\/www.instagram.com\/vivianloureirodermatologia\/\",\"https:\/\/www.linkedin.com\/in\/vivian-barzi-loureiro-a6412887\/\"]},{\"@type\":\"Person\",\"@id\":\"https:\/\/www.dravivianloureiro.com.br\/blog\/#\/schema\/person\/f6272c0e48dae4364ef626c598c5cb84\",\"name\":\"Vivian Loureiro\",\"image\":{\"@type\":\"ImageObject\",\"inLanguage\":\"pt-BR\",\"@id\":\"https:\/\/www.dravivianloureiro.com.br\/blog\/#\/schema\/person\/image\/\",\"url\":\"https:\/\/secure.gravatar.com\/avatar\/8ee2b0fae98657240c77e822ae139ad3?s=96&d=wp_user_avatar&r=g\",\"contentUrl\":\"https:\/\/secure.gravatar.com\/avatar\/8ee2b0fae98657240c77e822ae139ad3?s=96&d=wp_user_avatar&r=g\",\"caption\":\"Vivian Loureiro\"},\"description\":\"M\u00e9dica formada pela Universidade de S\u00e3o Paulo (USP). Realizou resid\u00eancia m\u00e9dica em Dermatologia e complementa\u00e7\u00e3o em Cosmiatria e Laser pelo departamento de Dermatologia do Hospital das Cl\u00ednicas da Faculdade de Medicina da Universidade de S\u00e3o Paulo (USP). Possui t\u00edtulo de especialista em Dermatologia. \u00c9 membro da Sociedade Brasileira de Dermatologia (SBD) e Sociedade Brasileira de Cirurgia Dermatol\u00f3gica (SBCD) e m\u00e9dica do grupo Fleury. Atua nas \u00e1reas de Dermatologia Cl\u00ednica, Cir\u00fargica, Pedi\u00e1trica e Est\u00e9tica. Frequenta e palestra nos principais cursos e congressos de dermatologia, nacionais e internacionais, a fim de se manter em constante atualiza\u00e7\u00e3o.\",\"sameAs\":[\"https:\/\/www.dravivianloureiro.com.br\/\",\"https:\/\/pt-br.facebook.com\/vivianloureirodermatologia\/\",\"https:\/\/www.instagram.com\/vivianloureirodermatologia\/\",\"https:\/\/www.linkedin.com\/in\/vivian-barzi-loureiro-a6412887\/\"]}]}<\/script>\n<!-- \/ Yoast SEO plugin. -->","yoast_head_json":{"title":"Uma pele saud\u00e1vel \u00e9 reflexo de uma vida equilibrada","description":"Acnes, manchas, eczemas, ros\u00e1ceas e urtic\u00e1rias. S\u00e3o doen\u00e7as comuns na vida de homens, mulheres e crian\u00e7as. Veja dicas e mantenha a pele saud\u00e1vel o ano todo.","robots":{"index":"index","follow":"follow","max-snippet":"max-snippet:-1","max-image-preview":"max-image-preview:large","max-video-preview":"max-video-preview:-1"},"canonical":"https:\/\/www.dravivianloureiro.com.br\/blog\/uma-pele-saudavel-e-reflexo-de-uma-vida-equilibrada\/","og_locale":"pt_BR","og_type":"article","og_title":"Uma pele saud\u00e1vel \u00e9 reflexo de uma vida equilibrada","og_description":"Acnes, manchas, eczemas, ros\u00e1ceas e urtic\u00e1rias. S\u00e3o doen\u00e7as comuns na vida de homens, mulheres e crian\u00e7as. Veja dicas e mantenha a pele saud\u00e1vel o ano todo.","og_url":"https:\/\/www.dravivianloureiro.com.br\/blog\/uma-pele-saudavel-e-reflexo-de-uma-vida-equilibrada\/","og_site_name":"Dra. Vivian Loureiro","article_publisher":"https:\/\/pt-br.facebook.com\/vivianloureirodermatologia\/","article_author":"https:\/\/pt-br.facebook.com\/vivianloureirodermatologia\/","article_published_time":"2011-10-28T12:16:32+00:00","author":"Vivian Loureiro","twitter_card":"summary_large_image","twitter_misc":{"Escrito por":"Vivian Loureiro","Est. tempo de leitura":"1 minuto"},"schema":{"@context":"https:\/\/schema.org","@graph":[{"@type":"Article","@id":"https:\/\/www.dravivianloureiro.com.br\/blog\/uma-pele-saudavel-e-reflexo-de-uma-vida-equilibrada\/#article","isPartOf":{"@id":"https:\/\/www.dravivianloureiro.com.br\/blog\/uma-pele-saudavel-e-reflexo-de-uma-vida-equilibrada\/"},"author":{"name":"Vivian Loureiro","@id":"https:\/\/www.dravivianloureiro.com.br\/blog\/#\/schema\/person\/f6272c0e48dae4364ef626c598c5cb84"},"headline":"Uma pele saud\u00e1vel \u00e9 reflexo de uma vida equilibrada","datePublished":"2011-10-28T12:16:32+00:00","dateModified":"2011-10-28T12:16:32+00:00","mainEntityOfPage":{"@id":"https:\/\/www.dravivianloureiro.com.br\/blog\/uma-pele-saudavel-e-reflexo-de-uma-vida-equilibrada\/"},"wordCount":227,"commentCount":0,"publisher":{"@id":"https:\/\/www.dravivianloureiro.com.br\/blog\/#organization"},"keywords":["pele saudavel","pele saud\u00e1vel por mais tempo","saude da pele de crian\u00e7as","saude da pele masculina"],"articleSection":["Acne","Alergias","Dermatites","Dicas","Est\u00e9ticos","Prote\u00e7\u00e3o Solar","Ros\u00e1cea","Terap\u00eauticos"],"inLanguage":"pt-BR","potentialAction":[{"@type":"CommentAction","name":"Comment","target":["https:\/\/www.dravivianloureiro.com.br\/blog\/uma-pele-saudavel-e-reflexo-de-uma-vida-equilibrada\/#respond"]}]},{"@type":"WebPage","@id":"https:\/\/www.dravivianloureiro.com.br\/blog\/uma-pele-saudavel-e-reflexo-de-uma-vida-equilibrada\/","url":"https:\/\/www.dravivianloureiro.com.br\/blog\/uma-pele-saudavel-e-reflexo-de-uma-vida-equilibrada\/","name":"Uma pele saud\u00e1vel \u00e9 reflexo de uma vida equilibrada","isPartOf":{"@id":"https:\/\/www.dravivianloureiro.com.br\/blog\/#website"},"datePublished":"2011-10-28T12:16:32+00:00","dateModified":"2011-10-28T12:16:32+00:00","description":"Acnes, manchas, eczemas, ros\u00e1ceas e urtic\u00e1rias. S\u00e3o doen\u00e7as comuns na vida de homens, mulheres e crian\u00e7as. Veja dicas e mantenha a pele saud\u00e1vel o ano todo.","breadcrumb":{"@id":"https:\/\/www.dravivianloureiro.com.br\/blog\/uma-pele-saudavel-e-reflexo-de-uma-vida-equilibrada\/#breadcrumb"},"inLanguage":"pt-BR","potentialAction":[{"@type":"ReadAction","target":["https:\/\/www.dravivianloureiro.com.br\/blog\/uma-pele-saudavel-e-reflexo-de-uma-vida-equilibrada\/"]}]},{"@type":"BreadcrumbList","@id":"https:\/\/www.dravivianloureiro.com.br\/blog\/uma-pele-saudavel-e-reflexo-de-uma-vida-equilibrada\/#breadcrumb","itemListElement":[{"@type":"ListItem","position":1,"name":"In\u00edcio","item":"https:\/\/www.dravivianloureiro.com.br\/blog\/"},{"@type":"ListItem","position":2,"name":"Uma pele saud\u00e1vel \u00e9 reflexo de uma vida equilibrada"}]},{"@type":"WebSite","@id":"https:\/\/www.dravivianloureiro.com.br\/blog\/#website","url":"https:\/\/www.dravivianloureiro.com.br\/blog\/","name":"Dermatologista Vivian Loureiro","description":"","publisher":{"@id":"https:\/\/www.dravivianloureiro.com.br\/blog\/#organization"},"potentialAction":[{"@type":"SearchAction","target":{"@type":"EntryPoint","urlTemplate":"https:\/\/www.dravivianloureiro.com.br\/blog\/?s={search_term_string}"},"query-input":"required name=search_term_string"}],"inLanguage":"pt-BR"},{"@type":"Organization","@id":"https:\/\/www.dravivianloureiro.com.br\/blog\/#organization","name":"Dra. Vivian Loureiro - Dermatologista Em S\u00e3o Paulo","url":"https:\/\/www.dravivianloureiro.com.br\/blog\/","logo":{"@type":"ImageObject","inLanguage":"pt-BR","@id":"https:\/\/www.dravivianloureiro.com.br\/blog\/#\/schema\/logo\/image\/","url":"https:\/\/www.dravivianloureiro.com.br\/blog\/wp-content\/uploads\/2018\/08\/favicon.jpg","contentUrl":"https:\/\/www.dravivianloureiro.com.br\/blog\/wp-content\/uploads\/2018\/08\/favicon.jpg","width":112,"height":112,"caption":"Dra. Vivian Loureiro - Dermatologista Em S\u00e3o Paulo"},"image":{"@id":"https:\/\/www.dravivianloureiro.com.br\/blog\/#\/schema\/logo\/image\/"},"sameAs":["https:\/\/pt-br.facebook.com\/vivianloureirodermatologia\/","https:\/\/www.instagram.com\/vivianloureirodermatologia\/","https:\/\/www.linkedin.com\/in\/vivian-barzi-loureiro-a6412887\/"]},{"@type":"Person","@id":"https:\/\/www.dravivianloureiro.com.br\/blog\/#\/schema\/person\/f6272c0e48dae4364ef626c598c5cb84","name":"Vivian Loureiro","image":{"@type":"ImageObject","inLanguage":"pt-BR","@id":"https:\/\/www.dravivianloureiro.com.br\/blog\/#\/schema\/person\/image\/","url":"https:\/\/secure.gravatar.com\/avatar\/8ee2b0fae98657240c77e822ae139ad3?s=96&d=wp_user_avatar&r=g","contentUrl":"https:\/\/secure.gravatar.com\/avatar\/8ee2b0fae98657240c77e822ae139ad3?s=96&d=wp_user_avatar&r=g","caption":"Vivian Loureiro"},"description":"M\u00e9dica formada pela Universidade de S\u00e3o Paulo (USP). Realizou resid\u00eancia m\u00e9dica em Dermatologia e complementa\u00e7\u00e3o em Cosmiatria e Laser pelo departamento de Dermatologia do Hospital das Cl\u00ednicas da Faculdade de Medicina da Universidade de S\u00e3o Paulo (USP). Possui t\u00edtulo de especialista em Dermatologia. \u00c9 membro da Sociedade Brasileira de Dermatologia (SBD) e Sociedade Brasileira de Cirurgia Dermatol\u00f3gica (SBCD) e m\u00e9dica do grupo Fleury. Atua nas \u00e1reas de Dermatologia Cl\u00ednica, Cir\u00fargica, Pedi\u00e1trica e Est\u00e9tica. Frequenta e palestra nos principais cursos e congressos de dermatologia, nacionais e internacionais, a fim de se manter em constante atualiza\u00e7\u00e3o.","sameAs":["https:\/\/www.dravivianloureiro.com.br\/","https:\/\/pt-br.facebook.com\/vivianloureirodermatologia\/","https:\/\/www.instagram.com\/vivianloureirodermatologia\/","https:\/\/www.linkedin.com\/in\/vivian-barzi-loureiro-a6412887\/"]}]}},"amp_enabled":true,"_links":{"self":[{"href":"https:\/\/www.dravivianloureiro.com.br\/blog\/wp-json\/wp\/v2\/posts\/27"}],"collection":[{"href":"https:\/\/www.dravivianloureiro.com.br\/blog\/wp-json\/wp\/v2\/posts"}],"about":[{"href":"https:\/\/www.dravivianloureiro.com.br\/blog\/wp-json\/wp\/v2\/types\/post"}],"author":[{"embeddable":true,"href":"https:\/\/www.dravivianloureiro.com.br\/blog\/wp-json\/wp\/v2\/users\/1"}],"replies":[{"embeddable":true,"href":"https:\/\/www.dravivianloureiro.com.br\/blog\/wp-json\/wp\/v2\/comments?post=27"}],"version-history":[{"count":0,"href":"https:\/\/www.dravivianloureiro.com.br\/blog\/wp-json\/wp\/v2\/posts\/27\/revisions"}],"wp:featuredmedia":[{"embeddable":true,"href":"https:\/\/www.dravivianloureiro.com.br\/blog\/wp-json\/"}],"wp:attachment":[{"href":"https:\/\/www.dravivianloureiro.com.br\/blog\/wp-json\/wp\/v2\/media?parent=27"}],"wp:term":[{"taxonomy":"category","embeddable":true,"href":"https:\/\/www.dravivianloureiro.com.br\/blog\/wp-json\/wp\/v2\/categories?post=27"},{"taxonomy":"post_tag","embeddable":true,"href":"https:\/\/www.dravivianloureiro.com.br\/blog\/wp-json\/wp\/v2\/tags?post=27"}],"curies":[{"name":"wp","href":"https:\/\/api.w.org\/{rel}","templated":true}]}}