{"id":245,"date":"2012-12-03T16:58:56","date_gmt":"2012-12-03T16:58:56","guid":{"rendered":"http:\/\/www.gabrielacasabona.com.br\/blog\/?p=245"},"modified":"2012-12-03T16:58:56","modified_gmt":"2012-12-03T16:58:56","slug":"qual-e-a-melhor-forma-de-prevenir-pelos-encravados","status":"publish","type":"post","link":"https:\/\/www.dravivianloureiro.com.br\/blog\/qual-e-a-melhor-forma-de-prevenir-pelos-encravados\/","title":{"rendered":"Qual \u00e9 a melhor forma de prevenir pelos encravados?"},"content":{"rendered":"<p class=\"estimated-read-time\">Tempo de leitura:<small> menos de 1 minuto<\/small><\/p> <p>A principal precau\u00e7\u00e3o para evitar esse inc\u00f4modo \u00e9 fazer esfolia\u00e7\u00e3o alguns dias antes da depila\u00e7\u00e3o.<br \/>\nQuando perceber que os pelos est\u00e3o nascendo de novo, repita a esfolia\u00e7\u00e3o por tr\u00eas dias seguidos.<\/p>\n<p>O processo deixa a pele mais preparada e fina, o que facilita a sa\u00edda do pelo e evita que ele fique encravado.<br \/>\nPara um efeito melhor, prefira um creme esfoliante a uma bucha vegetal.<\/p>\n","protected":false},"excerpt":{"rendered":"<p><small> menos de 1 minuto<\/small> A principal precau\u00e7\u00e3o para evitar esse inc\u00f4modo \u00e9 fazer esfolia\u00e7\u00e3o alguns dias antes da depila\u00e7\u00e3o. Quando perceber que os pelos est\u00e3o nascendo de novo, repita a esfolia\u00e7\u00e3o por tr\u00eas dias seguidos. O processo deixa a pele mais preparada e fina, o que facilita a sa\u00edda do pelo e evita que ele fique encravado. Para um efeito melhor, prefira um creme esfoliante a uma bucha vegetal.<\/p>\n","protected":false},"author":1,"featured_media":4309,"comment_status":"open","ping_status":"open","sticky":false,"template":"","format":"standard","meta":[],"categories":[363,368],"tags":[454,488,489],"yoast_head":"<!-- This site is optimized with the Yoast SEO plugin v20.6 - https:\/\/yoast.com\/wordpress\/plugins\/seo\/ -->\n<title>Como evitar Pelo Encravado? Beauty Beyond Skin Dermatologia Tridimensional Especializada em Cabelo e Pelo Encravado<\/title>\n<meta name=\"description\" content=\"Quando perceber que os pelos est\u00e3o nascendo, repita esfolia\u00e7\u00e3o por 3 dias seguidos O processo deixa a pele mais preparada e fina facilitando a sa\u00edda do pelo. Dra Gabriela Casabona \u00e9 Dermatologista Especialista em Pelo Encravado em S\u00e3o Paulo - tel: +55 11 3668-5910 - R. Dr Veiga Filho, 350 \u2013 1 andar Higien\u00f3polis.\" \/>\n<meta name=\"robots\" content=\"index, follow, max-snippet:-1, max-image-preview:large, max-video-preview:-1\" \/>\n<link rel=\"canonical\" href=\"https:\/\/www.dravivianloureiro.com.br\/blog\/qual-e-a-melhor-forma-de-prevenir-pelos-encravados\/\" \/>\n<meta property=\"og:locale\" content=\"pt_BR\" \/>\n<meta property=\"og:type\" content=\"article\" \/>\n<meta property=\"og:title\" content=\"Como evitar Pelo Encravado? Beauty Beyond Skin Dermatologia Tridimensional Especializada em Cabelo e Pelo Encravado\" \/>\n<meta property=\"og:description\" content=\"Quando perceber que os pelos est\u00e3o nascendo, repita esfolia\u00e7\u00e3o por 3 dias seguidos O processo deixa a pele mais preparada e fina facilitando a sa\u00edda do pelo. Dra Gabriela Casabona \u00e9 Dermatologista Especialista em Pelo Encravado em S\u00e3o Paulo - tel: +55 11 3668-5910 - R. Dr Veiga Filho, 350 \u2013 1 andar Higien\u00f3polis.\" \/>\n<meta property=\"og:url\" content=\"https:\/\/www.dravivianloureiro.com.br\/blog\/qual-e-a-melhor-forma-de-prevenir-pelos-encravados\/\" \/>\n<meta property=\"og:site_name\" content=\"Dra. Vivian Loureiro\" \/>\n<meta property=\"article:publisher\" content=\"https:\/\/pt-br.facebook.com\/vivianloureirodermatologia\/\" \/>\n<meta property=\"article:author\" content=\"https:\/\/pt-br.facebook.com\/vivianloureirodermatologia\/\" \/>\n<meta property=\"article:published_time\" content=\"2012-12-03T16:58:56+00:00\" \/>\n<meta name=\"author\" content=\"Vivian Loureiro\" \/>\n<meta name=\"twitter:card\" content=\"summary_large_image\" \/>\n<meta name=\"twitter:label1\" content=\"Escrito por\" \/>\n\t<meta name=\"twitter:data1\" content=\"Vivian Loureiro\" \/>\n<script type=\"application\/ld+json\" class=\"yoast-schema-graph\">{\"@context\":\"https:\/\/schema.org\",\"@graph\":[{\"@type\":\"Article\",\"@id\":\"https:\/\/www.dravivianloureiro.com.br\/blog\/qual-e-a-melhor-forma-de-prevenir-pelos-encravados\/#article\",\"isPartOf\":{\"@id\":\"https:\/\/www.dravivianloureiro.com.br\/blog\/qual-e-a-melhor-forma-de-prevenir-pelos-encravados\/\"},\"author\":{\"name\":\"Vivian Loureiro\",\"@id\":\"https:\/\/www.dravivianloureiro.com.br\/blog\/#\/schema\/person\/f6272c0e48dae4364ef626c598c5cb84\"},\"headline\":\"Qual \u00e9 a melhor forma de prevenir pelos encravados?\",\"datePublished\":\"2012-12-03T16:58:56+00:00\",\"dateModified\":\"2012-12-03T16:58:56+00:00\",\"mainEntityOfPage\":{\"@id\":\"https:\/\/www.dravivianloureiro.com.br\/blog\/qual-e-a-melhor-forma-de-prevenir-pelos-encravados\/\"},\"wordCount\":80,\"commentCount\":0,\"publisher\":{\"@id\":\"https:\/\/www.dravivianloureiro.com.br\/blog\/#organization\"},\"keywords\":[\"esfolia\u00e7\u00e3o\",\"pelos\",\"pelos encravados\"],\"articleSection\":[\"Dicas\",\"Est\u00e9ticos\"],\"inLanguage\":\"pt-BR\",\"potentialAction\":[{\"@type\":\"CommentAction\",\"name\":\"Comment\",\"target\":[\"https:\/\/www.dravivianloureiro.com.br\/blog\/qual-e-a-melhor-forma-de-prevenir-pelos-encravados\/#respond\"]}]},{\"@type\":\"WebPage\",\"@id\":\"https:\/\/www.dravivianloureiro.com.br\/blog\/qual-e-a-melhor-forma-de-prevenir-pelos-encravados\/\",\"url\":\"https:\/\/www.dravivianloureiro.com.br\/blog\/qual-e-a-melhor-forma-de-prevenir-pelos-encravados\/\",\"name\":\"Como evitar Pelo Encravado? Beauty Beyond Skin Dermatologia Tridimensional Especializada em Cabelo e Pelo Encravado\",\"isPartOf\":{\"@id\":\"https:\/\/www.dravivianloureiro.com.br\/blog\/#website\"},\"datePublished\":\"2012-12-03T16:58:56+00:00\",\"dateModified\":\"2012-12-03T16:58:56+00:00\",\"description\":\"Quando perceber que os pelos est\u00e3o nascendo, repita esfolia\u00e7\u00e3o por 3 dias seguidos O processo deixa a pele mais preparada e fina facilitando a sa\u00edda do pelo. Dra Gabriela Casabona \u00e9 Dermatologista Especialista em Pelo Encravado em S\u00e3o Paulo - tel: +55 11 3668-5910 - R. Dr Veiga Filho, 350 \u2013 1 andar Higien\u00f3polis.\",\"breadcrumb\":{\"@id\":\"https:\/\/www.dravivianloureiro.com.br\/blog\/qual-e-a-melhor-forma-de-prevenir-pelos-encravados\/#breadcrumb\"},\"inLanguage\":\"pt-BR\",\"potentialAction\":[{\"@type\":\"ReadAction\",\"target\":[\"https:\/\/www.dravivianloureiro.com.br\/blog\/qual-e-a-melhor-forma-de-prevenir-pelos-encravados\/\"]}]},{\"@type\":\"BreadcrumbList\",\"@id\":\"https:\/\/www.dravivianloureiro.com.br\/blog\/qual-e-a-melhor-forma-de-prevenir-pelos-encravados\/#breadcrumb\",\"itemListElement\":[{\"@type\":\"ListItem\",\"position\":1,\"name\":\"In\u00edcio\",\"item\":\"https:\/\/www.dravivianloureiro.com.br\/blog\/\"},{\"@type\":\"ListItem\",\"position\":2,\"name\":\"Qual \u00e9 a melhor forma de prevenir pelos encravados?\"}]},{\"@type\":\"WebSite\",\"@id\":\"https:\/\/www.dravivianloureiro.com.br\/blog\/#website\",\"url\":\"https:\/\/www.dravivianloureiro.com.br\/blog\/\",\"name\":\"Dermatologista Vivian Loureiro\",\"description\":\"\",\"publisher\":{\"@id\":\"https:\/\/www.dravivianloureiro.com.br\/blog\/#organization\"},\"potentialAction\":[{\"@type\":\"SearchAction\",\"target\":{\"@type\":\"EntryPoint\",\"urlTemplate\":\"https:\/\/www.dravivianloureiro.com.br\/blog\/?s={search_term_string}\"},\"query-input\":\"required name=search_term_string\"}],\"inLanguage\":\"pt-BR\"},{\"@type\":\"Organization\",\"@id\":\"https:\/\/www.dravivianloureiro.com.br\/blog\/#organization\",\"name\":\"Dra. Vivian Loureiro - Dermatologista Em S\u00e3o Paulo\",\"url\":\"https:\/\/www.dravivianloureiro.com.br\/blog\/\",\"logo\":{\"@type\":\"ImageObject\",\"inLanguage\":\"pt-BR\",\"@id\":\"https:\/\/www.dravivianloureiro.com.br\/blog\/#\/schema\/logo\/image\/\",\"url\":\"https:\/\/www.dravivianloureiro.com.br\/blog\/wp-content\/uploads\/2018\/08\/favicon.jpg\",\"contentUrl\":\"https:\/\/www.dravivianloureiro.com.br\/blog\/wp-content\/uploads\/2018\/08\/favicon.jpg\",\"width\":112,\"height\":112,\"caption\":\"Dra. Vivian Loureiro - Dermatologista Em S\u00e3o Paulo\"},\"image\":{\"@id\":\"https:\/\/www.dravivianloureiro.com.br\/blog\/#\/schema\/logo\/image\/\"},\"sameAs\":[\"https:\/\/pt-br.facebook.com\/vivianloureirodermatologia\/\",\"https:\/\/www.instagram.com\/vivianloureirodermatologia\/\",\"https:\/\/www.linkedin.com\/in\/vivian-barzi-loureiro-a6412887\/\"]},{\"@type\":\"Person\",\"@id\":\"https:\/\/www.dravivianloureiro.com.br\/blog\/#\/schema\/person\/f6272c0e48dae4364ef626c598c5cb84\",\"name\":\"Vivian Loureiro\",\"image\":{\"@type\":\"ImageObject\",\"inLanguage\":\"pt-BR\",\"@id\":\"https:\/\/www.dravivianloureiro.com.br\/blog\/#\/schema\/person\/image\/\",\"url\":\"https:\/\/secure.gravatar.com\/avatar\/8ee2b0fae98657240c77e822ae139ad3?s=96&d=wp_user_avatar&r=g\",\"contentUrl\":\"https:\/\/secure.gravatar.com\/avatar\/8ee2b0fae98657240c77e822ae139ad3?s=96&d=wp_user_avatar&r=g\",\"caption\":\"Vivian Loureiro\"},\"description\":\"M\u00e9dica formada pela Universidade de S\u00e3o Paulo (USP). Realizou resid\u00eancia m\u00e9dica em Dermatologia e complementa\u00e7\u00e3o em Cosmiatria e Laser pelo departamento de Dermatologia do Hospital das Cl\u00ednicas da Faculdade de Medicina da Universidade de S\u00e3o Paulo (USP). Possui t\u00edtulo de especialista em Dermatologia. \u00c9 membro da Sociedade Brasileira de Dermatologia (SBD) e Sociedade Brasileira de Cirurgia Dermatol\u00f3gica (SBCD) e m\u00e9dica do grupo Fleury. Atua nas \u00e1reas de Dermatologia Cl\u00ednica, Cir\u00fargica, Pedi\u00e1trica e Est\u00e9tica. Frequenta e palestra nos principais cursos e congressos de dermatologia, nacionais e internacionais, a fim de se manter em constante atualiza\u00e7\u00e3o.\",\"sameAs\":[\"https:\/\/www.dravivianloureiro.com.br\/\",\"https:\/\/pt-br.facebook.com\/vivianloureirodermatologia\/\",\"https:\/\/www.instagram.com\/vivianloureirodermatologia\/\",\"https:\/\/www.linkedin.com\/in\/vivian-barzi-loureiro-a6412887\/\"]}]}<\/script>\n<!-- \/ Yoast SEO plugin. -->","yoast_head_json":{"title":"Como evitar Pelo Encravado? Beauty Beyond Skin Dermatologia Tridimensional Especializada em Cabelo e Pelo Encravado","description":"Quando perceber que os pelos est\u00e3o nascendo, repita esfolia\u00e7\u00e3o por 3 dias seguidos O processo deixa a pele mais preparada e fina facilitando a sa\u00edda do pelo. Dra Gabriela Casabona \u00e9 Dermatologista Especialista em Pelo Encravado em S\u00e3o Paulo - tel: +55 11 3668-5910 - R. Dr Veiga Filho, 350 \u2013 1 andar Higien\u00f3polis.","robots":{"index":"index","follow":"follow","max-snippet":"max-snippet:-1","max-image-preview":"max-image-preview:large","max-video-preview":"max-video-preview:-1"},"canonical":"https:\/\/www.dravivianloureiro.com.br\/blog\/qual-e-a-melhor-forma-de-prevenir-pelos-encravados\/","og_locale":"pt_BR","og_type":"article","og_title":"Como evitar Pelo Encravado? Beauty Beyond Skin Dermatologia Tridimensional Especializada em Cabelo e Pelo Encravado","og_description":"Quando perceber que os pelos est\u00e3o nascendo, repita esfolia\u00e7\u00e3o por 3 dias seguidos O processo deixa a pele mais preparada e fina facilitando a sa\u00edda do pelo. Dra Gabriela Casabona \u00e9 Dermatologista Especialista em Pelo Encravado em S\u00e3o Paulo - tel: +55 11 3668-5910 - R. Dr Veiga Filho, 350 \u2013 1 andar Higien\u00f3polis.","og_url":"https:\/\/www.dravivianloureiro.com.br\/blog\/qual-e-a-melhor-forma-de-prevenir-pelos-encravados\/","og_site_name":"Dra. Vivian Loureiro","article_publisher":"https:\/\/pt-br.facebook.com\/vivianloureirodermatologia\/","article_author":"https:\/\/pt-br.facebook.com\/vivianloureirodermatologia\/","article_published_time":"2012-12-03T16:58:56+00:00","author":"Vivian Loureiro","twitter_card":"summary_large_image","twitter_misc":{"Escrito por":"Vivian Loureiro"},"schema":{"@context":"https:\/\/schema.org","@graph":[{"@type":"Article","@id":"https:\/\/www.dravivianloureiro.com.br\/blog\/qual-e-a-melhor-forma-de-prevenir-pelos-encravados\/#article","isPartOf":{"@id":"https:\/\/www.dravivianloureiro.com.br\/blog\/qual-e-a-melhor-forma-de-prevenir-pelos-encravados\/"},"author":{"name":"Vivian Loureiro","@id":"https:\/\/www.dravivianloureiro.com.br\/blog\/#\/schema\/person\/f6272c0e48dae4364ef626c598c5cb84"},"headline":"Qual \u00e9 a melhor forma de prevenir pelos encravados?","datePublished":"2012-12-03T16:58:56+00:00","dateModified":"2012-12-03T16:58:56+00:00","mainEntityOfPage":{"@id":"https:\/\/www.dravivianloureiro.com.br\/blog\/qual-e-a-melhor-forma-de-prevenir-pelos-encravados\/"},"wordCount":80,"commentCount":0,"publisher":{"@id":"https:\/\/www.dravivianloureiro.com.br\/blog\/#organization"},"keywords":["esfolia\u00e7\u00e3o","pelos","pelos encravados"],"articleSection":["Dicas","Est\u00e9ticos"],"inLanguage":"pt-BR","potentialAction":[{"@type":"CommentAction","name":"Comment","target":["https:\/\/www.dravivianloureiro.com.br\/blog\/qual-e-a-melhor-forma-de-prevenir-pelos-encravados\/#respond"]}]},{"@type":"WebPage","@id":"https:\/\/www.dravivianloureiro.com.br\/blog\/qual-e-a-melhor-forma-de-prevenir-pelos-encravados\/","url":"https:\/\/www.dravivianloureiro.com.br\/blog\/qual-e-a-melhor-forma-de-prevenir-pelos-encravados\/","name":"Como evitar Pelo Encravado? Beauty Beyond Skin Dermatologia Tridimensional Especializada em Cabelo e Pelo Encravado","isPartOf":{"@id":"https:\/\/www.dravivianloureiro.com.br\/blog\/#website"},"datePublished":"2012-12-03T16:58:56+00:00","dateModified":"2012-12-03T16:58:56+00:00","description":"Quando perceber que os pelos est\u00e3o nascendo, repita esfolia\u00e7\u00e3o por 3 dias seguidos O processo deixa a pele mais preparada e fina facilitando a sa\u00edda do pelo. Dra Gabriela Casabona \u00e9 Dermatologista Especialista em Pelo Encravado em S\u00e3o Paulo - tel: +55 11 3668-5910 - R. Dr Veiga Filho, 350 \u2013 1 andar Higien\u00f3polis.","breadcrumb":{"@id":"https:\/\/www.dravivianloureiro.com.br\/blog\/qual-e-a-melhor-forma-de-prevenir-pelos-encravados\/#breadcrumb"},"inLanguage":"pt-BR","potentialAction":[{"@type":"ReadAction","target":["https:\/\/www.dravivianloureiro.com.br\/blog\/qual-e-a-melhor-forma-de-prevenir-pelos-encravados\/"]}]},{"@type":"BreadcrumbList","@id":"https:\/\/www.dravivianloureiro.com.br\/blog\/qual-e-a-melhor-forma-de-prevenir-pelos-encravados\/#breadcrumb","itemListElement":[{"@type":"ListItem","position":1,"name":"In\u00edcio","item":"https:\/\/www.dravivianloureiro.com.br\/blog\/"},{"@type":"ListItem","position":2,"name":"Qual \u00e9 a melhor forma de prevenir pelos encravados?"}]},{"@type":"WebSite","@id":"https:\/\/www.dravivianloureiro.com.br\/blog\/#website","url":"https:\/\/www.dravivianloureiro.com.br\/blog\/","name":"Dermatologista Vivian Loureiro","description":"","publisher":{"@id":"https:\/\/www.dravivianloureiro.com.br\/blog\/#organization"},"potentialAction":[{"@type":"SearchAction","target":{"@type":"EntryPoint","urlTemplate":"https:\/\/www.dravivianloureiro.com.br\/blog\/?s={search_term_string}"},"query-input":"required name=search_term_string"}],"inLanguage":"pt-BR"},{"@type":"Organization","@id":"https:\/\/www.dravivianloureiro.com.br\/blog\/#organization","name":"Dra. Vivian Loureiro - Dermatologista Em S\u00e3o Paulo","url":"https:\/\/www.dravivianloureiro.com.br\/blog\/","logo":{"@type":"ImageObject","inLanguage":"pt-BR","@id":"https:\/\/www.dravivianloureiro.com.br\/blog\/#\/schema\/logo\/image\/","url":"https:\/\/www.dravivianloureiro.com.br\/blog\/wp-content\/uploads\/2018\/08\/favicon.jpg","contentUrl":"https:\/\/www.dravivianloureiro.com.br\/blog\/wp-content\/uploads\/2018\/08\/favicon.jpg","width":112,"height":112,"caption":"Dra. Vivian Loureiro - Dermatologista Em S\u00e3o Paulo"},"image":{"@id":"https:\/\/www.dravivianloureiro.com.br\/blog\/#\/schema\/logo\/image\/"},"sameAs":["https:\/\/pt-br.facebook.com\/vivianloureirodermatologia\/","https:\/\/www.instagram.com\/vivianloureirodermatologia\/","https:\/\/www.linkedin.com\/in\/vivian-barzi-loureiro-a6412887\/"]},{"@type":"Person","@id":"https:\/\/www.dravivianloureiro.com.br\/blog\/#\/schema\/person\/f6272c0e48dae4364ef626c598c5cb84","name":"Vivian Loureiro","image":{"@type":"ImageObject","inLanguage":"pt-BR","@id":"https:\/\/www.dravivianloureiro.com.br\/blog\/#\/schema\/person\/image\/","url":"https:\/\/secure.gravatar.com\/avatar\/8ee2b0fae98657240c77e822ae139ad3?s=96&d=wp_user_avatar&r=g","contentUrl":"https:\/\/secure.gravatar.com\/avatar\/8ee2b0fae98657240c77e822ae139ad3?s=96&d=wp_user_avatar&r=g","caption":"Vivian Loureiro"},"description":"M\u00e9dica formada pela Universidade de S\u00e3o Paulo (USP). Realizou resid\u00eancia m\u00e9dica em Dermatologia e complementa\u00e7\u00e3o em Cosmiatria e Laser pelo departamento de Dermatologia do Hospital das Cl\u00ednicas da Faculdade de Medicina da Universidade de S\u00e3o Paulo (USP). Possui t\u00edtulo de especialista em Dermatologia. \u00c9 membro da Sociedade Brasileira de Dermatologia (SBD) e Sociedade Brasileira de Cirurgia Dermatol\u00f3gica (SBCD) e m\u00e9dica do grupo Fleury. Atua nas \u00e1reas de Dermatologia Cl\u00ednica, Cir\u00fargica, Pedi\u00e1trica e Est\u00e9tica. Frequenta e palestra nos principais cursos e congressos de dermatologia, nacionais e internacionais, a fim de se manter em constante atualiza\u00e7\u00e3o.","sameAs":["https:\/\/www.dravivianloureiro.com.br\/","https:\/\/pt-br.facebook.com\/vivianloureirodermatologia\/","https:\/\/www.instagram.com\/vivianloureirodermatologia\/","https:\/\/www.linkedin.com\/in\/vivian-barzi-loureiro-a6412887\/"]}]}},"amp_enabled":true,"_links":{"self":[{"href":"https:\/\/www.dravivianloureiro.com.br\/blog\/wp-json\/wp\/v2\/posts\/245"}],"collection":[{"href":"https:\/\/www.dravivianloureiro.com.br\/blog\/wp-json\/wp\/v2\/posts"}],"about":[{"href":"https:\/\/www.dravivianloureiro.com.br\/blog\/wp-json\/wp\/v2\/types\/post"}],"author":[{"embeddable":true,"href":"https:\/\/www.dravivianloureiro.com.br\/blog\/wp-json\/wp\/v2\/users\/1"}],"replies":[{"embeddable":true,"href":"https:\/\/www.dravivianloureiro.com.br\/blog\/wp-json\/wp\/v2\/comments?post=245"}],"version-history":[{"count":0,"href":"https:\/\/www.dravivianloureiro.com.br\/blog\/wp-json\/wp\/v2\/posts\/245\/revisions"}],"wp:featuredmedia":[{"embeddable":true,"href":"https:\/\/www.dravivianloureiro.com.br\/blog\/wp-json\/"}],"wp:attachment":[{"href":"https:\/\/www.dravivianloureiro.com.br\/blog\/wp-json\/wp\/v2\/media?parent=245"}],"wp:term":[{"taxonomy":"category","embeddable":true,"href":"https:\/\/www.dravivianloureiro.com.br\/blog\/wp-json\/wp\/v2\/categories?post=245"},{"taxonomy":"post_tag","embeddable":true,"href":"https:\/\/www.dravivianloureiro.com.br\/blog\/wp-json\/wp\/v2\/tags?post=245"}],"curies":[{"name":"wp","href":"https:\/\/api.w.org\/{rel}","templated":true}]}}