{"id":239,"date":"2012-11-30T17:01:58","date_gmt":"2012-11-30T17:01:58","guid":{"rendered":"http:\/\/www.gabrielacasabona.com.br\/blog\/?p=239"},"modified":"2012-11-30T17:01:58","modified_gmt":"2012-11-30T17:01:58","slug":"cuidado-limao-queima","status":"publish","type":"post","link":"https:\/\/www.dravivianloureiro.com.br\/blog\/cuidado-limao-queima\/","title":{"rendered":"Cuidado, lim\u00e3o queima!"},"content":{"rendered":"<p class=\"estimated-read-time\">Tempo de leitura:<small> 1 minuto<\/small><\/p> <p>Nesta \u00e9poca do ano, onde as temperaturas batem os 30 graus com facilidade, n\u00e3o existe nada mais refrescante do que tomar uma boa limonada gelada ou preparar um churrasco regado a caipirinha em uma tarde de s\u00e1bado. Pois \u00e9 tamb\u00e9m neste per\u00edodo que crescem os casos de queimaduras provocadas por frutas c\u00edtricas como o lim\u00e3o. Para que sua divers\u00e3o n\u00e3o acabe no pronto-socorro, o\u00a0conversamos com dermatologistas sobre o tema.<\/p>\n<p>Manchas, irrita\u00e7\u00e3o, vermelhid\u00e3o e coceira, este s\u00e3o sintomas cl\u00e1ssicos da famosa queimadura com lim\u00e3o. A rea\u00e7\u00e3o, que demora em m\u00e9dia 30 minutos para acontecer, \u00e9 causada pelo bergapteno, termo usado pelos m\u00e9dicos ao composto presente em frutas c\u00edtricas como o lim\u00e3o e laranja, que em contato direto com o sol podem fazer um belo estrago.<\/p>\n<p>&#8220;Primeiro \u00e9 importante explicar que o lim\u00e3o cont\u00e9m alguns \u00e1cidos em sua casca e suco que, se expostos ao sol, causam uma rea\u00e7\u00e3o de fotosensibilidade e queimadura chamada fitofotodermatose,&#8221; observa Gabriela Casabona, dermatologista do Hospital Samaritano de S\u00e3o Paulo.<\/p>\n<p>Pode at\u00e9 parecer uma coisa banal e simples de resolver, por\u00e9m, as queimaduras com frutas c\u00edtricas podem trazer s\u00e9rias complica\u00e7\u00f5es como queimaduras de segundo grau. Os especialistas garantem que mesmo sendo reduzido, o risco de um c\u00e2ncer de pele n\u00e3o deve ser descartado.<\/p>\n<p>&#8220;O c\u00e2ncer de pele geralmente ocorre sobre cicatrizes de queimaduras profundas e n\u00e3o \u00e9 causado pela queimadura em si. Entretanto, ele pode aparecer ao longo dos anos,&#8221; alerta Gabriela Casabona.<\/p>\n<p>Esta mat\u00e9ria contou com a colabora\u00e7\u00e3o da Dra Gabriela Casabona.<\/p>\n<p>Link: <a title=\"link da mat\u00e9ria\" href=\"http:\/\/www.areah.com.br\/vip\/saude\/materia\/11211\/1\/pagina_1\/cuidado,-limao-queima.aspx\" target=\"_blank\" rel=\"noopener\">http:\/\/www.areah.com.br\/vip\/saude\/materia\/11211\/1\/pagina_1\/cuidado,-limao-queima.aspx<\/a><\/p>\n","protected":false},"excerpt":{"rendered":"<p><small> 1 minuto<\/small> Nesta \u00e9poca do ano, onde as temperaturas batem os 30 graus com facilidade, n\u00e3o existe nada mais refrescante do que tomar uma boa limonada gelada ou preparar um churrasco regado a caipirinha em uma tarde de s\u00e1bado. Pois \u00e9 tamb\u00e9m neste per\u00edodo que crescem os casos de queimaduras provocadas por frutas c\u00edtricas como o lim\u00e3o. Para que sua divers\u00e3o n\u00e3o acabe no pronto-socorro, o\u00a0conversamos com dermatologistas sobre o tema. Manchas, irrita\u00e7\u00e3o, vermelhid\u00e3o e coceira, este s\u00e3o sintomas cl\u00e1ssicos da famosa queimadura com <a href=\"https:\/\/www.dravivianloureiro.com.br\/blog\/cuidado-limao-queima\/\" class=\"more-link\"><span>Continue lendo<\/span>\u2192<\/a><\/p>\n","protected":false},"author":1,"featured_media":3570,"comment_status":"open","ping_status":"open","sticky":false,"template":"","format":"standard","meta":[],"categories":[380,363,368],"tags":[484,485,486,487],"yoast_head":"<!-- This site is optimized with the Yoast SEO plugin v20.6 - https:\/\/yoast.com\/wordpress\/plugins\/seo\/ -->\n<title>Queimadura de Lim\u00e3o, os cuidados com as manchas do lim\u00e3o - Beauty Beyond Skin<\/title>\n<meta name=\"description\" content=\"Neste per\u00edodo que crescem os casos de queimaduras provocadas por frutas c\u00edtricas como o lim\u00e3o. Atente-se para que sua divers\u00e3o n\u00e3o acabe no pronto-socorro. Gabriela Casabona Dermatologista Especialista em Tratamento de Manchas em S\u00e3o Paulo. Telefones: 11 3668-5910 ou 11 3661-9502\" \/>\n<meta name=\"robots\" content=\"index, follow, max-snippet:-1, max-image-preview:large, max-video-preview:-1\" \/>\n<link rel=\"canonical\" href=\"https:\/\/www.dravivianloureiro.com.br\/blog\/cuidado-limao-queima\/\" \/>\n<meta property=\"og:locale\" content=\"pt_BR\" \/>\n<meta property=\"og:type\" content=\"article\" \/>\n<meta property=\"og:title\" content=\"Queimadura de Lim\u00e3o, os cuidados com as manchas do lim\u00e3o - Beauty Beyond Skin\" \/>\n<meta property=\"og:description\" content=\"Neste per\u00edodo que crescem os casos de queimaduras provocadas por frutas c\u00edtricas como o lim\u00e3o. Atente-se para que sua divers\u00e3o n\u00e3o acabe no pronto-socorro. Gabriela Casabona Dermatologista Especialista em Tratamento de Manchas em S\u00e3o Paulo. Telefones: 11 3668-5910 ou 11 3661-9502\" \/>\n<meta property=\"og:url\" content=\"https:\/\/www.dravivianloureiro.com.br\/blog\/cuidado-limao-queima\/\" \/>\n<meta property=\"og:site_name\" content=\"Dra. Vivian Loureiro\" \/>\n<meta property=\"article:publisher\" content=\"https:\/\/pt-br.facebook.com\/vivianloureirodermatologia\/\" \/>\n<meta property=\"article:author\" content=\"https:\/\/pt-br.facebook.com\/vivianloureirodermatologia\/\" \/>\n<meta property=\"article:published_time\" content=\"2012-11-30T17:01:58+00:00\" \/>\n<meta name=\"author\" content=\"Vivian Loureiro\" \/>\n<meta name=\"twitter:card\" content=\"summary_large_image\" \/>\n<meta name=\"twitter:label1\" content=\"Escrito por\" \/>\n\t<meta name=\"twitter:data1\" content=\"Vivian Loureiro\" \/>\n\t<meta name=\"twitter:label2\" content=\"Est. tempo de leitura\" \/>\n\t<meta name=\"twitter:data2\" content=\"1 minuto\" \/>\n<script type=\"application\/ld+json\" class=\"yoast-schema-graph\">{\"@context\":\"https:\/\/schema.org\",\"@graph\":[{\"@type\":\"Article\",\"@id\":\"https:\/\/www.dravivianloureiro.com.br\/blog\/cuidado-limao-queima\/#article\",\"isPartOf\":{\"@id\":\"https:\/\/www.dravivianloureiro.com.br\/blog\/cuidado-limao-queima\/\"},\"author\":{\"name\":\"Vivian Loureiro\",\"@id\":\"https:\/\/www.dravivianloureiro.com.br\/blog\/#\/schema\/person\/f6272c0e48dae4364ef626c598c5cb84\"},\"headline\":\"Cuidado, lim\u00e3o queima!\",\"datePublished\":\"2012-11-30T17:01:58+00:00\",\"dateModified\":\"2012-11-30T17:01:58+00:00\",\"mainEntityOfPage\":{\"@id\":\"https:\/\/www.dravivianloureiro.com.br\/blog\/cuidado-limao-queima\/\"},\"wordCount\":290,\"commentCount\":0,\"publisher\":{\"@id\":\"https:\/\/www.dravivianloureiro.com.br\/blog\/#organization\"},\"keywords\":[\"clareamento pele\",\"lim\u00e3o queima pele\",\"manchas lim\u00e3o\",\"queimadura lim\u00e3o\"],\"articleSection\":[\"Alergias\",\"Dicas\",\"Est\u00e9ticos\"],\"inLanguage\":\"pt-BR\",\"potentialAction\":[{\"@type\":\"CommentAction\",\"name\":\"Comment\",\"target\":[\"https:\/\/www.dravivianloureiro.com.br\/blog\/cuidado-limao-queima\/#respond\"]}]},{\"@type\":\"WebPage\",\"@id\":\"https:\/\/www.dravivianloureiro.com.br\/blog\/cuidado-limao-queima\/\",\"url\":\"https:\/\/www.dravivianloureiro.com.br\/blog\/cuidado-limao-queima\/\",\"name\":\"Queimadura de Lim\u00e3o, os cuidados com as manchas do lim\u00e3o - Beauty Beyond Skin\",\"isPartOf\":{\"@id\":\"https:\/\/www.dravivianloureiro.com.br\/blog\/#website\"},\"datePublished\":\"2012-11-30T17:01:58+00:00\",\"dateModified\":\"2012-11-30T17:01:58+00:00\",\"description\":\"Neste per\u00edodo que crescem os casos de queimaduras provocadas por frutas c\u00edtricas como o lim\u00e3o. Atente-se para que sua divers\u00e3o n\u00e3o acabe no pronto-socorro. Gabriela Casabona Dermatologista Especialista em Tratamento de Manchas em S\u00e3o Paulo. Telefones: 11 3668-5910 ou 11 3661-9502\",\"breadcrumb\":{\"@id\":\"https:\/\/www.dravivianloureiro.com.br\/blog\/cuidado-limao-queima\/#breadcrumb\"},\"inLanguage\":\"pt-BR\",\"potentialAction\":[{\"@type\":\"ReadAction\",\"target\":[\"https:\/\/www.dravivianloureiro.com.br\/blog\/cuidado-limao-queima\/\"]}]},{\"@type\":\"BreadcrumbList\",\"@id\":\"https:\/\/www.dravivianloureiro.com.br\/blog\/cuidado-limao-queima\/#breadcrumb\",\"itemListElement\":[{\"@type\":\"ListItem\",\"position\":1,\"name\":\"In\u00edcio\",\"item\":\"https:\/\/www.dravivianloureiro.com.br\/blog\/\"},{\"@type\":\"ListItem\",\"position\":2,\"name\":\"Cuidado, lim\u00e3o queima!\"}]},{\"@type\":\"WebSite\",\"@id\":\"https:\/\/www.dravivianloureiro.com.br\/blog\/#website\",\"url\":\"https:\/\/www.dravivianloureiro.com.br\/blog\/\",\"name\":\"Dermatologista Vivian Loureiro\",\"description\":\"\",\"publisher\":{\"@id\":\"https:\/\/www.dravivianloureiro.com.br\/blog\/#organization\"},\"potentialAction\":[{\"@type\":\"SearchAction\",\"target\":{\"@type\":\"EntryPoint\",\"urlTemplate\":\"https:\/\/www.dravivianloureiro.com.br\/blog\/?s={search_term_string}\"},\"query-input\":\"required name=search_term_string\"}],\"inLanguage\":\"pt-BR\"},{\"@type\":\"Organization\",\"@id\":\"https:\/\/www.dravivianloureiro.com.br\/blog\/#organization\",\"name\":\"Dra. Vivian Loureiro - Dermatologista Em S\u00e3o Paulo\",\"url\":\"https:\/\/www.dravivianloureiro.com.br\/blog\/\",\"logo\":{\"@type\":\"ImageObject\",\"inLanguage\":\"pt-BR\",\"@id\":\"https:\/\/www.dravivianloureiro.com.br\/blog\/#\/schema\/logo\/image\/\",\"url\":\"https:\/\/www.dravivianloureiro.com.br\/blog\/wp-content\/uploads\/2018\/08\/favicon.jpg\",\"contentUrl\":\"https:\/\/www.dravivianloureiro.com.br\/blog\/wp-content\/uploads\/2018\/08\/favicon.jpg\",\"width\":112,\"height\":112,\"caption\":\"Dra. Vivian Loureiro - Dermatologista Em S\u00e3o Paulo\"},\"image\":{\"@id\":\"https:\/\/www.dravivianloureiro.com.br\/blog\/#\/schema\/logo\/image\/\"},\"sameAs\":[\"https:\/\/pt-br.facebook.com\/vivianloureirodermatologia\/\",\"https:\/\/www.instagram.com\/vivianloureirodermatologia\/\",\"https:\/\/www.linkedin.com\/in\/vivian-barzi-loureiro-a6412887\/\"]},{\"@type\":\"Person\",\"@id\":\"https:\/\/www.dravivianloureiro.com.br\/blog\/#\/schema\/person\/f6272c0e48dae4364ef626c598c5cb84\",\"name\":\"Vivian Loureiro\",\"image\":{\"@type\":\"ImageObject\",\"inLanguage\":\"pt-BR\",\"@id\":\"https:\/\/www.dravivianloureiro.com.br\/blog\/#\/schema\/person\/image\/\",\"url\":\"https:\/\/secure.gravatar.com\/avatar\/8ee2b0fae98657240c77e822ae139ad3?s=96&d=wp_user_avatar&r=g\",\"contentUrl\":\"https:\/\/secure.gravatar.com\/avatar\/8ee2b0fae98657240c77e822ae139ad3?s=96&d=wp_user_avatar&r=g\",\"caption\":\"Vivian Loureiro\"},\"description\":\"M\u00e9dica formada pela Universidade de S\u00e3o Paulo (USP). Realizou resid\u00eancia m\u00e9dica em Dermatologia e complementa\u00e7\u00e3o em Cosmiatria e Laser pelo departamento de Dermatologia do Hospital das Cl\u00ednicas da Faculdade de Medicina da Universidade de S\u00e3o Paulo (USP). Possui t\u00edtulo de especialista em Dermatologia. \u00c9 membro da Sociedade Brasileira de Dermatologia (SBD) e Sociedade Brasileira de Cirurgia Dermatol\u00f3gica (SBCD) e m\u00e9dica do grupo Fleury. Atua nas \u00e1reas de Dermatologia Cl\u00ednica, Cir\u00fargica, Pedi\u00e1trica e Est\u00e9tica. Frequenta e palestra nos principais cursos e congressos de dermatologia, nacionais e internacionais, a fim de se manter em constante atualiza\u00e7\u00e3o.\",\"sameAs\":[\"https:\/\/www.dravivianloureiro.com.br\/\",\"https:\/\/pt-br.facebook.com\/vivianloureirodermatologia\/\",\"https:\/\/www.instagram.com\/vivianloureirodermatologia\/\",\"https:\/\/www.linkedin.com\/in\/vivian-barzi-loureiro-a6412887\/\"]}]}<\/script>\n<!-- \/ Yoast SEO plugin. -->","yoast_head_json":{"title":"Queimadura de Lim\u00e3o, os cuidados com as manchas do lim\u00e3o - Beauty Beyond Skin","description":"Neste per\u00edodo que crescem os casos de queimaduras provocadas por frutas c\u00edtricas como o lim\u00e3o. Atente-se para que sua divers\u00e3o n\u00e3o acabe no pronto-socorro. Gabriela Casabona Dermatologista Especialista em Tratamento de Manchas em S\u00e3o Paulo. Telefones: 11 3668-5910 ou 11 3661-9502","robots":{"index":"index","follow":"follow","max-snippet":"max-snippet:-1","max-image-preview":"max-image-preview:large","max-video-preview":"max-video-preview:-1"},"canonical":"https:\/\/www.dravivianloureiro.com.br\/blog\/cuidado-limao-queima\/","og_locale":"pt_BR","og_type":"article","og_title":"Queimadura de Lim\u00e3o, os cuidados com as manchas do lim\u00e3o - Beauty Beyond Skin","og_description":"Neste per\u00edodo que crescem os casos de queimaduras provocadas por frutas c\u00edtricas como o lim\u00e3o. Atente-se para que sua divers\u00e3o n\u00e3o acabe no pronto-socorro. Gabriela Casabona Dermatologista Especialista em Tratamento de Manchas em S\u00e3o Paulo. Telefones: 11 3668-5910 ou 11 3661-9502","og_url":"https:\/\/www.dravivianloureiro.com.br\/blog\/cuidado-limao-queima\/","og_site_name":"Dra. Vivian Loureiro","article_publisher":"https:\/\/pt-br.facebook.com\/vivianloureirodermatologia\/","article_author":"https:\/\/pt-br.facebook.com\/vivianloureirodermatologia\/","article_published_time":"2012-11-30T17:01:58+00:00","author":"Vivian Loureiro","twitter_card":"summary_large_image","twitter_misc":{"Escrito por":"Vivian Loureiro","Est. tempo de leitura":"1 minuto"},"schema":{"@context":"https:\/\/schema.org","@graph":[{"@type":"Article","@id":"https:\/\/www.dravivianloureiro.com.br\/blog\/cuidado-limao-queima\/#article","isPartOf":{"@id":"https:\/\/www.dravivianloureiro.com.br\/blog\/cuidado-limao-queima\/"},"author":{"name":"Vivian Loureiro","@id":"https:\/\/www.dravivianloureiro.com.br\/blog\/#\/schema\/person\/f6272c0e48dae4364ef626c598c5cb84"},"headline":"Cuidado, lim\u00e3o queima!","datePublished":"2012-11-30T17:01:58+00:00","dateModified":"2012-11-30T17:01:58+00:00","mainEntityOfPage":{"@id":"https:\/\/www.dravivianloureiro.com.br\/blog\/cuidado-limao-queima\/"},"wordCount":290,"commentCount":0,"publisher":{"@id":"https:\/\/www.dravivianloureiro.com.br\/blog\/#organization"},"keywords":["clareamento pele","lim\u00e3o queima pele","manchas lim\u00e3o","queimadura lim\u00e3o"],"articleSection":["Alergias","Dicas","Est\u00e9ticos"],"inLanguage":"pt-BR","potentialAction":[{"@type":"CommentAction","name":"Comment","target":["https:\/\/www.dravivianloureiro.com.br\/blog\/cuidado-limao-queima\/#respond"]}]},{"@type":"WebPage","@id":"https:\/\/www.dravivianloureiro.com.br\/blog\/cuidado-limao-queima\/","url":"https:\/\/www.dravivianloureiro.com.br\/blog\/cuidado-limao-queima\/","name":"Queimadura de Lim\u00e3o, os cuidados com as manchas do lim\u00e3o - Beauty Beyond Skin","isPartOf":{"@id":"https:\/\/www.dravivianloureiro.com.br\/blog\/#website"},"datePublished":"2012-11-30T17:01:58+00:00","dateModified":"2012-11-30T17:01:58+00:00","description":"Neste per\u00edodo que crescem os casos de queimaduras provocadas por frutas c\u00edtricas como o lim\u00e3o. Atente-se para que sua divers\u00e3o n\u00e3o acabe no pronto-socorro. Gabriela Casabona Dermatologista Especialista em Tratamento de Manchas em S\u00e3o Paulo. Telefones: 11 3668-5910 ou 11 3661-9502","breadcrumb":{"@id":"https:\/\/www.dravivianloureiro.com.br\/blog\/cuidado-limao-queima\/#breadcrumb"},"inLanguage":"pt-BR","potentialAction":[{"@type":"ReadAction","target":["https:\/\/www.dravivianloureiro.com.br\/blog\/cuidado-limao-queima\/"]}]},{"@type":"BreadcrumbList","@id":"https:\/\/www.dravivianloureiro.com.br\/blog\/cuidado-limao-queima\/#breadcrumb","itemListElement":[{"@type":"ListItem","position":1,"name":"In\u00edcio","item":"https:\/\/www.dravivianloureiro.com.br\/blog\/"},{"@type":"ListItem","position":2,"name":"Cuidado, lim\u00e3o queima!"}]},{"@type":"WebSite","@id":"https:\/\/www.dravivianloureiro.com.br\/blog\/#website","url":"https:\/\/www.dravivianloureiro.com.br\/blog\/","name":"Dermatologista Vivian Loureiro","description":"","publisher":{"@id":"https:\/\/www.dravivianloureiro.com.br\/blog\/#organization"},"potentialAction":[{"@type":"SearchAction","target":{"@type":"EntryPoint","urlTemplate":"https:\/\/www.dravivianloureiro.com.br\/blog\/?s={search_term_string}"},"query-input":"required name=search_term_string"}],"inLanguage":"pt-BR"},{"@type":"Organization","@id":"https:\/\/www.dravivianloureiro.com.br\/blog\/#organization","name":"Dra. Vivian Loureiro - Dermatologista Em S\u00e3o Paulo","url":"https:\/\/www.dravivianloureiro.com.br\/blog\/","logo":{"@type":"ImageObject","inLanguage":"pt-BR","@id":"https:\/\/www.dravivianloureiro.com.br\/blog\/#\/schema\/logo\/image\/","url":"https:\/\/www.dravivianloureiro.com.br\/blog\/wp-content\/uploads\/2018\/08\/favicon.jpg","contentUrl":"https:\/\/www.dravivianloureiro.com.br\/blog\/wp-content\/uploads\/2018\/08\/favicon.jpg","width":112,"height":112,"caption":"Dra. Vivian Loureiro - Dermatologista Em S\u00e3o Paulo"},"image":{"@id":"https:\/\/www.dravivianloureiro.com.br\/blog\/#\/schema\/logo\/image\/"},"sameAs":["https:\/\/pt-br.facebook.com\/vivianloureirodermatologia\/","https:\/\/www.instagram.com\/vivianloureirodermatologia\/","https:\/\/www.linkedin.com\/in\/vivian-barzi-loureiro-a6412887\/"]},{"@type":"Person","@id":"https:\/\/www.dravivianloureiro.com.br\/blog\/#\/schema\/person\/f6272c0e48dae4364ef626c598c5cb84","name":"Vivian Loureiro","image":{"@type":"ImageObject","inLanguage":"pt-BR","@id":"https:\/\/www.dravivianloureiro.com.br\/blog\/#\/schema\/person\/image\/","url":"https:\/\/secure.gravatar.com\/avatar\/8ee2b0fae98657240c77e822ae139ad3?s=96&d=wp_user_avatar&r=g","contentUrl":"https:\/\/secure.gravatar.com\/avatar\/8ee2b0fae98657240c77e822ae139ad3?s=96&d=wp_user_avatar&r=g","caption":"Vivian Loureiro"},"description":"M\u00e9dica formada pela Universidade de S\u00e3o Paulo (USP). Realizou resid\u00eancia m\u00e9dica em Dermatologia e complementa\u00e7\u00e3o em Cosmiatria e Laser pelo departamento de Dermatologia do Hospital das Cl\u00ednicas da Faculdade de Medicina da Universidade de S\u00e3o Paulo (USP). Possui t\u00edtulo de especialista em Dermatologia. \u00c9 membro da Sociedade Brasileira de Dermatologia (SBD) e Sociedade Brasileira de Cirurgia Dermatol\u00f3gica (SBCD) e m\u00e9dica do grupo Fleury. Atua nas \u00e1reas de Dermatologia Cl\u00ednica, Cir\u00fargica, Pedi\u00e1trica e Est\u00e9tica. Frequenta e palestra nos principais cursos e congressos de dermatologia, nacionais e internacionais, a fim de se manter em constante atualiza\u00e7\u00e3o.","sameAs":["https:\/\/www.dravivianloureiro.com.br\/","https:\/\/pt-br.facebook.com\/vivianloureirodermatologia\/","https:\/\/www.instagram.com\/vivianloureirodermatologia\/","https:\/\/www.linkedin.com\/in\/vivian-barzi-loureiro-a6412887\/"]}]}},"amp_enabled":true,"_links":{"self":[{"href":"https:\/\/www.dravivianloureiro.com.br\/blog\/wp-json\/wp\/v2\/posts\/239"}],"collection":[{"href":"https:\/\/www.dravivianloureiro.com.br\/blog\/wp-json\/wp\/v2\/posts"}],"about":[{"href":"https:\/\/www.dravivianloureiro.com.br\/blog\/wp-json\/wp\/v2\/types\/post"}],"author":[{"embeddable":true,"href":"https:\/\/www.dravivianloureiro.com.br\/blog\/wp-json\/wp\/v2\/users\/1"}],"replies":[{"embeddable":true,"href":"https:\/\/www.dravivianloureiro.com.br\/blog\/wp-json\/wp\/v2\/comments?post=239"}],"version-history":[{"count":0,"href":"https:\/\/www.dravivianloureiro.com.br\/blog\/wp-json\/wp\/v2\/posts\/239\/revisions"}],"wp:featuredmedia":[{"embeddable":true,"href":"https:\/\/www.dravivianloureiro.com.br\/blog\/wp-json\/"}],"wp:attachment":[{"href":"https:\/\/www.dravivianloureiro.com.br\/blog\/wp-json\/wp\/v2\/media?parent=239"}],"wp:term":[{"taxonomy":"category","embeddable":true,"href":"https:\/\/www.dravivianloureiro.com.br\/blog\/wp-json\/wp\/v2\/categories?post=239"},{"taxonomy":"post_tag","embeddable":true,"href":"https:\/\/www.dravivianloureiro.com.br\/blog\/wp-json\/wp\/v2\/tags?post=239"}],"curies":[{"name":"wp","href":"https:\/\/api.w.org\/{rel}","templated":true}]}}