{"id":2350,"date":"2015-12-01T09:25:24","date_gmt":"2015-12-01T12:25:24","guid":{"rendered":"https:\/\/gabrielacasabona.com.br\/?p=2350"},"modified":"2015-12-01T09:25:24","modified_gmt":"2015-12-01T12:25:24","slug":"projeto-verao-os-melhores-tratamentos-corporais-para-conquistar-o-corpo-desejado","status":"publish","type":"post","link":"https:\/\/www.dravivianloureiro.com.br\/blog\/projeto-verao-os-melhores-tratamentos-corporais-para-conquistar-o-corpo-desejado\/","title":{"rendered":"Os melhores tratamentos corporais para conquistar o corpo desejado"},"content":{"rendered":"<p class=\"estimated-read-time\">Tempo de leitura:<small> 3 minutos<\/small><\/p> <p>Com o <a href=\"https:\/\/gabrielacasabona.com.br\/tag\/verao\/\">ver\u00e3o<\/a> se aproximando cresce a busca n\u00e3o s\u00f3 por novos biqu\u00ednis, mas tamb\u00e9m por tratamentos que ajudem a mulher a se sentir bem ao us\u00e1-los. Todas sabemos que uma alimenta\u00e7\u00e3o balanceada e a pr\u00e1tica de exerc\u00edcios s\u00e3o fundamentais para se manter em forma, mas nem sempre estes cuidados s\u00e3o suficientes para uma pele perfeita. Viajando pelo mundo descobri diferentes t\u00e9cnicas, que, quando combinadas, ajudam a conquistar o corpo t\u00e3o desejado.<\/p>\n<h2>Confira algumas dicas em tratamentos corporais<\/h2>\n<p><strong>Celulite:<\/strong> os famosos \u201cfurinhos\u201d est\u00e3o relacionados a uma alimenta\u00e7\u00e3o com alto \u00edndice glic\u00eamico e sedentarismo. Quando a dieta e os exerc\u00edcios n\u00e3o s\u00e3o suficientes existem \u00f3timas op\u00e7\u00f5es de tratamentos combinados como estes: mesoterapia com desoxicolato, <a href=\"https:\/\/gabrielacasabona.com.br\/pescoco-jovem-e-magro-sem-cirurgia\/\">ATX\u00a0101<\/a>, mesostabyl com mesoterapia sem agulhas e radiofrequ\u00eancia. O resultado destes tratamentos dura cerca de quatro meses. Com ou sem o uso combinado de maquinas para <a href=\"https:\/\/gabrielacasabona.com.br\/?s=flacidez\">flacidez<\/a> e gordura localizada.<\/p>\n<p><strong>Flacidez:<\/strong> a flacidez pode estar relacionada ao m\u00fasculo ou apenas \u00e0 pele. No caso dos m\u00fasculos, o mais indicado s\u00e3o exerc\u00edcios. J\u00e1 para problemas com a pele h\u00e1 tratamentos como col\u00e1geno dipept\u00eddeo oral ou uma combina\u00e7\u00e3o de radiofrequ\u00eancia com <a href=\"https:\/\/gabrielacasabona.com.br\/tag\/ultrassom-microfocado\/\">ultrassom microfocado<\/a> (conhecida como ultherapy). Para cuidar de \u00e1reas ainda mais fl\u00e1cidas como bra\u00e7os, joelhos, abd\u00f4men, parte interna das coxas e gl\u00fateos h\u00e1 o tratamento com fios de sustenta\u00e7\u00e3o. Os resultados s\u00e3o muito interessantes.<\/p>\n<p><strong>Gordura localizada:<\/strong> Quem cuida da alimenta\u00e7\u00e3o e faz exerc\u00edcios sabe que, n\u00e3o importa o quanto a gente se esforce, alguns \u201cpneuzinhos\u201d nunca somem. Para ajudar a elimin\u00e1-los h\u00e1 tratamentos n\u00e3o cir\u00fargicos que quando combinados trazem resultados bastante satisfat\u00f3rios. A mesoterapia com varias substancias como cafe\u00edna, por exemplo, consiste na aplica\u00e7\u00e3o de micro inje\u00e7\u00f5es que ajudam na queima da gordura localizada. Este tratamento pode ser combinado com a radiofrequ\u00eancia, que desestabiliza a membrana das c\u00e9lulas de gordura e torna a sustenta\u00e7\u00e3o dessas c\u00e9lulas mais organizada.<\/p>\n<p><strong>Estrias:<\/strong> As <a href=\"https:\/\/gabrielacasabona.com.br\/tag\/estrias\/\">estrias<\/a> s\u00e3o como cicatrizes e o quanto antes a tratarmos melhor. Elas podem ser brancas ou vermelhas e a melhor op\u00e7\u00e3o \u00e9 preench\u00ea-las com hidroxiapatita de c\u00e1lcio, o que ajuda disfar\u00e7ar a cor e estimula a produ\u00e7\u00e3o de col\u00e1geno. Com o col\u00e1geno, a profundidade das estrias se torna mais superficial. Junto com este tratamento pode ser feita a aplica\u00e7\u00e3o de <a href=\"https:\/\/gabrielacasabona.com.br\/tag\/vitamina-c\/\">vitamina C<\/a> e silicone est\u00e9reis, que estimula a produ\u00e7\u00e3o de col\u00e1geno e traz um tratamento mais duradouro e r\u00edgido. Se a flacidez da pele for muito intensa pode-se ainda associar lasers de di\u00f3xido de carbono fracionado e at\u00e9 ultrassom micro focado (conhecido como Ultherapy) com resultados que duram at\u00e9 2 anos.<\/p>\n<p><strong>Problemas de Pele:<\/strong> pouco antes ou depois da menopausa \u00e9 comum a pele do corpo adquirir uma apar\u00eancia fina e desidratada que nem os melhores cremes do mercado conseguem resolver. O problema neste caso \u00e9 que alguns tratamentos podem manchar a pele, por isso \u00e9 preciso tomar muito cuidado. Pensando nisso, criamos um tratamento semanal com micro inje\u00e7\u00f5es de DMAE e vitamina C semanal, radiofrequ\u00eancia corporal e aplica\u00e7\u00e3o de <a href=\"https:\/\/gabrielacasabona.com.br\/?s=veneno+de+abelha\">veneno de abelha<\/a>. Algumas vezes associa-se <a href=\"https:\/\/gabrielacasabona.com.br\/esteticos\/peeling\/\">peeling<\/a> no meio do tratamento vai deixar sua pele bonita e voc\u00ea pronta para usar biqu\u00edni sem inseguran\u00e7as!<\/p>\n","protected":false},"excerpt":{"rendered":"<p><small> 3 minutos<\/small> Com o ver\u00e3o se aproximando cresce a busca n\u00e3o s\u00f3 por novos biqu\u00ednis, mas tamb\u00e9m por tratamentos que ajudem a mulher a se sentir bem ao us\u00e1-los. Todas sabemos que uma alimenta\u00e7\u00e3o balanceada e a pr\u00e1tica de exerc\u00edcios s\u00e3o fundamentais para se manter em forma, mas nem sempre estes cuidados s\u00e3o suficientes para uma pele perfeita. Viajando pelo mundo descobri diferentes t\u00e9cnicas, que, quando combinadas, ajudam a conquistar o corpo t\u00e3o desejado. Confira algumas dicas em tratamentos corporais Celulite: os famosos \u201cfurinhos\u201d <a href=\"https:\/\/www.dravivianloureiro.com.br\/blog\/projeto-verao-os-melhores-tratamentos-corporais-para-conquistar-o-corpo-desejado\/\" class=\"more-link\"><span>Continue lendo<\/span>\u2192<\/a><\/p>\n","protected":false},"author":1,"featured_media":4342,"comment_status":"open","ping_status":"open","sticky":false,"template":"","format":"standard","meta":[],"categories":[375,432,405,134],"tags":[431,462,433,463,399,556,426,557,455,512],"yoast_head":"<!-- This site is optimized with the Yoast SEO plugin v20.6 - https:\/\/yoast.com\/wordpress\/plugins\/seo\/ -->\n<title>Projeto ver\u00e3o - Confira dicas de tratamentos corporais<\/title>\n<meta name=\"description\" content=\"Com a chegada do ver\u00e3o, chega tamb\u00e9m uma \u00f3tima oportunidade para deixar o corpo em dia. Confira algumas dicas para tratamentos corporais. Dra Gabriela Casabona \u00e9 Dermatologista Especialista em Tratamentos para o Ver\u00e3o em S\u00e3o Paulo - tel: +55 11 3668-5910 - R. Dr Veiga Filho, 350 \u2013 1 andar Higien\u00f3polis \u2013 S\u00e3o Paulo\" \/>\n<meta name=\"robots\" content=\"index, follow, max-snippet:-1, max-image-preview:large, max-video-preview:-1\" \/>\n<link rel=\"canonical\" href=\"https:\/\/www.dravivianloureiro.com.br\/blog\/projeto-verao-os-melhores-tratamentos-corporais-para-conquistar-o-corpo-desejado\/\" \/>\n<meta property=\"og:locale\" content=\"pt_BR\" \/>\n<meta property=\"og:type\" content=\"article\" \/>\n<meta property=\"og:title\" content=\"Projeto ver\u00e3o - Confira dicas de tratamentos corporais\" \/>\n<meta property=\"og:description\" content=\"Com a chegada do ver\u00e3o, chega tamb\u00e9m uma \u00f3tima oportunidade para deixar o corpo em dia. Confira algumas dicas para tratamentos corporais. Dra Gabriela Casabona \u00e9 Dermatologista Especialista em Tratamentos para o Ver\u00e3o em S\u00e3o Paulo - tel: +55 11 3668-5910 - R. Dr Veiga Filho, 350 \u2013 1 andar Higien\u00f3polis \u2013 S\u00e3o Paulo\" \/>\n<meta property=\"og:url\" content=\"https:\/\/www.dravivianloureiro.com.br\/blog\/projeto-verao-os-melhores-tratamentos-corporais-para-conquistar-o-corpo-desejado\/\" \/>\n<meta property=\"og:site_name\" content=\"Dra. Vivian Loureiro\" \/>\n<meta property=\"article:publisher\" content=\"https:\/\/pt-br.facebook.com\/vivianloureirodermatologia\/\" \/>\n<meta property=\"article:author\" content=\"https:\/\/pt-br.facebook.com\/vivianloureirodermatologia\/\" \/>\n<meta property=\"article:published_time\" content=\"2015-12-01T12:25:24+00:00\" \/>\n<meta name=\"author\" content=\"Vivian Loureiro\" \/>\n<meta name=\"twitter:card\" content=\"summary_large_image\" \/>\n<meta name=\"twitter:label1\" content=\"Escrito por\" \/>\n\t<meta name=\"twitter:data1\" content=\"Vivian Loureiro\" \/>\n\t<meta name=\"twitter:label2\" content=\"Est. tempo de leitura\" \/>\n\t<meta name=\"twitter:data2\" content=\"3 minutos\" \/>\n<script type=\"application\/ld+json\" class=\"yoast-schema-graph\">{\"@context\":\"https:\/\/schema.org\",\"@graph\":[{\"@type\":\"Article\",\"@id\":\"https:\/\/www.dravivianloureiro.com.br\/blog\/projeto-verao-os-melhores-tratamentos-corporais-para-conquistar-o-corpo-desejado\/#article\",\"isPartOf\":{\"@id\":\"https:\/\/www.dravivianloureiro.com.br\/blog\/projeto-verao-os-melhores-tratamentos-corporais-para-conquistar-o-corpo-desejado\/\"},\"author\":{\"name\":\"Vivian Loureiro\",\"@id\":\"https:\/\/www.dravivianloureiro.com.br\/blog\/#\/schema\/person\/f6272c0e48dae4364ef626c598c5cb84\"},\"headline\":\"Os melhores tratamentos corporais para conquistar o corpo desejado\",\"datePublished\":\"2015-12-01T12:25:24+00:00\",\"dateModified\":\"2015-12-01T12:25:24+00:00\",\"mainEntityOfPage\":{\"@id\":\"https:\/\/www.dravivianloureiro.com.br\/blog\/projeto-verao-os-melhores-tratamentos-corporais-para-conquistar-o-corpo-desejado\/\"},\"wordCount\":577,\"commentCount\":0,\"publisher\":{\"@id\":\"https:\/\/www.dravivianloureiro.com.br\/blog\/#organization\"},\"keywords\":[\"celulite\",\"dicas de ver\u00e3o\",\"estrias\",\"pele\",\"pele saudavel\",\"projeto ver\u00e3o\",\"tratamentos\",\"tratamentos corporais\",\"ver\u00e3o\",\"vitamina c\"],\"articleSection\":[\"Celulite\",\"Estrias\",\"Peeling\",\"Rejuvenescimento\"],\"inLanguage\":\"pt-BR\",\"potentialAction\":[{\"@type\":\"CommentAction\",\"name\":\"Comment\",\"target\":[\"https:\/\/www.dravivianloureiro.com.br\/blog\/projeto-verao-os-melhores-tratamentos-corporais-para-conquistar-o-corpo-desejado\/#respond\"]}]},{\"@type\":\"WebPage\",\"@id\":\"https:\/\/www.dravivianloureiro.com.br\/blog\/projeto-verao-os-melhores-tratamentos-corporais-para-conquistar-o-corpo-desejado\/\",\"url\":\"https:\/\/www.dravivianloureiro.com.br\/blog\/projeto-verao-os-melhores-tratamentos-corporais-para-conquistar-o-corpo-desejado\/\",\"name\":\"Projeto ver\u00e3o - Confira dicas de tratamentos corporais\",\"isPartOf\":{\"@id\":\"https:\/\/www.dravivianloureiro.com.br\/blog\/#website\"},\"datePublished\":\"2015-12-01T12:25:24+00:00\",\"dateModified\":\"2015-12-01T12:25:24+00:00\",\"description\":\"Com a chegada do ver\u00e3o, chega tamb\u00e9m uma \u00f3tima oportunidade para deixar o corpo em dia. Confira algumas dicas para tratamentos corporais. Dra Gabriela Casabona \u00e9 Dermatologista Especialista em Tratamentos para o Ver\u00e3o em S\u00e3o Paulo - tel: +55 11 3668-5910 - R. Dr Veiga Filho, 350 \u2013 1 andar Higien\u00f3polis \u2013 S\u00e3o Paulo\",\"breadcrumb\":{\"@id\":\"https:\/\/www.dravivianloureiro.com.br\/blog\/projeto-verao-os-melhores-tratamentos-corporais-para-conquistar-o-corpo-desejado\/#breadcrumb\"},\"inLanguage\":\"pt-BR\",\"potentialAction\":[{\"@type\":\"ReadAction\",\"target\":[\"https:\/\/www.dravivianloureiro.com.br\/blog\/projeto-verao-os-melhores-tratamentos-corporais-para-conquistar-o-corpo-desejado\/\"]}]},{\"@type\":\"BreadcrumbList\",\"@id\":\"https:\/\/www.dravivianloureiro.com.br\/blog\/projeto-verao-os-melhores-tratamentos-corporais-para-conquistar-o-corpo-desejado\/#breadcrumb\",\"itemListElement\":[{\"@type\":\"ListItem\",\"position\":1,\"name\":\"In\u00edcio\",\"item\":\"https:\/\/www.dravivianloureiro.com.br\/blog\/\"},{\"@type\":\"ListItem\",\"position\":2,\"name\":\"Os melhores tratamentos corporais para conquistar o corpo desejado\"}]},{\"@type\":\"WebSite\",\"@id\":\"https:\/\/www.dravivianloureiro.com.br\/blog\/#website\",\"url\":\"https:\/\/www.dravivianloureiro.com.br\/blog\/\",\"name\":\"Dermatologista Vivian Loureiro\",\"description\":\"\",\"publisher\":{\"@id\":\"https:\/\/www.dravivianloureiro.com.br\/blog\/#organization\"},\"potentialAction\":[{\"@type\":\"SearchAction\",\"target\":{\"@type\":\"EntryPoint\",\"urlTemplate\":\"https:\/\/www.dravivianloureiro.com.br\/blog\/?s={search_term_string}\"},\"query-input\":\"required name=search_term_string\"}],\"inLanguage\":\"pt-BR\"},{\"@type\":\"Organization\",\"@id\":\"https:\/\/www.dravivianloureiro.com.br\/blog\/#organization\",\"name\":\"Dra. Vivian Loureiro - Dermatologista Em S\u00e3o Paulo\",\"url\":\"https:\/\/www.dravivianloureiro.com.br\/blog\/\",\"logo\":{\"@type\":\"ImageObject\",\"inLanguage\":\"pt-BR\",\"@id\":\"https:\/\/www.dravivianloureiro.com.br\/blog\/#\/schema\/logo\/image\/\",\"url\":\"https:\/\/www.dravivianloureiro.com.br\/blog\/wp-content\/uploads\/2018\/08\/favicon.jpg\",\"contentUrl\":\"https:\/\/www.dravivianloureiro.com.br\/blog\/wp-content\/uploads\/2018\/08\/favicon.jpg\",\"width\":112,\"height\":112,\"caption\":\"Dra. Vivian Loureiro - Dermatologista Em S\u00e3o Paulo\"},\"image\":{\"@id\":\"https:\/\/www.dravivianloureiro.com.br\/blog\/#\/schema\/logo\/image\/\"},\"sameAs\":[\"https:\/\/pt-br.facebook.com\/vivianloureirodermatologia\/\",\"https:\/\/www.instagram.com\/vivianloureirodermatologia\/\",\"https:\/\/www.linkedin.com\/in\/vivian-barzi-loureiro-a6412887\/\"]},{\"@type\":\"Person\",\"@id\":\"https:\/\/www.dravivianloureiro.com.br\/blog\/#\/schema\/person\/f6272c0e48dae4364ef626c598c5cb84\",\"name\":\"Vivian Loureiro\",\"image\":{\"@type\":\"ImageObject\",\"inLanguage\":\"pt-BR\",\"@id\":\"https:\/\/www.dravivianloureiro.com.br\/blog\/#\/schema\/person\/image\/\",\"url\":\"https:\/\/secure.gravatar.com\/avatar\/8ee2b0fae98657240c77e822ae139ad3?s=96&d=wp_user_avatar&r=g\",\"contentUrl\":\"https:\/\/secure.gravatar.com\/avatar\/8ee2b0fae98657240c77e822ae139ad3?s=96&d=wp_user_avatar&r=g\",\"caption\":\"Vivian Loureiro\"},\"description\":\"M\u00e9dica formada pela Universidade de S\u00e3o Paulo (USP). Realizou resid\u00eancia m\u00e9dica em Dermatologia e complementa\u00e7\u00e3o em Cosmiatria e Laser pelo departamento de Dermatologia do Hospital das Cl\u00ednicas da Faculdade de Medicina da Universidade de S\u00e3o Paulo (USP). Possui t\u00edtulo de especialista em Dermatologia. \u00c9 membro da Sociedade Brasileira de Dermatologia (SBD) e Sociedade Brasileira de Cirurgia Dermatol\u00f3gica (SBCD) e m\u00e9dica do grupo Fleury. Atua nas \u00e1reas de Dermatologia Cl\u00ednica, Cir\u00fargica, Pedi\u00e1trica e Est\u00e9tica. Frequenta e palestra nos principais cursos e congressos de dermatologia, nacionais e internacionais, a fim de se manter em constante atualiza\u00e7\u00e3o.\",\"sameAs\":[\"https:\/\/www.dravivianloureiro.com.br\/\",\"https:\/\/pt-br.facebook.com\/vivianloureirodermatologia\/\",\"https:\/\/www.instagram.com\/vivianloureirodermatologia\/\",\"https:\/\/www.linkedin.com\/in\/vivian-barzi-loureiro-a6412887\/\"]}]}<\/script>\n<!-- \/ Yoast SEO plugin. -->","yoast_head_json":{"title":"Projeto ver\u00e3o - Confira dicas de tratamentos corporais","description":"Com a chegada do ver\u00e3o, chega tamb\u00e9m uma \u00f3tima oportunidade para deixar o corpo em dia. Confira algumas dicas para tratamentos corporais. Dra Gabriela Casabona \u00e9 Dermatologista Especialista em Tratamentos para o Ver\u00e3o em S\u00e3o Paulo - tel: +55 11 3668-5910 - R. Dr Veiga Filho, 350 \u2013 1 andar Higien\u00f3polis \u2013 S\u00e3o Paulo","robots":{"index":"index","follow":"follow","max-snippet":"max-snippet:-1","max-image-preview":"max-image-preview:large","max-video-preview":"max-video-preview:-1"},"canonical":"https:\/\/www.dravivianloureiro.com.br\/blog\/projeto-verao-os-melhores-tratamentos-corporais-para-conquistar-o-corpo-desejado\/","og_locale":"pt_BR","og_type":"article","og_title":"Projeto ver\u00e3o - Confira dicas de tratamentos corporais","og_description":"Com a chegada do ver\u00e3o, chega tamb\u00e9m uma \u00f3tima oportunidade para deixar o corpo em dia. Confira algumas dicas para tratamentos corporais. Dra Gabriela Casabona \u00e9 Dermatologista Especialista em Tratamentos para o Ver\u00e3o em S\u00e3o Paulo - tel: +55 11 3668-5910 - R. Dr Veiga Filho, 350 \u2013 1 andar Higien\u00f3polis \u2013 S\u00e3o Paulo","og_url":"https:\/\/www.dravivianloureiro.com.br\/blog\/projeto-verao-os-melhores-tratamentos-corporais-para-conquistar-o-corpo-desejado\/","og_site_name":"Dra. Vivian Loureiro","article_publisher":"https:\/\/pt-br.facebook.com\/vivianloureirodermatologia\/","article_author":"https:\/\/pt-br.facebook.com\/vivianloureirodermatologia\/","article_published_time":"2015-12-01T12:25:24+00:00","author":"Vivian Loureiro","twitter_card":"summary_large_image","twitter_misc":{"Escrito por":"Vivian Loureiro","Est. tempo de leitura":"3 minutos"},"schema":{"@context":"https:\/\/schema.org","@graph":[{"@type":"Article","@id":"https:\/\/www.dravivianloureiro.com.br\/blog\/projeto-verao-os-melhores-tratamentos-corporais-para-conquistar-o-corpo-desejado\/#article","isPartOf":{"@id":"https:\/\/www.dravivianloureiro.com.br\/blog\/projeto-verao-os-melhores-tratamentos-corporais-para-conquistar-o-corpo-desejado\/"},"author":{"name":"Vivian Loureiro","@id":"https:\/\/www.dravivianloureiro.com.br\/blog\/#\/schema\/person\/f6272c0e48dae4364ef626c598c5cb84"},"headline":"Os melhores tratamentos corporais para conquistar o corpo desejado","datePublished":"2015-12-01T12:25:24+00:00","dateModified":"2015-12-01T12:25:24+00:00","mainEntityOfPage":{"@id":"https:\/\/www.dravivianloureiro.com.br\/blog\/projeto-verao-os-melhores-tratamentos-corporais-para-conquistar-o-corpo-desejado\/"},"wordCount":577,"commentCount":0,"publisher":{"@id":"https:\/\/www.dravivianloureiro.com.br\/blog\/#organization"},"keywords":["celulite","dicas de ver\u00e3o","estrias","pele","pele saudavel","projeto ver\u00e3o","tratamentos","tratamentos corporais","ver\u00e3o","vitamina c"],"articleSection":["Celulite","Estrias","Peeling","Rejuvenescimento"],"inLanguage":"pt-BR","potentialAction":[{"@type":"CommentAction","name":"Comment","target":["https:\/\/www.dravivianloureiro.com.br\/blog\/projeto-verao-os-melhores-tratamentos-corporais-para-conquistar-o-corpo-desejado\/#respond"]}]},{"@type":"WebPage","@id":"https:\/\/www.dravivianloureiro.com.br\/blog\/projeto-verao-os-melhores-tratamentos-corporais-para-conquistar-o-corpo-desejado\/","url":"https:\/\/www.dravivianloureiro.com.br\/blog\/projeto-verao-os-melhores-tratamentos-corporais-para-conquistar-o-corpo-desejado\/","name":"Projeto ver\u00e3o - Confira dicas de tratamentos corporais","isPartOf":{"@id":"https:\/\/www.dravivianloureiro.com.br\/blog\/#website"},"datePublished":"2015-12-01T12:25:24+00:00","dateModified":"2015-12-01T12:25:24+00:00","description":"Com a chegada do ver\u00e3o, chega tamb\u00e9m uma \u00f3tima oportunidade para deixar o corpo em dia. Confira algumas dicas para tratamentos corporais. Dra Gabriela Casabona \u00e9 Dermatologista Especialista em Tratamentos para o Ver\u00e3o em S\u00e3o Paulo - tel: +55 11 3668-5910 - R. Dr Veiga Filho, 350 \u2013 1 andar Higien\u00f3polis \u2013 S\u00e3o Paulo","breadcrumb":{"@id":"https:\/\/www.dravivianloureiro.com.br\/blog\/projeto-verao-os-melhores-tratamentos-corporais-para-conquistar-o-corpo-desejado\/#breadcrumb"},"inLanguage":"pt-BR","potentialAction":[{"@type":"ReadAction","target":["https:\/\/www.dravivianloureiro.com.br\/blog\/projeto-verao-os-melhores-tratamentos-corporais-para-conquistar-o-corpo-desejado\/"]}]},{"@type":"BreadcrumbList","@id":"https:\/\/www.dravivianloureiro.com.br\/blog\/projeto-verao-os-melhores-tratamentos-corporais-para-conquistar-o-corpo-desejado\/#breadcrumb","itemListElement":[{"@type":"ListItem","position":1,"name":"In\u00edcio","item":"https:\/\/www.dravivianloureiro.com.br\/blog\/"},{"@type":"ListItem","position":2,"name":"Os melhores tratamentos corporais para conquistar o corpo desejado"}]},{"@type":"WebSite","@id":"https:\/\/www.dravivianloureiro.com.br\/blog\/#website","url":"https:\/\/www.dravivianloureiro.com.br\/blog\/","name":"Dermatologista Vivian Loureiro","description":"","publisher":{"@id":"https:\/\/www.dravivianloureiro.com.br\/blog\/#organization"},"potentialAction":[{"@type":"SearchAction","target":{"@type":"EntryPoint","urlTemplate":"https:\/\/www.dravivianloureiro.com.br\/blog\/?s={search_term_string}"},"query-input":"required name=search_term_string"}],"inLanguage":"pt-BR"},{"@type":"Organization","@id":"https:\/\/www.dravivianloureiro.com.br\/blog\/#organization","name":"Dra. Vivian Loureiro - Dermatologista Em S\u00e3o Paulo","url":"https:\/\/www.dravivianloureiro.com.br\/blog\/","logo":{"@type":"ImageObject","inLanguage":"pt-BR","@id":"https:\/\/www.dravivianloureiro.com.br\/blog\/#\/schema\/logo\/image\/","url":"https:\/\/www.dravivianloureiro.com.br\/blog\/wp-content\/uploads\/2018\/08\/favicon.jpg","contentUrl":"https:\/\/www.dravivianloureiro.com.br\/blog\/wp-content\/uploads\/2018\/08\/favicon.jpg","width":112,"height":112,"caption":"Dra. Vivian Loureiro - Dermatologista Em S\u00e3o Paulo"},"image":{"@id":"https:\/\/www.dravivianloureiro.com.br\/blog\/#\/schema\/logo\/image\/"},"sameAs":["https:\/\/pt-br.facebook.com\/vivianloureirodermatologia\/","https:\/\/www.instagram.com\/vivianloureirodermatologia\/","https:\/\/www.linkedin.com\/in\/vivian-barzi-loureiro-a6412887\/"]},{"@type":"Person","@id":"https:\/\/www.dravivianloureiro.com.br\/blog\/#\/schema\/person\/f6272c0e48dae4364ef626c598c5cb84","name":"Vivian Loureiro","image":{"@type":"ImageObject","inLanguage":"pt-BR","@id":"https:\/\/www.dravivianloureiro.com.br\/blog\/#\/schema\/person\/image\/","url":"https:\/\/secure.gravatar.com\/avatar\/8ee2b0fae98657240c77e822ae139ad3?s=96&d=wp_user_avatar&r=g","contentUrl":"https:\/\/secure.gravatar.com\/avatar\/8ee2b0fae98657240c77e822ae139ad3?s=96&d=wp_user_avatar&r=g","caption":"Vivian Loureiro"},"description":"M\u00e9dica formada pela Universidade de S\u00e3o Paulo (USP). Realizou resid\u00eancia m\u00e9dica em Dermatologia e complementa\u00e7\u00e3o em Cosmiatria e Laser pelo departamento de Dermatologia do Hospital das Cl\u00ednicas da Faculdade de Medicina da Universidade de S\u00e3o Paulo (USP). Possui t\u00edtulo de especialista em Dermatologia. \u00c9 membro da Sociedade Brasileira de Dermatologia (SBD) e Sociedade Brasileira de Cirurgia Dermatol\u00f3gica (SBCD) e m\u00e9dica do grupo Fleury. Atua nas \u00e1reas de Dermatologia Cl\u00ednica, Cir\u00fargica, Pedi\u00e1trica e Est\u00e9tica. Frequenta e palestra nos principais cursos e congressos de dermatologia, nacionais e internacionais, a fim de se manter em constante atualiza\u00e7\u00e3o.","sameAs":["https:\/\/www.dravivianloureiro.com.br\/","https:\/\/pt-br.facebook.com\/vivianloureirodermatologia\/","https:\/\/www.instagram.com\/vivianloureirodermatologia\/","https:\/\/www.linkedin.com\/in\/vivian-barzi-loureiro-a6412887\/"]}]}},"amp_enabled":true,"_links":{"self":[{"href":"https:\/\/www.dravivianloureiro.com.br\/blog\/wp-json\/wp\/v2\/posts\/2350"}],"collection":[{"href":"https:\/\/www.dravivianloureiro.com.br\/blog\/wp-json\/wp\/v2\/posts"}],"about":[{"href":"https:\/\/www.dravivianloureiro.com.br\/blog\/wp-json\/wp\/v2\/types\/post"}],"author":[{"embeddable":true,"href":"https:\/\/www.dravivianloureiro.com.br\/blog\/wp-json\/wp\/v2\/users\/1"}],"replies":[{"embeddable":true,"href":"https:\/\/www.dravivianloureiro.com.br\/blog\/wp-json\/wp\/v2\/comments?post=2350"}],"version-history":[{"count":0,"href":"https:\/\/www.dravivianloureiro.com.br\/blog\/wp-json\/wp\/v2\/posts\/2350\/revisions"}],"wp:featuredmedia":[{"embeddable":true,"href":"https:\/\/www.dravivianloureiro.com.br\/blog\/wp-json\/"}],"wp:attachment":[{"href":"https:\/\/www.dravivianloureiro.com.br\/blog\/wp-json\/wp\/v2\/media?parent=2350"}],"wp:term":[{"taxonomy":"category","embeddable":true,"href":"https:\/\/www.dravivianloureiro.com.br\/blog\/wp-json\/wp\/v2\/categories?post=2350"},{"taxonomy":"post_tag","embeddable":true,"href":"https:\/\/www.dravivianloureiro.com.br\/blog\/wp-json\/wp\/v2\/tags?post=2350"}],"curies":[{"name":"wp","href":"https:\/\/api.w.org\/{rel}","templated":true}]}}