{"id":230,"date":"2012-11-29T17:29:09","date_gmt":"2012-11-29T17:29:09","guid":{"rendered":"http:\/\/www.gabrielacasabona.com.br\/blog\/?p=230"},"modified":"2012-11-29T17:29:09","modified_gmt":"2012-11-29T17:29:09","slug":"entenda-o-que-causa-a-acne-e-saiba-como-trata-la","status":"publish","type":"post","link":"https:\/\/www.dravivianloureiro.com.br\/blog\/entenda-o-que-causa-a-acne-e-saiba-como-trata-la\/","title":{"rendered":"Entenda o que causa a acne e saiba como trat\u00e1-la"},"content":{"rendered":"<p class=\"estimated-read-time\">Tempo de leitura:<small> 1 minuto<\/small><\/p> <p>Quando o assunto \u00e9 a busca pela pele perfeita, n\u00e3o h\u00e1 nada pior que as indesej\u00e1veis espinhas. Al\u00e9m de derrubar a maquiagem, a acne tamb\u00e9m deixa a autoestima l\u00e1 embaixo. Mas antes de espremer e se livrar delas a qualquer custo, saiba como elas surgem e como trat\u00e1-las.<\/p>\n<p><a href=\"https:\/\/gabrielacasabona.com.br\/?s=acne\">Acne<\/a> \u00e9 uma doen\u00e7a multifatorial. Os motivos mais comuns s\u00e3o horm\u00f4nios, grossura da pele, sebo e bact\u00e9rias. <em><strong>\u201cA origem pode ser a flora bacteriana anormal, como tamb\u00e9m altera\u00e7\u00f5es hormonais. Al\u00e9m desses fatores, h\u00e1 tamb\u00e9m a causa gen\u00e9tica: filhos de dois pais que tiveram quadro de acne t\u00eam 50 a 70% de chance de t\u00ea-lo tamb\u00e9m\u201d<\/strong><\/em>, afirma a dermatologista <em>Gabriela Casabona<\/em>.<\/p>\n<p>Como muitos fatores agravam a acne, o cuidado deve ser redobrado. \u201cDispense h\u00e1bitos que obstruam os poros, como uso de maquiagem, alimenta\u00e7\u00e3o inadequada e uso de suplementos alimentares ou vitam\u00ednicos que aumentam a produ\u00e7\u00e3o de \u00f3leos na pele ou que alteram a produ\u00e7\u00e3o hormonal\u201d, recomenda a dermatologista.<\/p>\n<p>O tratamento para este caso deve come\u00e7ar com a desobstru\u00e7\u00e3o dos cravos, associado a um produto que controle a oleosidade. \u201c<strong>A limpeza pode ser feita em casa, duas vezes ao dia.<\/strong> Depois procure um dermatologista. Nunca tente resolver em casa\u201d, alerta <em>Gabriela.<\/em><\/p>\n<p>Por Rhaissa Monteiro<\/p>\n<p>Esta mat\u00e9ria contou com a colabora\u00e7\u00e3o da Dra Gabriela Casabona.<\/p>\n<p>Link:\u00a0<a title=\"Link da mat\u00e9ria\" href=\"http:\/\/ikesaki.com.br\/noticia\/259\/entenda-o-que-causa-a-acne-e-saiba-como-trata-la.html\" target=\"_blank\" rel=\"noopener\">http:\/\/ikesaki.com.br\/noticia\/259\/entenda-o-que-causa-a-acne-e-saiba-como-trata-la.html<\/a><\/p>\n","protected":false},"excerpt":{"rendered":"<p><small> 1 minuto<\/small> Quando o assunto \u00e9 a busca pela pele perfeita, n\u00e3o h\u00e1 nada pior que as indesej\u00e1veis espinhas. Al\u00e9m de derrubar a maquiagem, a acne tamb\u00e9m deixa a autoestima l\u00e1 embaixo. Mas antes de espremer e se livrar delas a qualquer custo, saiba como elas surgem e como trat\u00e1-las. Acne \u00e9 uma doen\u00e7a multifatorial. Os motivos mais comuns s\u00e3o horm\u00f4nios, grossura da pele, sebo e bact\u00e9rias. \u201cA origem pode ser a flora bacteriana anormal, como tamb\u00e9m altera\u00e7\u00f5es hormonais. Al\u00e9m desses fatores, h\u00e1 tamb\u00e9m <a href=\"https:\/\/www.dravivianloureiro.com.br\/blog\/entenda-o-que-causa-a-acne-e-saiba-como-trata-la\/\" class=\"more-link\"><span>Continue lendo<\/span>\u2192<\/a><\/p>\n","protected":false},"author":1,"featured_media":3582,"comment_status":"open","ping_status":"open","sticky":false,"template":"","format":"standard","meta":[],"categories":[363,368],"tags":[325,389,463,483],"yoast_head":"<!-- This site is optimized with the Yoast SEO plugin v20.6 - https:\/\/yoast.com\/wordpress\/plugins\/seo\/ -->\n<title>Como tratar Acne? Entenda melhor sobre a doen\u00e7a de pele - Beauty Beyond Skin Dermatologia Especializada[:en]Entenda o que causa a acne e saiba como trat\u00e1-la<\/title>\n<meta name=\"description\" content=\"Acne, antes de espremer e se livrar delas a qualquer custo, saiba como elas surgem e como trat\u00e1-las. Gabriela Casabona Dermatologista Especialista em Tratamento de Acne em S\u00e3o Paulo. Telefones: 11 3668-5910 ou 11 3661-9502\" \/>\n<meta name=\"robots\" content=\"index, follow, max-snippet:-1, max-image-preview:large, max-video-preview:-1\" \/>\n<link rel=\"canonical\" href=\"https:\/\/www.dravivianloureiro.com.br\/blog\/entenda-o-que-causa-a-acne-e-saiba-como-trata-la\/\" \/>\n<meta property=\"og:locale\" content=\"pt_BR\" \/>\n<meta property=\"og:type\" content=\"article\" \/>\n<meta property=\"og:title\" content=\"Como tratar Acne? Entenda melhor sobre a doen\u00e7a de pele - Beauty Beyond Skin Dermatologia Especializada[:en]Entenda o que causa a acne e saiba como trat\u00e1-la\" \/>\n<meta property=\"og:description\" content=\"Acne, antes de espremer e se livrar delas a qualquer custo, saiba como elas surgem e como trat\u00e1-las. Gabriela Casabona Dermatologista Especialista em Tratamento de Acne em S\u00e3o Paulo. Telefones: 11 3668-5910 ou 11 3661-9502\" \/>\n<meta property=\"og:url\" content=\"https:\/\/www.dravivianloureiro.com.br\/blog\/entenda-o-que-causa-a-acne-e-saiba-como-trata-la\/\" \/>\n<meta property=\"og:site_name\" content=\"Dra. Vivian Loureiro\" \/>\n<meta property=\"article:publisher\" content=\"https:\/\/pt-br.facebook.com\/vivianloureirodermatologia\/\" \/>\n<meta property=\"article:author\" content=\"https:\/\/pt-br.facebook.com\/vivianloureirodermatologia\/\" \/>\n<meta property=\"article:published_time\" content=\"2012-11-29T17:29:09+00:00\" \/>\n<meta name=\"author\" content=\"Vivian Loureiro\" \/>\n<meta name=\"twitter:card\" content=\"summary_large_image\" \/>\n<meta name=\"twitter:label1\" content=\"Escrito por\" \/>\n\t<meta name=\"twitter:data1\" content=\"Vivian Loureiro\" \/>\n\t<meta name=\"twitter:label2\" content=\"Est. tempo de leitura\" \/>\n\t<meta name=\"twitter:data2\" content=\"1 minuto\" \/>\n<script type=\"application\/ld+json\" class=\"yoast-schema-graph\">{\"@context\":\"https:\/\/schema.org\",\"@graph\":[{\"@type\":\"Article\",\"@id\":\"https:\/\/www.dravivianloureiro.com.br\/blog\/entenda-o-que-causa-a-acne-e-saiba-como-trata-la\/#article\",\"isPartOf\":{\"@id\":\"https:\/\/www.dravivianloureiro.com.br\/blog\/entenda-o-que-causa-a-acne-e-saiba-como-trata-la\/\"},\"author\":{\"name\":\"Vivian Loureiro\",\"@id\":\"https:\/\/www.dravivianloureiro.com.br\/blog\/#\/schema\/person\/f6272c0e48dae4364ef626c598c5cb84\"},\"headline\":\"Entenda o que causa a acne e saiba como trat\u00e1-la\",\"datePublished\":\"2012-11-29T17:29:09+00:00\",\"dateModified\":\"2012-11-29T17:29:09+00:00\",\"mainEntityOfPage\":{\"@id\":\"https:\/\/www.dravivianloureiro.com.br\/blog\/entenda-o-que-causa-a-acne-e-saiba-como-trata-la\/\"},\"wordCount\":251,\"commentCount\":0,\"publisher\":{\"@id\":\"https:\/\/www.dravivianloureiro.com.br\/blog\/#organization\"},\"keywords\":[\"acne\",\"dicas\",\"pele\",\"tratamento acne\"],\"articleSection\":[\"Dicas\",\"Est\u00e9ticos\"],\"inLanguage\":\"pt-BR\",\"potentialAction\":[{\"@type\":\"CommentAction\",\"name\":\"Comment\",\"target\":[\"https:\/\/www.dravivianloureiro.com.br\/blog\/entenda-o-que-causa-a-acne-e-saiba-como-trata-la\/#respond\"]}]},{\"@type\":\"WebPage\",\"@id\":\"https:\/\/www.dravivianloureiro.com.br\/blog\/entenda-o-que-causa-a-acne-e-saiba-como-trata-la\/\",\"url\":\"https:\/\/www.dravivianloureiro.com.br\/blog\/entenda-o-que-causa-a-acne-e-saiba-como-trata-la\/\",\"name\":\"Como tratar Acne? Entenda melhor sobre a doen\u00e7a de pele - Beauty Beyond Skin Dermatologia Especializada[:en]Entenda o que causa a acne e saiba como trat\u00e1-la\",\"isPartOf\":{\"@id\":\"https:\/\/www.dravivianloureiro.com.br\/blog\/#website\"},\"datePublished\":\"2012-11-29T17:29:09+00:00\",\"dateModified\":\"2012-11-29T17:29:09+00:00\",\"description\":\"Acne, antes de espremer e se livrar delas a qualquer custo, saiba como elas surgem e como trat\u00e1-las. Gabriela Casabona Dermatologista Especialista em Tratamento de Acne em S\u00e3o Paulo. Telefones: 11 3668-5910 ou 11 3661-9502\",\"breadcrumb\":{\"@id\":\"https:\/\/www.dravivianloureiro.com.br\/blog\/entenda-o-que-causa-a-acne-e-saiba-como-trata-la\/#breadcrumb\"},\"inLanguage\":\"pt-BR\",\"potentialAction\":[{\"@type\":\"ReadAction\",\"target\":[\"https:\/\/www.dravivianloureiro.com.br\/blog\/entenda-o-que-causa-a-acne-e-saiba-como-trata-la\/\"]}]},{\"@type\":\"BreadcrumbList\",\"@id\":\"https:\/\/www.dravivianloureiro.com.br\/blog\/entenda-o-que-causa-a-acne-e-saiba-como-trata-la\/#breadcrumb\",\"itemListElement\":[{\"@type\":\"ListItem\",\"position\":1,\"name\":\"In\u00edcio\",\"item\":\"https:\/\/www.dravivianloureiro.com.br\/blog\/\"},{\"@type\":\"ListItem\",\"position\":2,\"name\":\"Entenda o que causa a acne e saiba como trat\u00e1-la\"}]},{\"@type\":\"WebSite\",\"@id\":\"https:\/\/www.dravivianloureiro.com.br\/blog\/#website\",\"url\":\"https:\/\/www.dravivianloureiro.com.br\/blog\/\",\"name\":\"Dermatologista Vivian Loureiro\",\"description\":\"\",\"publisher\":{\"@id\":\"https:\/\/www.dravivianloureiro.com.br\/blog\/#organization\"},\"potentialAction\":[{\"@type\":\"SearchAction\",\"target\":{\"@type\":\"EntryPoint\",\"urlTemplate\":\"https:\/\/www.dravivianloureiro.com.br\/blog\/?s={search_term_string}\"},\"query-input\":\"required name=search_term_string\"}],\"inLanguage\":\"pt-BR\"},{\"@type\":\"Organization\",\"@id\":\"https:\/\/www.dravivianloureiro.com.br\/blog\/#organization\",\"name\":\"Dra. Vivian Loureiro - Dermatologista Em S\u00e3o Paulo\",\"url\":\"https:\/\/www.dravivianloureiro.com.br\/blog\/\",\"logo\":{\"@type\":\"ImageObject\",\"inLanguage\":\"pt-BR\",\"@id\":\"https:\/\/www.dravivianloureiro.com.br\/blog\/#\/schema\/logo\/image\/\",\"url\":\"https:\/\/www.dravivianloureiro.com.br\/blog\/wp-content\/uploads\/2018\/08\/favicon.jpg\",\"contentUrl\":\"https:\/\/www.dravivianloureiro.com.br\/blog\/wp-content\/uploads\/2018\/08\/favicon.jpg\",\"width\":112,\"height\":112,\"caption\":\"Dra. Vivian Loureiro - Dermatologista Em S\u00e3o Paulo\"},\"image\":{\"@id\":\"https:\/\/www.dravivianloureiro.com.br\/blog\/#\/schema\/logo\/image\/\"},\"sameAs\":[\"https:\/\/pt-br.facebook.com\/vivianloureirodermatologia\/\",\"https:\/\/www.instagram.com\/vivianloureirodermatologia\/\",\"https:\/\/www.linkedin.com\/in\/vivian-barzi-loureiro-a6412887\/\"]},{\"@type\":\"Person\",\"@id\":\"https:\/\/www.dravivianloureiro.com.br\/blog\/#\/schema\/person\/f6272c0e48dae4364ef626c598c5cb84\",\"name\":\"Vivian Loureiro\",\"image\":{\"@type\":\"ImageObject\",\"inLanguage\":\"pt-BR\",\"@id\":\"https:\/\/www.dravivianloureiro.com.br\/blog\/#\/schema\/person\/image\/\",\"url\":\"https:\/\/secure.gravatar.com\/avatar\/8ee2b0fae98657240c77e822ae139ad3?s=96&d=wp_user_avatar&r=g\",\"contentUrl\":\"https:\/\/secure.gravatar.com\/avatar\/8ee2b0fae98657240c77e822ae139ad3?s=96&d=wp_user_avatar&r=g\",\"caption\":\"Vivian Loureiro\"},\"description\":\"M\u00e9dica formada pela Universidade de S\u00e3o Paulo (USP). Realizou resid\u00eancia m\u00e9dica em Dermatologia e complementa\u00e7\u00e3o em Cosmiatria e Laser pelo departamento de Dermatologia do Hospital das Cl\u00ednicas da Faculdade de Medicina da Universidade de S\u00e3o Paulo (USP). Possui t\u00edtulo de especialista em Dermatologia. \u00c9 membro da Sociedade Brasileira de Dermatologia (SBD) e Sociedade Brasileira de Cirurgia Dermatol\u00f3gica (SBCD) e m\u00e9dica do grupo Fleury. Atua nas \u00e1reas de Dermatologia Cl\u00ednica, Cir\u00fargica, Pedi\u00e1trica e Est\u00e9tica. Frequenta e palestra nos principais cursos e congressos de dermatologia, nacionais e internacionais, a fim de se manter em constante atualiza\u00e7\u00e3o.\",\"sameAs\":[\"https:\/\/www.dravivianloureiro.com.br\/\",\"https:\/\/pt-br.facebook.com\/vivianloureirodermatologia\/\",\"https:\/\/www.instagram.com\/vivianloureirodermatologia\/\",\"https:\/\/www.linkedin.com\/in\/vivian-barzi-loureiro-a6412887\/\"]}]}<\/script>\n<!-- \/ Yoast SEO plugin. -->","yoast_head_json":{"title":"Como tratar Acne? Entenda melhor sobre a doen\u00e7a de pele - Beauty Beyond Skin Dermatologia Especializada[:en]Entenda o que causa a acne e saiba como trat\u00e1-la","description":"Acne, antes de espremer e se livrar delas a qualquer custo, saiba como elas surgem e como trat\u00e1-las. Gabriela Casabona Dermatologista Especialista em Tratamento de Acne em S\u00e3o Paulo. Telefones: 11 3668-5910 ou 11 3661-9502","robots":{"index":"index","follow":"follow","max-snippet":"max-snippet:-1","max-image-preview":"max-image-preview:large","max-video-preview":"max-video-preview:-1"},"canonical":"https:\/\/www.dravivianloureiro.com.br\/blog\/entenda-o-que-causa-a-acne-e-saiba-como-trata-la\/","og_locale":"pt_BR","og_type":"article","og_title":"Como tratar Acne? Entenda melhor sobre a doen\u00e7a de pele - Beauty Beyond Skin Dermatologia Especializada[:en]Entenda o que causa a acne e saiba como trat\u00e1-la","og_description":"Acne, antes de espremer e se livrar delas a qualquer custo, saiba como elas surgem e como trat\u00e1-las. Gabriela Casabona Dermatologista Especialista em Tratamento de Acne em S\u00e3o Paulo. Telefones: 11 3668-5910 ou 11 3661-9502","og_url":"https:\/\/www.dravivianloureiro.com.br\/blog\/entenda-o-que-causa-a-acne-e-saiba-como-trata-la\/","og_site_name":"Dra. Vivian Loureiro","article_publisher":"https:\/\/pt-br.facebook.com\/vivianloureirodermatologia\/","article_author":"https:\/\/pt-br.facebook.com\/vivianloureirodermatologia\/","article_published_time":"2012-11-29T17:29:09+00:00","author":"Vivian Loureiro","twitter_card":"summary_large_image","twitter_misc":{"Escrito por":"Vivian Loureiro","Est. tempo de leitura":"1 minuto"},"schema":{"@context":"https:\/\/schema.org","@graph":[{"@type":"Article","@id":"https:\/\/www.dravivianloureiro.com.br\/blog\/entenda-o-que-causa-a-acne-e-saiba-como-trata-la\/#article","isPartOf":{"@id":"https:\/\/www.dravivianloureiro.com.br\/blog\/entenda-o-que-causa-a-acne-e-saiba-como-trata-la\/"},"author":{"name":"Vivian Loureiro","@id":"https:\/\/www.dravivianloureiro.com.br\/blog\/#\/schema\/person\/f6272c0e48dae4364ef626c598c5cb84"},"headline":"Entenda o que causa a acne e saiba como trat\u00e1-la","datePublished":"2012-11-29T17:29:09+00:00","dateModified":"2012-11-29T17:29:09+00:00","mainEntityOfPage":{"@id":"https:\/\/www.dravivianloureiro.com.br\/blog\/entenda-o-que-causa-a-acne-e-saiba-como-trata-la\/"},"wordCount":251,"commentCount":0,"publisher":{"@id":"https:\/\/www.dravivianloureiro.com.br\/blog\/#organization"},"keywords":["acne","dicas","pele","tratamento acne"],"articleSection":["Dicas","Est\u00e9ticos"],"inLanguage":"pt-BR","potentialAction":[{"@type":"CommentAction","name":"Comment","target":["https:\/\/www.dravivianloureiro.com.br\/blog\/entenda-o-que-causa-a-acne-e-saiba-como-trata-la\/#respond"]}]},{"@type":"WebPage","@id":"https:\/\/www.dravivianloureiro.com.br\/blog\/entenda-o-que-causa-a-acne-e-saiba-como-trata-la\/","url":"https:\/\/www.dravivianloureiro.com.br\/blog\/entenda-o-que-causa-a-acne-e-saiba-como-trata-la\/","name":"Como tratar Acne? Entenda melhor sobre a doen\u00e7a de pele - Beauty Beyond Skin Dermatologia Especializada[:en]Entenda o que causa a acne e saiba como trat\u00e1-la","isPartOf":{"@id":"https:\/\/www.dravivianloureiro.com.br\/blog\/#website"},"datePublished":"2012-11-29T17:29:09+00:00","dateModified":"2012-11-29T17:29:09+00:00","description":"Acne, antes de espremer e se livrar delas a qualquer custo, saiba como elas surgem e como trat\u00e1-las. Gabriela Casabona Dermatologista Especialista em Tratamento de Acne em S\u00e3o Paulo. Telefones: 11 3668-5910 ou 11 3661-9502","breadcrumb":{"@id":"https:\/\/www.dravivianloureiro.com.br\/blog\/entenda-o-que-causa-a-acne-e-saiba-como-trata-la\/#breadcrumb"},"inLanguage":"pt-BR","potentialAction":[{"@type":"ReadAction","target":["https:\/\/www.dravivianloureiro.com.br\/blog\/entenda-o-que-causa-a-acne-e-saiba-como-trata-la\/"]}]},{"@type":"BreadcrumbList","@id":"https:\/\/www.dravivianloureiro.com.br\/blog\/entenda-o-que-causa-a-acne-e-saiba-como-trata-la\/#breadcrumb","itemListElement":[{"@type":"ListItem","position":1,"name":"In\u00edcio","item":"https:\/\/www.dravivianloureiro.com.br\/blog\/"},{"@type":"ListItem","position":2,"name":"Entenda o que causa a acne e saiba como trat\u00e1-la"}]},{"@type":"WebSite","@id":"https:\/\/www.dravivianloureiro.com.br\/blog\/#website","url":"https:\/\/www.dravivianloureiro.com.br\/blog\/","name":"Dermatologista Vivian Loureiro","description":"","publisher":{"@id":"https:\/\/www.dravivianloureiro.com.br\/blog\/#organization"},"potentialAction":[{"@type":"SearchAction","target":{"@type":"EntryPoint","urlTemplate":"https:\/\/www.dravivianloureiro.com.br\/blog\/?s={search_term_string}"},"query-input":"required name=search_term_string"}],"inLanguage":"pt-BR"},{"@type":"Organization","@id":"https:\/\/www.dravivianloureiro.com.br\/blog\/#organization","name":"Dra. Vivian Loureiro - Dermatologista Em S\u00e3o Paulo","url":"https:\/\/www.dravivianloureiro.com.br\/blog\/","logo":{"@type":"ImageObject","inLanguage":"pt-BR","@id":"https:\/\/www.dravivianloureiro.com.br\/blog\/#\/schema\/logo\/image\/","url":"https:\/\/www.dravivianloureiro.com.br\/blog\/wp-content\/uploads\/2018\/08\/favicon.jpg","contentUrl":"https:\/\/www.dravivianloureiro.com.br\/blog\/wp-content\/uploads\/2018\/08\/favicon.jpg","width":112,"height":112,"caption":"Dra. Vivian Loureiro - Dermatologista Em S\u00e3o Paulo"},"image":{"@id":"https:\/\/www.dravivianloureiro.com.br\/blog\/#\/schema\/logo\/image\/"},"sameAs":["https:\/\/pt-br.facebook.com\/vivianloureirodermatologia\/","https:\/\/www.instagram.com\/vivianloureirodermatologia\/","https:\/\/www.linkedin.com\/in\/vivian-barzi-loureiro-a6412887\/"]},{"@type":"Person","@id":"https:\/\/www.dravivianloureiro.com.br\/blog\/#\/schema\/person\/f6272c0e48dae4364ef626c598c5cb84","name":"Vivian Loureiro","image":{"@type":"ImageObject","inLanguage":"pt-BR","@id":"https:\/\/www.dravivianloureiro.com.br\/blog\/#\/schema\/person\/image\/","url":"https:\/\/secure.gravatar.com\/avatar\/8ee2b0fae98657240c77e822ae139ad3?s=96&d=wp_user_avatar&r=g","contentUrl":"https:\/\/secure.gravatar.com\/avatar\/8ee2b0fae98657240c77e822ae139ad3?s=96&d=wp_user_avatar&r=g","caption":"Vivian Loureiro"},"description":"M\u00e9dica formada pela Universidade de S\u00e3o Paulo (USP). Realizou resid\u00eancia m\u00e9dica em Dermatologia e complementa\u00e7\u00e3o em Cosmiatria e Laser pelo departamento de Dermatologia do Hospital das Cl\u00ednicas da Faculdade de Medicina da Universidade de S\u00e3o Paulo (USP). Possui t\u00edtulo de especialista em Dermatologia. \u00c9 membro da Sociedade Brasileira de Dermatologia (SBD) e Sociedade Brasileira de Cirurgia Dermatol\u00f3gica (SBCD) e m\u00e9dica do grupo Fleury. Atua nas \u00e1reas de Dermatologia Cl\u00ednica, Cir\u00fargica, Pedi\u00e1trica e Est\u00e9tica. Frequenta e palestra nos principais cursos e congressos de dermatologia, nacionais e internacionais, a fim de se manter em constante atualiza\u00e7\u00e3o.","sameAs":["https:\/\/www.dravivianloureiro.com.br\/","https:\/\/pt-br.facebook.com\/vivianloureirodermatologia\/","https:\/\/www.instagram.com\/vivianloureirodermatologia\/","https:\/\/www.linkedin.com\/in\/vivian-barzi-loureiro-a6412887\/"]}]}},"amp_enabled":true,"_links":{"self":[{"href":"https:\/\/www.dravivianloureiro.com.br\/blog\/wp-json\/wp\/v2\/posts\/230"}],"collection":[{"href":"https:\/\/www.dravivianloureiro.com.br\/blog\/wp-json\/wp\/v2\/posts"}],"about":[{"href":"https:\/\/www.dravivianloureiro.com.br\/blog\/wp-json\/wp\/v2\/types\/post"}],"author":[{"embeddable":true,"href":"https:\/\/www.dravivianloureiro.com.br\/blog\/wp-json\/wp\/v2\/users\/1"}],"replies":[{"embeddable":true,"href":"https:\/\/www.dravivianloureiro.com.br\/blog\/wp-json\/wp\/v2\/comments?post=230"}],"version-history":[{"count":0,"href":"https:\/\/www.dravivianloureiro.com.br\/blog\/wp-json\/wp\/v2\/posts\/230\/revisions"}],"wp:featuredmedia":[{"embeddable":true,"href":"https:\/\/www.dravivianloureiro.com.br\/blog\/wp-json\/"}],"wp:attachment":[{"href":"https:\/\/www.dravivianloureiro.com.br\/blog\/wp-json\/wp\/v2\/media?parent=230"}],"wp:term":[{"taxonomy":"category","embeddable":true,"href":"https:\/\/www.dravivianloureiro.com.br\/blog\/wp-json\/wp\/v2\/categories?post=230"},{"taxonomy":"post_tag","embeddable":true,"href":"https:\/\/www.dravivianloureiro.com.br\/blog\/wp-json\/wp\/v2\/tags?post=230"}],"curies":[{"name":"wp","href":"https:\/\/api.w.org\/{rel}","templated":true}]}}