{"id":2264,"date":"2015-10-04T22:21:51","date_gmt":"2015-10-05T01:21:51","guid":{"rendered":"https:\/\/gabrielacasabona.com.br\/?p=2264"},"modified":"2015-10-04T22:21:51","modified_gmt":"2015-10-05T01:21:51","slug":"fio-polilatico-a-opcao-segura-de-lifting","status":"publish","type":"post","link":"https:\/\/www.dravivianloureiro.com.br\/blog\/fio-polilatico-a-opcao-segura-de-lifting\/","title":{"rendered":"Fio Polil\u00e1tico: A op\u00e7\u00e3o segura de lifting"},"content":{"rendered":"<p class=\"estimated-read-time\">Tempo de leitura:<small> 2 minutos<\/small><\/p> <h2>O procedimento ajuda a redimensionar os tra\u00e7os da sua face, trazendo simetria e beleza com naturalidade.<\/h2>\n<p>Parece recente, mas foi l\u00e1 no S\u00e9culo 16 que o ideal de rosto perfeito nasceu, fruto dos estudos matem\u00e1ticos de Leonardo Da Vinci. Foi ele quem criou a Propor\u00e7\u00e3o \u00c1urea, sobre as medidas ideais para o rosto humano considerado perfeito. At\u00e9 hoje, m\u00e9dicos e cirurgi\u00f5es do mundo inteiro se baseiam nesses estudos para auxiliar pacientes em busca da beleza.<br \/>\nSegundo da Vinci, a simetria entre os lados esquerdo e direito do rosto humano, d\u00e3o maior impress\u00e3o de perfei\u00e7\u00e3o e beleza, al\u00e9m de equilibrar e deixar o olhar mais atraente (quem n\u00e3o quer, n\u00e9?).<br \/>\nSempre temos que buscar como proporcionar a face, mas respeitando as caracter\u00edsticas de cada um. O rejuvenescimento 3D \u00e9 uma combina\u00e7\u00e3o de reestrutura\u00e7\u00e3o, volume, lifting ou reposicionamento de tecidos e regenera\u00e7\u00e3o da pele.<\/p>\n<p>Hoje temos muito poucas op\u00e7\u00f5es de lifting minimamente invasivos sendo os fios reabsorv\u00edveis um dos mais seguros e efetivos.<br \/>\nE se engana quem pensa que a t\u00e9cnica \u00e9 indicada s\u00f3 para pessoas com rostos muito assim\u00e9tricos. At\u00e9 mesmo quem tem medidas parecidas, com o passar do tempo e com o envelhecimento da pele, vai sofrendo mudan\u00e7as na propor\u00e7\u00e3o facial, por conta da perda de tecido adiposo e de massa \u00f3ssea.<\/p>\n<h2>A solu\u00e7\u00e3o: Fio Polil\u00e1tico!<\/h2>\n<p>O melhor \u00e9 que, al\u00e9m de embelezar, o procedimento n\u00e3o necessita de cortes. O Fio Polil\u00e1tico tem pequenos cones que prendem nos tecidos da pele no momento em que o profissional o puxa. \u00c9 justamente isso que proporciona o efeito lifting (ou reposicionamento da pele e subcut\u00e2neo).<\/p>\n<p>O resultado do Fio Polil\u00e1tico \u00e9 vis\u00edvel na hora! J\u00e1 no momento da aplica\u00e7\u00e3o voc\u00ea ganha um rosto mais descansado, mais bonito e cheio de vitalidade. Incr\u00edvel, n\u00e9?<\/p>\n<h3>Est\u00edmulo de\u00a0Col\u00e1geno<\/h3>\n<p>Se n\u00e3o bastasse ser minimamente invasivo, o Fio Polil\u00e1tico ainda ajuda na produ\u00e7\u00e3o de col\u00e1geno, o que d\u00e1 muito mais firmeza \u00e0 pele. O motivo para isso \u00e9 que a puxada da pele no momento de coloca\u00e7\u00e3o do fio causa uma rea\u00e7\u00e3o inflamat\u00f3ria no local, por sua vez o organismo responde com maior fabrica\u00e7\u00e3o de col\u00e1geno ao redor dos fios.<\/p>\n<h3>Coloca\u00e7\u00e3o<\/h3>\n<p>Como eu disse acima, o procedimento \u00e9 bastante toler\u00e1vel (pacientes n\u00e3o sentem dor, no m\u00e1ximo um incomodo) e \u00e9 feito na pr\u00f3pria cl\u00ednica de dermatologia, com anestesia s\u00f3 onde o fio vai entrar. Normalmente, as \u00e1reas que recebem o Fio Polil\u00e1tico s\u00e3o a testa, a regi\u00e3o da bochecha, o contorno do rosto e o pesco\u00e7o.<\/p>\n<h3>Absor\u00e7\u00e3o<\/h3>\n<p>A absor\u00e7\u00e3o do Fio Polil\u00e1tico \u00e9 tranquila e acontece em at\u00e9 2 anos depois do procedimento. Depois disso, o paciente tem total liberdade para escolher se realiza o procedimento novamente ou n\u00e3o.<\/p>\n<h3>Gostou?<\/h3>\n<p>O Fio Polil\u00e1tico \u00e9 de grande ajuda para quem busca um rejuvenescimento natural e minimamente invasivo. Qualquer d\u00favida sobre a t\u00e9cnica, deixe nos coment\u00e1rios.<\/p>\n","protected":false},"excerpt":{"rendered":"<p><small> 2 minutos<\/small> O procedimento ajuda a redimensionar os tra\u00e7os da sua face, trazendo simetria e beleza com naturalidade. Parece recente, mas foi l\u00e1 no S\u00e9culo 16 que o ideal de rosto perfeito nasceu, fruto dos estudos matem\u00e1ticos de Leonardo Da Vinci. Foi ele quem criou a Propor\u00e7\u00e3o \u00c1urea, sobre as medidas ideais para o rosto humano considerado perfeito. At\u00e9 hoje, m\u00e9dicos e cirurgi\u00f5es do mundo inteiro se baseiam nesses estudos para auxiliar pacientes em busca da beleza. Segundo da Vinci, a simetria entre os <a href=\"https:\/\/www.dravivianloureiro.com.br\/blog\/fio-polilatico-a-opcao-segura-de-lifting\/\" class=\"more-link\"><span>Continue lendo<\/span>\u2192<\/a><\/p>\n","protected":false},"author":1,"featured_media":3586,"comment_status":"open","ping_status":"open","sticky":false,"template":"","format":"standard","meta":[],"categories":[368,551,134],"tags":[542,441,421],"yoast_head":"<!-- This site is optimized with the Yoast SEO plugin v20.6 - https:\/\/yoast.com\/wordpress\/plugins\/seo\/ -->\n<title>Coloca\u00e7\u00e3o de Fios na Face, A op\u00e7\u00e3o segura de lifting - Beauty Beyond Skin Dermatologia Especializada<\/title>\n<meta name=\"description\" content=\"Os Fios de Sustenta\u00e7\u00e3o tem pequenos cones que prendem nos tecidos da pele no momento em que o profissional o puxa. \u00c9 justamente isso que traz o efeito lifting. Gabriela Casabona Dermatologista Especialista em Fio Polil\u00e1tico em S\u00e3o Paulo. Telefones: 11 3668-5910\" \/>\n<meta name=\"robots\" content=\"index, follow, max-snippet:-1, max-image-preview:large, max-video-preview:-1\" \/>\n<link rel=\"canonical\" href=\"https:\/\/www.dravivianloureiro.com.br\/blog\/fio-polilatico-a-opcao-segura-de-lifting\/\" \/>\n<meta property=\"og:locale\" content=\"pt_BR\" \/>\n<meta property=\"og:type\" content=\"article\" \/>\n<meta property=\"og:title\" content=\"Coloca\u00e7\u00e3o de Fios na Face, A op\u00e7\u00e3o segura de lifting - Beauty Beyond Skin Dermatologia Especializada\" \/>\n<meta property=\"og:description\" content=\"Os Fios de Sustenta\u00e7\u00e3o tem pequenos cones que prendem nos tecidos da pele no momento em que o profissional o puxa. \u00c9 justamente isso que traz o efeito lifting. Gabriela Casabona Dermatologista Especialista em Fio Polil\u00e1tico em S\u00e3o Paulo. Telefones: 11 3668-5910\" \/>\n<meta property=\"og:url\" content=\"https:\/\/www.dravivianloureiro.com.br\/blog\/fio-polilatico-a-opcao-segura-de-lifting\/\" \/>\n<meta property=\"og:site_name\" content=\"Dra. Vivian Loureiro\" \/>\n<meta property=\"article:publisher\" content=\"https:\/\/pt-br.facebook.com\/vivianloureirodermatologia\/\" \/>\n<meta property=\"article:author\" content=\"https:\/\/pt-br.facebook.com\/vivianloureirodermatologia\/\" \/>\n<meta property=\"article:published_time\" content=\"2015-10-05T01:21:51+00:00\" \/>\n<meta name=\"author\" content=\"Vivian Loureiro\" \/>\n<meta name=\"twitter:card\" content=\"summary_large_image\" \/>\n<meta name=\"twitter:label1\" content=\"Escrito por\" \/>\n\t<meta name=\"twitter:data1\" content=\"Vivian Loureiro\" \/>\n\t<meta name=\"twitter:label2\" content=\"Est. tempo de leitura\" \/>\n\t<meta name=\"twitter:data2\" content=\"3 minutos\" \/>\n<script type=\"application\/ld+json\" class=\"yoast-schema-graph\">{\"@context\":\"https:\/\/schema.org\",\"@graph\":[{\"@type\":\"Article\",\"@id\":\"https:\/\/www.dravivianloureiro.com.br\/blog\/fio-polilatico-a-opcao-segura-de-lifting\/#article\",\"isPartOf\":{\"@id\":\"https:\/\/www.dravivianloureiro.com.br\/blog\/fio-polilatico-a-opcao-segura-de-lifting\/\"},\"author\":{\"name\":\"Vivian Loureiro\",\"@id\":\"https:\/\/www.dravivianloureiro.com.br\/blog\/#\/schema\/person\/f6272c0e48dae4364ef626c598c5cb84\"},\"headline\":\"Fio Polil\u00e1tico: A op\u00e7\u00e3o segura de lifting\",\"datePublished\":\"2015-10-05T01:21:51+00:00\",\"dateModified\":\"2015-10-05T01:21:51+00:00\",\"mainEntityOfPage\":{\"@id\":\"https:\/\/www.dravivianloureiro.com.br\/blog\/fio-polilatico-a-opcao-segura-de-lifting\/\"},\"wordCount\":524,\"commentCount\":0,\"publisher\":{\"@id\":\"https:\/\/www.dravivianloureiro.com.br\/blog\/#organization\"},\"keywords\":[\"fio polilatico\",\"lifting\",\"rejuvenescimento 3d\"],\"articleSection\":[\"Est\u00e9ticos\",\"Lifting\",\"Rejuvenescimento\"],\"inLanguage\":\"pt-BR\",\"potentialAction\":[{\"@type\":\"CommentAction\",\"name\":\"Comment\",\"target\":[\"https:\/\/www.dravivianloureiro.com.br\/blog\/fio-polilatico-a-opcao-segura-de-lifting\/#respond\"]}]},{\"@type\":\"WebPage\",\"@id\":\"https:\/\/www.dravivianloureiro.com.br\/blog\/fio-polilatico-a-opcao-segura-de-lifting\/\",\"url\":\"https:\/\/www.dravivianloureiro.com.br\/blog\/fio-polilatico-a-opcao-segura-de-lifting\/\",\"name\":\"Coloca\u00e7\u00e3o de Fios na Face, A op\u00e7\u00e3o segura de lifting - Beauty Beyond Skin Dermatologia Especializada\",\"isPartOf\":{\"@id\":\"https:\/\/www.dravivianloureiro.com.br\/blog\/#website\"},\"datePublished\":\"2015-10-05T01:21:51+00:00\",\"dateModified\":\"2015-10-05T01:21:51+00:00\",\"description\":\"Os Fios de Sustenta\u00e7\u00e3o tem pequenos cones que prendem nos tecidos da pele no momento em que o profissional o puxa. \u00c9 justamente isso que traz o efeito lifting. Gabriela Casabona Dermatologista Especialista em Fio Polil\u00e1tico em S\u00e3o Paulo. Telefones: 11 3668-5910\",\"breadcrumb\":{\"@id\":\"https:\/\/www.dravivianloureiro.com.br\/blog\/fio-polilatico-a-opcao-segura-de-lifting\/#breadcrumb\"},\"inLanguage\":\"pt-BR\",\"potentialAction\":[{\"@type\":\"ReadAction\",\"target\":[\"https:\/\/www.dravivianloureiro.com.br\/blog\/fio-polilatico-a-opcao-segura-de-lifting\/\"]}]},{\"@type\":\"BreadcrumbList\",\"@id\":\"https:\/\/www.dravivianloureiro.com.br\/blog\/fio-polilatico-a-opcao-segura-de-lifting\/#breadcrumb\",\"itemListElement\":[{\"@type\":\"ListItem\",\"position\":1,\"name\":\"In\u00edcio\",\"item\":\"https:\/\/www.dravivianloureiro.com.br\/blog\/\"},{\"@type\":\"ListItem\",\"position\":2,\"name\":\"Fio Polil\u00e1tico: A op\u00e7\u00e3o segura de lifting\"}]},{\"@type\":\"WebSite\",\"@id\":\"https:\/\/www.dravivianloureiro.com.br\/blog\/#website\",\"url\":\"https:\/\/www.dravivianloureiro.com.br\/blog\/\",\"name\":\"Dermatologista Vivian Loureiro\",\"description\":\"\",\"publisher\":{\"@id\":\"https:\/\/www.dravivianloureiro.com.br\/blog\/#organization\"},\"potentialAction\":[{\"@type\":\"SearchAction\",\"target\":{\"@type\":\"EntryPoint\",\"urlTemplate\":\"https:\/\/www.dravivianloureiro.com.br\/blog\/?s={search_term_string}\"},\"query-input\":\"required name=search_term_string\"}],\"inLanguage\":\"pt-BR\"},{\"@type\":\"Organization\",\"@id\":\"https:\/\/www.dravivianloureiro.com.br\/blog\/#organization\",\"name\":\"Dra. Vivian Loureiro - Dermatologista Em S\u00e3o Paulo\",\"url\":\"https:\/\/www.dravivianloureiro.com.br\/blog\/\",\"logo\":{\"@type\":\"ImageObject\",\"inLanguage\":\"pt-BR\",\"@id\":\"https:\/\/www.dravivianloureiro.com.br\/blog\/#\/schema\/logo\/image\/\",\"url\":\"https:\/\/www.dravivianloureiro.com.br\/blog\/wp-content\/uploads\/2018\/08\/favicon.jpg\",\"contentUrl\":\"https:\/\/www.dravivianloureiro.com.br\/blog\/wp-content\/uploads\/2018\/08\/favicon.jpg\",\"width\":112,\"height\":112,\"caption\":\"Dra. Vivian Loureiro - Dermatologista Em S\u00e3o Paulo\"},\"image\":{\"@id\":\"https:\/\/www.dravivianloureiro.com.br\/blog\/#\/schema\/logo\/image\/\"},\"sameAs\":[\"https:\/\/pt-br.facebook.com\/vivianloureirodermatologia\/\",\"https:\/\/www.instagram.com\/vivianloureirodermatologia\/\",\"https:\/\/www.linkedin.com\/in\/vivian-barzi-loureiro-a6412887\/\"]},{\"@type\":\"Person\",\"@id\":\"https:\/\/www.dravivianloureiro.com.br\/blog\/#\/schema\/person\/f6272c0e48dae4364ef626c598c5cb84\",\"name\":\"Vivian Loureiro\",\"image\":{\"@type\":\"ImageObject\",\"inLanguage\":\"pt-BR\",\"@id\":\"https:\/\/www.dravivianloureiro.com.br\/blog\/#\/schema\/person\/image\/\",\"url\":\"https:\/\/secure.gravatar.com\/avatar\/8ee2b0fae98657240c77e822ae139ad3?s=96&d=wp_user_avatar&r=g\",\"contentUrl\":\"https:\/\/secure.gravatar.com\/avatar\/8ee2b0fae98657240c77e822ae139ad3?s=96&d=wp_user_avatar&r=g\",\"caption\":\"Vivian Loureiro\"},\"description\":\"M\u00e9dica formada pela Universidade de S\u00e3o Paulo (USP). Realizou resid\u00eancia m\u00e9dica em Dermatologia e complementa\u00e7\u00e3o em Cosmiatria e Laser pelo departamento de Dermatologia do Hospital das Cl\u00ednicas da Faculdade de Medicina da Universidade de S\u00e3o Paulo (USP). Possui t\u00edtulo de especialista em Dermatologia. \u00c9 membro da Sociedade Brasileira de Dermatologia (SBD) e Sociedade Brasileira de Cirurgia Dermatol\u00f3gica (SBCD) e m\u00e9dica do grupo Fleury. Atua nas \u00e1reas de Dermatologia Cl\u00ednica, Cir\u00fargica, Pedi\u00e1trica e Est\u00e9tica. Frequenta e palestra nos principais cursos e congressos de dermatologia, nacionais e internacionais, a fim de se manter em constante atualiza\u00e7\u00e3o.\",\"sameAs\":[\"https:\/\/www.dravivianloureiro.com.br\/\",\"https:\/\/pt-br.facebook.com\/vivianloureirodermatologia\/\",\"https:\/\/www.instagram.com\/vivianloureirodermatologia\/\",\"https:\/\/www.linkedin.com\/in\/vivian-barzi-loureiro-a6412887\/\"]}]}<\/script>\n<!-- \/ Yoast SEO plugin. -->","yoast_head_json":{"title":"Coloca\u00e7\u00e3o de Fios na Face, A op\u00e7\u00e3o segura de lifting - Beauty Beyond Skin Dermatologia Especializada","description":"Os Fios de Sustenta\u00e7\u00e3o tem pequenos cones que prendem nos tecidos da pele no momento em que o profissional o puxa. \u00c9 justamente isso que traz o efeito lifting. Gabriela Casabona Dermatologista Especialista em Fio Polil\u00e1tico em S\u00e3o Paulo. Telefones: 11 3668-5910","robots":{"index":"index","follow":"follow","max-snippet":"max-snippet:-1","max-image-preview":"max-image-preview:large","max-video-preview":"max-video-preview:-1"},"canonical":"https:\/\/www.dravivianloureiro.com.br\/blog\/fio-polilatico-a-opcao-segura-de-lifting\/","og_locale":"pt_BR","og_type":"article","og_title":"Coloca\u00e7\u00e3o de Fios na Face, A op\u00e7\u00e3o segura de lifting - Beauty Beyond Skin Dermatologia Especializada","og_description":"Os Fios de Sustenta\u00e7\u00e3o tem pequenos cones que prendem nos tecidos da pele no momento em que o profissional o puxa. \u00c9 justamente isso que traz o efeito lifting. Gabriela Casabona Dermatologista Especialista em Fio Polil\u00e1tico em S\u00e3o Paulo. Telefones: 11 3668-5910","og_url":"https:\/\/www.dravivianloureiro.com.br\/blog\/fio-polilatico-a-opcao-segura-de-lifting\/","og_site_name":"Dra. Vivian Loureiro","article_publisher":"https:\/\/pt-br.facebook.com\/vivianloureirodermatologia\/","article_author":"https:\/\/pt-br.facebook.com\/vivianloureirodermatologia\/","article_published_time":"2015-10-05T01:21:51+00:00","author":"Vivian Loureiro","twitter_card":"summary_large_image","twitter_misc":{"Escrito por":"Vivian Loureiro","Est. tempo de leitura":"3 minutos"},"schema":{"@context":"https:\/\/schema.org","@graph":[{"@type":"Article","@id":"https:\/\/www.dravivianloureiro.com.br\/blog\/fio-polilatico-a-opcao-segura-de-lifting\/#article","isPartOf":{"@id":"https:\/\/www.dravivianloureiro.com.br\/blog\/fio-polilatico-a-opcao-segura-de-lifting\/"},"author":{"name":"Vivian Loureiro","@id":"https:\/\/www.dravivianloureiro.com.br\/blog\/#\/schema\/person\/f6272c0e48dae4364ef626c598c5cb84"},"headline":"Fio Polil\u00e1tico: A op\u00e7\u00e3o segura de lifting","datePublished":"2015-10-05T01:21:51+00:00","dateModified":"2015-10-05T01:21:51+00:00","mainEntityOfPage":{"@id":"https:\/\/www.dravivianloureiro.com.br\/blog\/fio-polilatico-a-opcao-segura-de-lifting\/"},"wordCount":524,"commentCount":0,"publisher":{"@id":"https:\/\/www.dravivianloureiro.com.br\/blog\/#organization"},"keywords":["fio polilatico","lifting","rejuvenescimento 3d"],"articleSection":["Est\u00e9ticos","Lifting","Rejuvenescimento"],"inLanguage":"pt-BR","potentialAction":[{"@type":"CommentAction","name":"Comment","target":["https:\/\/www.dravivianloureiro.com.br\/blog\/fio-polilatico-a-opcao-segura-de-lifting\/#respond"]}]},{"@type":"WebPage","@id":"https:\/\/www.dravivianloureiro.com.br\/blog\/fio-polilatico-a-opcao-segura-de-lifting\/","url":"https:\/\/www.dravivianloureiro.com.br\/blog\/fio-polilatico-a-opcao-segura-de-lifting\/","name":"Coloca\u00e7\u00e3o de Fios na Face, A op\u00e7\u00e3o segura de lifting - Beauty Beyond Skin Dermatologia Especializada","isPartOf":{"@id":"https:\/\/www.dravivianloureiro.com.br\/blog\/#website"},"datePublished":"2015-10-05T01:21:51+00:00","dateModified":"2015-10-05T01:21:51+00:00","description":"Os Fios de Sustenta\u00e7\u00e3o tem pequenos cones que prendem nos tecidos da pele no momento em que o profissional o puxa. \u00c9 justamente isso que traz o efeito lifting. Gabriela Casabona Dermatologista Especialista em Fio Polil\u00e1tico em S\u00e3o Paulo. Telefones: 11 3668-5910","breadcrumb":{"@id":"https:\/\/www.dravivianloureiro.com.br\/blog\/fio-polilatico-a-opcao-segura-de-lifting\/#breadcrumb"},"inLanguage":"pt-BR","potentialAction":[{"@type":"ReadAction","target":["https:\/\/www.dravivianloureiro.com.br\/blog\/fio-polilatico-a-opcao-segura-de-lifting\/"]}]},{"@type":"BreadcrumbList","@id":"https:\/\/www.dravivianloureiro.com.br\/blog\/fio-polilatico-a-opcao-segura-de-lifting\/#breadcrumb","itemListElement":[{"@type":"ListItem","position":1,"name":"In\u00edcio","item":"https:\/\/www.dravivianloureiro.com.br\/blog\/"},{"@type":"ListItem","position":2,"name":"Fio Polil\u00e1tico: A op\u00e7\u00e3o segura de lifting"}]},{"@type":"WebSite","@id":"https:\/\/www.dravivianloureiro.com.br\/blog\/#website","url":"https:\/\/www.dravivianloureiro.com.br\/blog\/","name":"Dermatologista Vivian Loureiro","description":"","publisher":{"@id":"https:\/\/www.dravivianloureiro.com.br\/blog\/#organization"},"potentialAction":[{"@type":"SearchAction","target":{"@type":"EntryPoint","urlTemplate":"https:\/\/www.dravivianloureiro.com.br\/blog\/?s={search_term_string}"},"query-input":"required name=search_term_string"}],"inLanguage":"pt-BR"},{"@type":"Organization","@id":"https:\/\/www.dravivianloureiro.com.br\/blog\/#organization","name":"Dra. Vivian Loureiro - Dermatologista Em S\u00e3o Paulo","url":"https:\/\/www.dravivianloureiro.com.br\/blog\/","logo":{"@type":"ImageObject","inLanguage":"pt-BR","@id":"https:\/\/www.dravivianloureiro.com.br\/blog\/#\/schema\/logo\/image\/","url":"https:\/\/www.dravivianloureiro.com.br\/blog\/wp-content\/uploads\/2018\/08\/favicon.jpg","contentUrl":"https:\/\/www.dravivianloureiro.com.br\/blog\/wp-content\/uploads\/2018\/08\/favicon.jpg","width":112,"height":112,"caption":"Dra. Vivian Loureiro - Dermatologista Em S\u00e3o Paulo"},"image":{"@id":"https:\/\/www.dravivianloureiro.com.br\/blog\/#\/schema\/logo\/image\/"},"sameAs":["https:\/\/pt-br.facebook.com\/vivianloureirodermatologia\/","https:\/\/www.instagram.com\/vivianloureirodermatologia\/","https:\/\/www.linkedin.com\/in\/vivian-barzi-loureiro-a6412887\/"]},{"@type":"Person","@id":"https:\/\/www.dravivianloureiro.com.br\/blog\/#\/schema\/person\/f6272c0e48dae4364ef626c598c5cb84","name":"Vivian Loureiro","image":{"@type":"ImageObject","inLanguage":"pt-BR","@id":"https:\/\/www.dravivianloureiro.com.br\/blog\/#\/schema\/person\/image\/","url":"https:\/\/secure.gravatar.com\/avatar\/8ee2b0fae98657240c77e822ae139ad3?s=96&d=wp_user_avatar&r=g","contentUrl":"https:\/\/secure.gravatar.com\/avatar\/8ee2b0fae98657240c77e822ae139ad3?s=96&d=wp_user_avatar&r=g","caption":"Vivian Loureiro"},"description":"M\u00e9dica formada pela Universidade de S\u00e3o Paulo (USP). Realizou resid\u00eancia m\u00e9dica em Dermatologia e complementa\u00e7\u00e3o em Cosmiatria e Laser pelo departamento de Dermatologia do Hospital das Cl\u00ednicas da Faculdade de Medicina da Universidade de S\u00e3o Paulo (USP). Possui t\u00edtulo de especialista em Dermatologia. \u00c9 membro da Sociedade Brasileira de Dermatologia (SBD) e Sociedade Brasileira de Cirurgia Dermatol\u00f3gica (SBCD) e m\u00e9dica do grupo Fleury. Atua nas \u00e1reas de Dermatologia Cl\u00ednica, Cir\u00fargica, Pedi\u00e1trica e Est\u00e9tica. Frequenta e palestra nos principais cursos e congressos de dermatologia, nacionais e internacionais, a fim de se manter em constante atualiza\u00e7\u00e3o.","sameAs":["https:\/\/www.dravivianloureiro.com.br\/","https:\/\/pt-br.facebook.com\/vivianloureirodermatologia\/","https:\/\/www.instagram.com\/vivianloureirodermatologia\/","https:\/\/www.linkedin.com\/in\/vivian-barzi-loureiro-a6412887\/"]}]}},"amp_enabled":true,"_links":{"self":[{"href":"https:\/\/www.dravivianloureiro.com.br\/blog\/wp-json\/wp\/v2\/posts\/2264"}],"collection":[{"href":"https:\/\/www.dravivianloureiro.com.br\/blog\/wp-json\/wp\/v2\/posts"}],"about":[{"href":"https:\/\/www.dravivianloureiro.com.br\/blog\/wp-json\/wp\/v2\/types\/post"}],"author":[{"embeddable":true,"href":"https:\/\/www.dravivianloureiro.com.br\/blog\/wp-json\/wp\/v2\/users\/1"}],"replies":[{"embeddable":true,"href":"https:\/\/www.dravivianloureiro.com.br\/blog\/wp-json\/wp\/v2\/comments?post=2264"}],"version-history":[{"count":0,"href":"https:\/\/www.dravivianloureiro.com.br\/blog\/wp-json\/wp\/v2\/posts\/2264\/revisions"}],"wp:featuredmedia":[{"embeddable":true,"href":"https:\/\/www.dravivianloureiro.com.br\/blog\/wp-json\/"}],"wp:attachment":[{"href":"https:\/\/www.dravivianloureiro.com.br\/blog\/wp-json\/wp\/v2\/media?parent=2264"}],"wp:term":[{"taxonomy":"category","embeddable":true,"href":"https:\/\/www.dravivianloureiro.com.br\/blog\/wp-json\/wp\/v2\/categories?post=2264"},{"taxonomy":"post_tag","embeddable":true,"href":"https:\/\/www.dravivianloureiro.com.br\/blog\/wp-json\/wp\/v2\/tags?post=2264"}],"curies":[{"name":"wp","href":"https:\/\/api.w.org\/{rel}","templated":true}]}}