{"id":20,"date":"2011-10-28T12:10:06","date_gmt":"2011-10-28T12:10:06","guid":{"rendered":"http:\/\/www.gabrielacasabona.com.br\/blog\/?p=20"},"modified":"2011-10-28T12:10:06","modified_gmt":"2011-10-28T12:10:06","slug":"proteja-suas-axilas-durante-a-temporada-de-verao","status":"publish","type":"post","link":"https:\/\/www.dravivianloureiro.com.br\/blog\/proteja-suas-axilas-durante-a-temporada-de-verao\/","title":{"rendered":"Proteja suas axilas durante a temporada de ver\u00e3o"},"content":{"rendered":"<p class=\"estimated-read-time\">Tempo de leitura:<small> 3 minutos<\/small><\/p> <h2>Fique longe da irrita\u00e7\u00e3o, do suor excessivo e do mau cheiro nos dias de calor.<\/h2>\n<p>Com as altas temperaturas da esta\u00e7\u00e3o quente, a resposta do corpo \u00e9 imediata: o suadouro \u00e9 muito maior. Por isso que manter as axilas limpas, lisinhas, livre de impurezas (e respirando!) \u00e9 sin\u00f4nimo de conforto e bem-estar na temporada de ver\u00e3o. \u201cQuando as axilas ficam irritadas durante o ver\u00e3o, a coceira, ard\u00eancia e irrita\u00e7\u00e3o podem permanecer at\u00e9 a chegada da pr\u00f3xima esta\u00e7\u00e3o\u201d, explica a dermatologista Gabriela Casabona. A especialista d\u00e1 todas as dicas para voc\u00ea aproveitar o calor sem medo de levantar os bra\u00e7os, confira:<\/p>\n<h3>Livre-se das mangas<\/h3>\n<p>Aproveite os dias de calor para investir em pe\u00e7as mais cavadas, que n\u00e3o v\u00e3o agredir as axilas. &#8220;O suor somado ao atrito da roupa pode resultar em fortes irrita\u00e7\u00f5es. Sempre que puder, deixe a pele respirar&#8221;, explica a dermatologista. &#8220;Quando n\u00e3o for poss\u00edvel optar por este tipo de corte, evite usar tecidos sint\u00e9ticos, que abafam a regi\u00e3o. Escolha o algod\u00e3o, linho, malhas, que s\u00e3o tecidos leves e frescos.&#8221;<\/p>\n<h3>N\u00e3o exagere na dose<\/h3>\n<p>Na tentativa de controlar o suor, muita gente acaba abusando do desodorante. S\u00f3 que acabam ignorando que, usado em excesso, ele pode prejudicar a sa\u00fade da pele. &#8220;\u00c9 claro que o desodorante deve estar presente nos cuidados com a higiene, principalmente durante o ver\u00e3o. Mas, aplicar o produto diversas vezes ao dia tamb\u00e9m pode fechar os poros da pele, causando coceira e irrita\u00e7\u00e3o&#8221;, explica. O alerta fica para as pessoas que j\u00e1 apresentam alguma predisposi\u00e7\u00e3o \u00e0 alergia na \u00e1rea das axilas. A dermatologista sugere o uso de desodorantes em creme ou roll-on em vez da vers\u00e3o em spray. &#8220;As melhores op\u00e7\u00f5es para afastar alergias s\u00e3o os desodorantes sem cheiro e sem \u00e1lcool, menos agressivos&#8221;, diz.<\/p>\n<h3>Frescor Garantido<\/h3>\n<p>Quanto mais o calor aumenta, mais suamos, e a axilas acabam ficando \u00famidas. O ambiente torna-se um ambiente prop\u00edcio para a prolifera\u00e7\u00e3o de fungos e bact\u00e9rias, e a sa\u00fade da pele fica amea\u00e7ada. Portanto, seque bem a \u00e1rea sempre que poss\u00edvel. Pode ser com uma toalha, com len\u00e7os umedecidos ou at\u00e9 mesmo com um papel macio. Mas, nada de esfregar com for\u00e7a, seque delicadamente para n\u00e3o agredir a pele.<\/p>\n<h3>Depila\u00e7\u00e3o Segura<\/h3>\n<p>Os cuidados devem ser redobrados na hora da depila\u00e7\u00e3o. Para evitar irrita\u00e7\u00e3o e pelos encravados, as t\u00e9cnicas mais indicadas s\u00e3o a depila\u00e7\u00e3o \u00e0 laser ou com cera (quente ou fria). A l\u00e2mina provoca uma agress\u00e3o maior e, al\u00e9m disso, se o acess\u00f3rio estiver contaminado com qualquer sujeirinha pode causar assaduras e at\u00e9 uma infec\u00e7\u00e3o. &#8220;A melhor alternativa s\u00e3o m\u00e9todos que fazem o pelo crescer lentamente&#8221;, diz a especialista.<\/p>\n<h3>Higienize<\/h3>\n<p>Outra sugest\u00e3o que garante mais prote\u00e7\u00e3o para \u00e1rea das axilas \u00e9 mant\u00ea-la limpa. De acordo com a especialista, quem apresenta um suor excessivo, pode lav\u00e1-las mesmo sem ser na hora do banho. &#8220;Quando lavamos as axilas com \u00e1gua e sab\u00e3o, eliminamos os micro-organismos e o excesso de desodorante. Assim, podemos passar o produto mais uma vez&#8221;, sugere. &#8220;Dependendo do caso, a higieniza\u00e7\u00e3o pode acontecer de uma a 4 vezes por dia, assim o mau cheiro, provocado pelas bact\u00e9rias, tamb\u00e9m diminui&#8221;, explica a dermatologista.<\/p>\n<p>FONTE: Portal Minha Vida por Camila Michel<\/p>\n","protected":false},"excerpt":{"rendered":"<p><small> 3 minutos<\/small> Fique longe da irrita\u00e7\u00e3o, do suor excessivo e do mau cheiro nos dias de calor. Com as altas temperaturas da esta\u00e7\u00e3o quente, a resposta do corpo \u00e9 imediata: o suadouro \u00e9 muito maior. Por isso que manter as axilas limpas, lisinhas, livre de impurezas (e respirando!) \u00e9 sin\u00f4nimo de conforto e bem-estar na temporada de ver\u00e3o. \u201cQuando as axilas ficam irritadas durante o ver\u00e3o, a coceira, ard\u00eancia e irrita\u00e7\u00e3o podem permanecer at\u00e9 a chegada da pr\u00f3xima esta\u00e7\u00e3o\u201d, explica a dermatologista Gabriela Casabona. <a href=\"https:\/\/www.dravivianloureiro.com.br\/blog\/proteja-suas-axilas-durante-a-temporada-de-verao\/\" class=\"more-link\"><span>Continue lendo<\/span>\u2192<\/a><\/p>\n","protected":false},"author":1,"featured_media":4262,"comment_status":"open","ping_status":"open","sticky":false,"template":"","format":"standard","meta":[],"categories":[387,363,365],"tags":[386,388,122,389,390,391,392],"yoast_head":"<!-- This site is optimized with the Yoast SEO plugin v20.6 - https:\/\/yoast.com\/wordpress\/plugins\/seo\/ -->\n<title>Prote\u00e7\u00e3o para as Axilas no Ver\u00e3o - Confira as dicas! Beauty Beyond Skin Dermatologia Especializada<\/title>\n<meta name=\"description\" content=\"Livre-se das mangas, n\u00e3o exagere na dose, frescor garantido, depila\u00e7\u00e3o segura, higienize. Veja a lista completa com dicas e proteja suas axilas! Dra Gabriela Casabona \u00e9 Dermatologista Especialista em Axilas e atende em S\u00e3o Paulo - telefone: +55 11 3668-5910 ou 11 99607-5137\" \/>\n<meta name=\"robots\" content=\"index, follow, max-snippet:-1, max-image-preview:large, max-video-preview:-1\" \/>\n<link rel=\"canonical\" href=\"https:\/\/www.dravivianloureiro.com.br\/blog\/proteja-suas-axilas-durante-a-temporada-de-verao\/\" \/>\n<meta property=\"og:locale\" content=\"pt_BR\" \/>\n<meta property=\"og:type\" content=\"article\" \/>\n<meta property=\"og:title\" content=\"Prote\u00e7\u00e3o para as Axilas no Ver\u00e3o - Confira as dicas! Beauty Beyond Skin Dermatologia Especializada\" \/>\n<meta property=\"og:description\" content=\"Livre-se das mangas, n\u00e3o exagere na dose, frescor garantido, depila\u00e7\u00e3o segura, higienize. Veja a lista completa com dicas e proteja suas axilas! Dra Gabriela Casabona \u00e9 Dermatologista Especialista em Axilas e atende em S\u00e3o Paulo - telefone: +55 11 3668-5910 ou 11 99607-5137\" \/>\n<meta property=\"og:url\" content=\"https:\/\/www.dravivianloureiro.com.br\/blog\/proteja-suas-axilas-durante-a-temporada-de-verao\/\" \/>\n<meta property=\"og:site_name\" content=\"Dra. Vivian Loureiro\" \/>\n<meta property=\"article:publisher\" content=\"https:\/\/pt-br.facebook.com\/vivianloureirodermatologia\/\" \/>\n<meta property=\"article:author\" content=\"https:\/\/pt-br.facebook.com\/vivianloureirodermatologia\/\" \/>\n<meta property=\"article:published_time\" content=\"2011-10-28T12:10:06+00:00\" \/>\n<meta name=\"author\" content=\"Vivian Loureiro\" \/>\n<meta name=\"twitter:card\" content=\"summary_large_image\" \/>\n<meta name=\"twitter:label1\" content=\"Escrito por\" \/>\n\t<meta name=\"twitter:data1\" content=\"Vivian Loureiro\" \/>\n\t<meta name=\"twitter:label2\" content=\"Est. tempo de leitura\" \/>\n\t<meta name=\"twitter:data2\" content=\"3 minutos\" \/>\n<script type=\"application\/ld+json\" class=\"yoast-schema-graph\">{\"@context\":\"https:\/\/schema.org\",\"@graph\":[{\"@type\":\"Article\",\"@id\":\"https:\/\/www.dravivianloureiro.com.br\/blog\/proteja-suas-axilas-durante-a-temporada-de-verao\/#article\",\"isPartOf\":{\"@id\":\"https:\/\/www.dravivianloureiro.com.br\/blog\/proteja-suas-axilas-durante-a-temporada-de-verao\/\"},\"author\":{\"name\":\"Vivian Loureiro\",\"@id\":\"https:\/\/www.dravivianloureiro.com.br\/blog\/#\/schema\/person\/f6272c0e48dae4364ef626c598c5cb84\"},\"headline\":\"Proteja suas axilas durante a temporada de ver\u00e3o\",\"datePublished\":\"2011-10-28T12:10:06+00:00\",\"dateModified\":\"2011-10-28T12:10:06+00:00\",\"mainEntityOfPage\":{\"@id\":\"https:\/\/www.dravivianloureiro.com.br\/blog\/proteja-suas-axilas-durante-a-temporada-de-verao\/\"},\"wordCount\":582,\"commentCount\":0,\"publisher\":{\"@id\":\"https:\/\/www.dravivianloureiro.com.br\/blog\/#organization\"},\"keywords\":[\"alergias\",\"axilas\",\"cuidados com a pele\",\"dicas\",\"hidrata\u00e7\u00e3o\",\"irrita\u00e7\u00e3o\",\"pele feminina\"],\"articleSection\":[\"Axilas\",\"Dicas\",\"Terap\u00eauticos\"],\"inLanguage\":\"pt-BR\",\"potentialAction\":[{\"@type\":\"CommentAction\",\"name\":\"Comment\",\"target\":[\"https:\/\/www.dravivianloureiro.com.br\/blog\/proteja-suas-axilas-durante-a-temporada-de-verao\/#respond\"]}]},{\"@type\":\"WebPage\",\"@id\":\"https:\/\/www.dravivianloureiro.com.br\/blog\/proteja-suas-axilas-durante-a-temporada-de-verao\/\",\"url\":\"https:\/\/www.dravivianloureiro.com.br\/blog\/proteja-suas-axilas-durante-a-temporada-de-verao\/\",\"name\":\"Prote\u00e7\u00e3o para as Axilas no Ver\u00e3o - Confira as dicas! Beauty Beyond Skin Dermatologia Especializada\",\"isPartOf\":{\"@id\":\"https:\/\/www.dravivianloureiro.com.br\/blog\/#website\"},\"datePublished\":\"2011-10-28T12:10:06+00:00\",\"dateModified\":\"2011-10-28T12:10:06+00:00\",\"description\":\"Livre-se das mangas, n\u00e3o exagere na dose, frescor garantido, depila\u00e7\u00e3o segura, higienize. Veja a lista completa com dicas e proteja suas axilas! Dra Gabriela Casabona \u00e9 Dermatologista Especialista em Axilas e atende em S\u00e3o Paulo - telefone: +55 11 3668-5910 ou 11 99607-5137\",\"breadcrumb\":{\"@id\":\"https:\/\/www.dravivianloureiro.com.br\/blog\/proteja-suas-axilas-durante-a-temporada-de-verao\/#breadcrumb\"},\"inLanguage\":\"pt-BR\",\"potentialAction\":[{\"@type\":\"ReadAction\",\"target\":[\"https:\/\/www.dravivianloureiro.com.br\/blog\/proteja-suas-axilas-durante-a-temporada-de-verao\/\"]}]},{\"@type\":\"BreadcrumbList\",\"@id\":\"https:\/\/www.dravivianloureiro.com.br\/blog\/proteja-suas-axilas-durante-a-temporada-de-verao\/#breadcrumb\",\"itemListElement\":[{\"@type\":\"ListItem\",\"position\":1,\"name\":\"In\u00edcio\",\"item\":\"https:\/\/www.dravivianloureiro.com.br\/blog\/\"},{\"@type\":\"ListItem\",\"position\":2,\"name\":\"Proteja suas axilas durante a temporada de ver\u00e3o\"}]},{\"@type\":\"WebSite\",\"@id\":\"https:\/\/www.dravivianloureiro.com.br\/blog\/#website\",\"url\":\"https:\/\/www.dravivianloureiro.com.br\/blog\/\",\"name\":\"Dermatologista Vivian Loureiro\",\"description\":\"\",\"publisher\":{\"@id\":\"https:\/\/www.dravivianloureiro.com.br\/blog\/#organization\"},\"potentialAction\":[{\"@type\":\"SearchAction\",\"target\":{\"@type\":\"EntryPoint\",\"urlTemplate\":\"https:\/\/www.dravivianloureiro.com.br\/blog\/?s={search_term_string}\"},\"query-input\":\"required name=search_term_string\"}],\"inLanguage\":\"pt-BR\"},{\"@type\":\"Organization\",\"@id\":\"https:\/\/www.dravivianloureiro.com.br\/blog\/#organization\",\"name\":\"Dra. Vivian Loureiro - Dermatologista Em S\u00e3o Paulo\",\"url\":\"https:\/\/www.dravivianloureiro.com.br\/blog\/\",\"logo\":{\"@type\":\"ImageObject\",\"inLanguage\":\"pt-BR\",\"@id\":\"https:\/\/www.dravivianloureiro.com.br\/blog\/#\/schema\/logo\/image\/\",\"url\":\"https:\/\/www.dravivianloureiro.com.br\/blog\/wp-content\/uploads\/2018\/08\/favicon.jpg\",\"contentUrl\":\"https:\/\/www.dravivianloureiro.com.br\/blog\/wp-content\/uploads\/2018\/08\/favicon.jpg\",\"width\":112,\"height\":112,\"caption\":\"Dra. Vivian Loureiro - Dermatologista Em S\u00e3o Paulo\"},\"image\":{\"@id\":\"https:\/\/www.dravivianloureiro.com.br\/blog\/#\/schema\/logo\/image\/\"},\"sameAs\":[\"https:\/\/pt-br.facebook.com\/vivianloureirodermatologia\/\",\"https:\/\/www.instagram.com\/vivianloureirodermatologia\/\",\"https:\/\/www.linkedin.com\/in\/vivian-barzi-loureiro-a6412887\/\"]},{\"@type\":\"Person\",\"@id\":\"https:\/\/www.dravivianloureiro.com.br\/blog\/#\/schema\/person\/f6272c0e48dae4364ef626c598c5cb84\",\"name\":\"Vivian Loureiro\",\"image\":{\"@type\":\"ImageObject\",\"inLanguage\":\"pt-BR\",\"@id\":\"https:\/\/www.dravivianloureiro.com.br\/blog\/#\/schema\/person\/image\/\",\"url\":\"https:\/\/secure.gravatar.com\/avatar\/8ee2b0fae98657240c77e822ae139ad3?s=96&d=wp_user_avatar&r=g\",\"contentUrl\":\"https:\/\/secure.gravatar.com\/avatar\/8ee2b0fae98657240c77e822ae139ad3?s=96&d=wp_user_avatar&r=g\",\"caption\":\"Vivian Loureiro\"},\"description\":\"M\u00e9dica formada pela Universidade de S\u00e3o Paulo (USP). Realizou resid\u00eancia m\u00e9dica em Dermatologia e complementa\u00e7\u00e3o em Cosmiatria e Laser pelo departamento de Dermatologia do Hospital das Cl\u00ednicas da Faculdade de Medicina da Universidade de S\u00e3o Paulo (USP). Possui t\u00edtulo de especialista em Dermatologia. \u00c9 membro da Sociedade Brasileira de Dermatologia (SBD) e Sociedade Brasileira de Cirurgia Dermatol\u00f3gica (SBCD) e m\u00e9dica do grupo Fleury. Atua nas \u00e1reas de Dermatologia Cl\u00ednica, Cir\u00fargica, Pedi\u00e1trica e Est\u00e9tica. Frequenta e palestra nos principais cursos e congressos de dermatologia, nacionais e internacionais, a fim de se manter em constante atualiza\u00e7\u00e3o.\",\"sameAs\":[\"https:\/\/www.dravivianloureiro.com.br\/\",\"https:\/\/pt-br.facebook.com\/vivianloureirodermatologia\/\",\"https:\/\/www.instagram.com\/vivianloureirodermatologia\/\",\"https:\/\/www.linkedin.com\/in\/vivian-barzi-loureiro-a6412887\/\"]}]}<\/script>\n<!-- \/ Yoast SEO plugin. -->","yoast_head_json":{"title":"Prote\u00e7\u00e3o para as Axilas no Ver\u00e3o - Confira as dicas! Beauty Beyond Skin Dermatologia Especializada","description":"Livre-se das mangas, n\u00e3o exagere na dose, frescor garantido, depila\u00e7\u00e3o segura, higienize. Veja a lista completa com dicas e proteja suas axilas! Dra Gabriela Casabona \u00e9 Dermatologista Especialista em Axilas e atende em S\u00e3o Paulo - telefone: +55 11 3668-5910 ou 11 99607-5137","robots":{"index":"index","follow":"follow","max-snippet":"max-snippet:-1","max-image-preview":"max-image-preview:large","max-video-preview":"max-video-preview:-1"},"canonical":"https:\/\/www.dravivianloureiro.com.br\/blog\/proteja-suas-axilas-durante-a-temporada-de-verao\/","og_locale":"pt_BR","og_type":"article","og_title":"Prote\u00e7\u00e3o para as Axilas no Ver\u00e3o - Confira as dicas! Beauty Beyond Skin Dermatologia Especializada","og_description":"Livre-se das mangas, n\u00e3o exagere na dose, frescor garantido, depila\u00e7\u00e3o segura, higienize. Veja a lista completa com dicas e proteja suas axilas! Dra Gabriela Casabona \u00e9 Dermatologista Especialista em Axilas e atende em S\u00e3o Paulo - telefone: +55 11 3668-5910 ou 11 99607-5137","og_url":"https:\/\/www.dravivianloureiro.com.br\/blog\/proteja-suas-axilas-durante-a-temporada-de-verao\/","og_site_name":"Dra. Vivian Loureiro","article_publisher":"https:\/\/pt-br.facebook.com\/vivianloureirodermatologia\/","article_author":"https:\/\/pt-br.facebook.com\/vivianloureirodermatologia\/","article_published_time":"2011-10-28T12:10:06+00:00","author":"Vivian Loureiro","twitter_card":"summary_large_image","twitter_misc":{"Escrito por":"Vivian Loureiro","Est. tempo de leitura":"3 minutos"},"schema":{"@context":"https:\/\/schema.org","@graph":[{"@type":"Article","@id":"https:\/\/www.dravivianloureiro.com.br\/blog\/proteja-suas-axilas-durante-a-temporada-de-verao\/#article","isPartOf":{"@id":"https:\/\/www.dravivianloureiro.com.br\/blog\/proteja-suas-axilas-durante-a-temporada-de-verao\/"},"author":{"name":"Vivian Loureiro","@id":"https:\/\/www.dravivianloureiro.com.br\/blog\/#\/schema\/person\/f6272c0e48dae4364ef626c598c5cb84"},"headline":"Proteja suas axilas durante a temporada de ver\u00e3o","datePublished":"2011-10-28T12:10:06+00:00","dateModified":"2011-10-28T12:10:06+00:00","mainEntityOfPage":{"@id":"https:\/\/www.dravivianloureiro.com.br\/blog\/proteja-suas-axilas-durante-a-temporada-de-verao\/"},"wordCount":582,"commentCount":0,"publisher":{"@id":"https:\/\/www.dravivianloureiro.com.br\/blog\/#organization"},"keywords":["alergias","axilas","cuidados com a pele","dicas","hidrata\u00e7\u00e3o","irrita\u00e7\u00e3o","pele feminina"],"articleSection":["Axilas","Dicas","Terap\u00eauticos"],"inLanguage":"pt-BR","potentialAction":[{"@type":"CommentAction","name":"Comment","target":["https:\/\/www.dravivianloureiro.com.br\/blog\/proteja-suas-axilas-durante-a-temporada-de-verao\/#respond"]}]},{"@type":"WebPage","@id":"https:\/\/www.dravivianloureiro.com.br\/blog\/proteja-suas-axilas-durante-a-temporada-de-verao\/","url":"https:\/\/www.dravivianloureiro.com.br\/blog\/proteja-suas-axilas-durante-a-temporada-de-verao\/","name":"Prote\u00e7\u00e3o para as Axilas no Ver\u00e3o - Confira as dicas! Beauty Beyond Skin Dermatologia Especializada","isPartOf":{"@id":"https:\/\/www.dravivianloureiro.com.br\/blog\/#website"},"datePublished":"2011-10-28T12:10:06+00:00","dateModified":"2011-10-28T12:10:06+00:00","description":"Livre-se das mangas, n\u00e3o exagere na dose, frescor garantido, depila\u00e7\u00e3o segura, higienize. Veja a lista completa com dicas e proteja suas axilas! Dra Gabriela Casabona \u00e9 Dermatologista Especialista em Axilas e atende em S\u00e3o Paulo - telefone: +55 11 3668-5910 ou 11 99607-5137","breadcrumb":{"@id":"https:\/\/www.dravivianloureiro.com.br\/blog\/proteja-suas-axilas-durante-a-temporada-de-verao\/#breadcrumb"},"inLanguage":"pt-BR","potentialAction":[{"@type":"ReadAction","target":["https:\/\/www.dravivianloureiro.com.br\/blog\/proteja-suas-axilas-durante-a-temporada-de-verao\/"]}]},{"@type":"BreadcrumbList","@id":"https:\/\/www.dravivianloureiro.com.br\/blog\/proteja-suas-axilas-durante-a-temporada-de-verao\/#breadcrumb","itemListElement":[{"@type":"ListItem","position":1,"name":"In\u00edcio","item":"https:\/\/www.dravivianloureiro.com.br\/blog\/"},{"@type":"ListItem","position":2,"name":"Proteja suas axilas durante a temporada de ver\u00e3o"}]},{"@type":"WebSite","@id":"https:\/\/www.dravivianloureiro.com.br\/blog\/#website","url":"https:\/\/www.dravivianloureiro.com.br\/blog\/","name":"Dermatologista Vivian Loureiro","description":"","publisher":{"@id":"https:\/\/www.dravivianloureiro.com.br\/blog\/#organization"},"potentialAction":[{"@type":"SearchAction","target":{"@type":"EntryPoint","urlTemplate":"https:\/\/www.dravivianloureiro.com.br\/blog\/?s={search_term_string}"},"query-input":"required name=search_term_string"}],"inLanguage":"pt-BR"},{"@type":"Organization","@id":"https:\/\/www.dravivianloureiro.com.br\/blog\/#organization","name":"Dra. Vivian Loureiro - Dermatologista Em S\u00e3o Paulo","url":"https:\/\/www.dravivianloureiro.com.br\/blog\/","logo":{"@type":"ImageObject","inLanguage":"pt-BR","@id":"https:\/\/www.dravivianloureiro.com.br\/blog\/#\/schema\/logo\/image\/","url":"https:\/\/www.dravivianloureiro.com.br\/blog\/wp-content\/uploads\/2018\/08\/favicon.jpg","contentUrl":"https:\/\/www.dravivianloureiro.com.br\/blog\/wp-content\/uploads\/2018\/08\/favicon.jpg","width":112,"height":112,"caption":"Dra. Vivian Loureiro - Dermatologista Em S\u00e3o Paulo"},"image":{"@id":"https:\/\/www.dravivianloureiro.com.br\/blog\/#\/schema\/logo\/image\/"},"sameAs":["https:\/\/pt-br.facebook.com\/vivianloureirodermatologia\/","https:\/\/www.instagram.com\/vivianloureirodermatologia\/","https:\/\/www.linkedin.com\/in\/vivian-barzi-loureiro-a6412887\/"]},{"@type":"Person","@id":"https:\/\/www.dravivianloureiro.com.br\/blog\/#\/schema\/person\/f6272c0e48dae4364ef626c598c5cb84","name":"Vivian Loureiro","image":{"@type":"ImageObject","inLanguage":"pt-BR","@id":"https:\/\/www.dravivianloureiro.com.br\/blog\/#\/schema\/person\/image\/","url":"https:\/\/secure.gravatar.com\/avatar\/8ee2b0fae98657240c77e822ae139ad3?s=96&d=wp_user_avatar&r=g","contentUrl":"https:\/\/secure.gravatar.com\/avatar\/8ee2b0fae98657240c77e822ae139ad3?s=96&d=wp_user_avatar&r=g","caption":"Vivian Loureiro"},"description":"M\u00e9dica formada pela Universidade de S\u00e3o Paulo (USP). Realizou resid\u00eancia m\u00e9dica em Dermatologia e complementa\u00e7\u00e3o em Cosmiatria e Laser pelo departamento de Dermatologia do Hospital das Cl\u00ednicas da Faculdade de Medicina da Universidade de S\u00e3o Paulo (USP). Possui t\u00edtulo de especialista em Dermatologia. \u00c9 membro da Sociedade Brasileira de Dermatologia (SBD) e Sociedade Brasileira de Cirurgia Dermatol\u00f3gica (SBCD) e m\u00e9dica do grupo Fleury. Atua nas \u00e1reas de Dermatologia Cl\u00ednica, Cir\u00fargica, Pedi\u00e1trica e Est\u00e9tica. Frequenta e palestra nos principais cursos e congressos de dermatologia, nacionais e internacionais, a fim de se manter em constante atualiza\u00e7\u00e3o.","sameAs":["https:\/\/www.dravivianloureiro.com.br\/","https:\/\/pt-br.facebook.com\/vivianloureirodermatologia\/","https:\/\/www.instagram.com\/vivianloureirodermatologia\/","https:\/\/www.linkedin.com\/in\/vivian-barzi-loureiro-a6412887\/"]}]}},"amp_enabled":true,"_links":{"self":[{"href":"https:\/\/www.dravivianloureiro.com.br\/blog\/wp-json\/wp\/v2\/posts\/20"}],"collection":[{"href":"https:\/\/www.dravivianloureiro.com.br\/blog\/wp-json\/wp\/v2\/posts"}],"about":[{"href":"https:\/\/www.dravivianloureiro.com.br\/blog\/wp-json\/wp\/v2\/types\/post"}],"author":[{"embeddable":true,"href":"https:\/\/www.dravivianloureiro.com.br\/blog\/wp-json\/wp\/v2\/users\/1"}],"replies":[{"embeddable":true,"href":"https:\/\/www.dravivianloureiro.com.br\/blog\/wp-json\/wp\/v2\/comments?post=20"}],"version-history":[{"count":0,"href":"https:\/\/www.dravivianloureiro.com.br\/blog\/wp-json\/wp\/v2\/posts\/20\/revisions"}],"wp:featuredmedia":[{"embeddable":true,"href":"https:\/\/www.dravivianloureiro.com.br\/blog\/wp-json\/"}],"wp:attachment":[{"href":"https:\/\/www.dravivianloureiro.com.br\/blog\/wp-json\/wp\/v2\/media?parent=20"}],"wp:term":[{"taxonomy":"category","embeddable":true,"href":"https:\/\/www.dravivianloureiro.com.br\/blog\/wp-json\/wp\/v2\/categories?post=20"},{"taxonomy":"post_tag","embeddable":true,"href":"https:\/\/www.dravivianloureiro.com.br\/blog\/wp-json\/wp\/v2\/tags?post=20"}],"curies":[{"name":"wp","href":"https:\/\/api.w.org\/{rel}","templated":true}]}}