{"id":1923,"date":"2015-08-08T21:34:09","date_gmt":"2015-08-09T00:34:09","guid":{"rendered":"https:\/\/gabrielacasabona.com.br\/?p=1923"},"modified":"2015-08-08T21:34:09","modified_gmt":"2015-08-09T00:34:09","slug":"blefaroplastia-levantamento-das-palpebras","status":"publish","type":"post","link":"https:\/\/www.dravivianloureiro.com.br\/blog\/blefaroplastia-levantamento-das-palpebras\/","title":{"rendered":"Blefaroplastia \u2013 Levantamento das p\u00e1lpebras"},"content":{"rendered":"<p class=\"estimated-read-time\">Tempo de leitura:<small> 5 minutos<\/small><\/p> <h2>Qual o momento certo de realizar um procedimento mais definitivo?<\/h2>\n<figure id=\"attachment_2033\" aria-describedby=\"caption-attachment-2033\" style=\"width: 218px\" class=\"wp-caption alignleft\"><img loading=\"lazy\" class=\"wp-image-2033 size-medium\" title=\"Dr\u00aa Gabriela Casabona operando uma paciente\" src=\"https:\/\/gabrielacasabona.com.br\/wp-content\/uploads\/2015\/08\/blefaroplastia-218x300.jpg\" alt=\"\" width=\"218\" height=\"300\" \/><figcaption id=\"caption-attachment-2033\" class=\"wp-caption-text\">Dr\u00aa Gabriela realizando a cirurgia.<\/figcaption><\/figure>\n<p>Me deparo frequentemente com esse tipo de questionamento e por ter uma forma\u00e7\u00e3o cir\u00fargica tenho uma vis\u00e3o diferente do que \u00e9 ensinado na dermatologia.<\/p>\n<p>Avalio meu paciente por suas expectativas e muitos j\u00e1 fazem procedimentos est\u00e9ticos h\u00e1 muitos anos. Noto que por mais que estejam acostumados a aplicarem toxinas ou fazer preenchimentos, ficam com a sensa\u00e7\u00e3o de que ainda existe algo a ser melhorado, pois os olhos j\u00e1 demonstram um ar pesado, com excesso de pele em cima dos olhos e bolsas.<\/p>\n<p>Nesse momento \u00e9 que vem a quest\u00e3o:<br \/>\nChegou a hora de realizar uma cirurgia de Blefaroplastia ou Levantamento de superc\u00edlios?<\/p>\n<p>Entenda no texto a seguir o que \u00e9 a cirurgia, os principais pontos que devemos considerar e minha opini\u00e3o com rela\u00e7\u00e3o ao procedimento.<\/p>\n<h2>Indica\u00e7\u00f5es<\/h2>\n<p>A cirurgia pl\u00e1stica costumava ser procurada por pacientes com mais de 30 anos. que tinham excesso e\/ou flacidez de pele nas p\u00e1lpebras ou bolsas de gordura na p\u00e1lpebra inferior. Hoje com tantos procedimentos n\u00e3o invasivos as cirurgias s\u00e3o mais indicadas para casos onde o paciente quer um resultado mais definitivo ou nos casos onde o excesso de pele ou bolsas de gordura s\u00e3o muito intensos ou ainda para casos onde as sobrancelhas tem um posicionamento muito baixo e acabam pesando as p\u00e1lpebras.<\/p>\n<p>As t\u00e9cnicas mais modernas pedem a preserva\u00e7\u00e3o da musculatura e da gordura o m\u00e1ximo poss\u00edvel para que os olhos fiquem mais jovens, com ar de naturalidade. Para isso lan\u00e7a-se m\u00e3o de t\u00e9cnicas associadas a cirurgia como lipoenxertia, inje\u00e7\u00e3o de c\u00e9lulas tronco e tamb\u00e9m laser de CO2.<\/p>\n<p>A avalia\u00e7\u00e3o da rela\u00e7\u00e3o entre excesso de p\u00e1lpebras e posi\u00e7\u00e3o de superc\u00edlio (sobrancelhas) \u00e9 muito importante pois se o problema \u00e9 a posi\u00e7\u00e3o baixa das sobrancelhas ent\u00e3o a retirada da pele da p\u00e1lpebra superior deve ser bem avaliada, se n\u00e3o avaliada corretamente pode dar a apar\u00eancia ainda mais triste aos olhos, conferindo maior queda lateral do superc\u00edlio com o tempo.<\/p>\n<h2>Como \u00e9 feita a cirurgia de Blefaroplastia?<\/h2>\n<p>\u00c9 realizada anestesia local com seda\u00e7\u00e3o (mais comum) ou anestesia geral.<br \/>\nA cirurgia dura por volta de 40 minutos a uma hora e meia<br \/>\n\u00c9 necess\u00e1ria interna\u00e7\u00e3o de 6 a 8 horas.<\/p>\n<h3>Cuidados antes da Cirurgia<\/h3>\n<p>\u00c9 necess\u00e1rio jejum de oito horas antes da cirurgia e realiza\u00e7\u00e3o de exames pr\u00e9-operat\u00f3rios al\u00e9m de uma avalia\u00e7\u00e3o oftalmol\u00f3gica pr\u00e9via.<\/p>\n<h3>Cuidados p\u00f3s-operat\u00f3rios<\/h3>\n<ul>\n<li><strong>Drenagem<\/strong><br \/>\nA drenagem \u00e9 fundamental no p\u00f3s-operat\u00f3rio para acelerar a melhora do edema, pode ser iniciada ap\u00f3s dois dias e no quinto dia \u00e9 feita uma drenagem em toda face.<\/li>\n<li><strong>Cicatriza\u00e7\u00e3o<\/strong><br \/>\nA cirurgia deixa uma cicatriz discreta, pois fica localizada exatamente na dobra da p\u00e1lpebra superior (por\u00e7\u00e3o que fica escondida quando o olho est\u00e1 aberto) e bem embaixo dos c\u00edlios inferiores, no caso da p\u00e1lpebra de baixo. O aparecimento de queloides \u00e9 muito raro nesta regi\u00e3o. Muitas vezes associamos a toxina botul\u00ednica e microagulhamento logo na retirada de pontos para melhora mais r\u00e1pida do eritema da cicatriz.<\/li>\n<li><strong>Tabagismo<\/strong><br \/>\nO cigarro deve ser evitado nos dois meses seguintes \u00e0 cirurgia. Pois prejudica a microcircula\u00e7\u00e3o e retarda a cicatriza\u00e7\u00e3o. Para os fumantes que n\u00e3o conseguem parar o caso deve ser avaliado com cuidado.<\/li>\n<li><strong>Medica\u00e7\u00e3o<br \/>\n<\/strong>\u00c9 comum que o m\u00e9dico indique o uso de antibi\u00f3ticos preventivos e analg\u00e9sicos se houver dor. Todos eles administrados por via oral, ou seja, tomados pela boca. O uso de col\u00edrios pode ser feito apenas para lubrifica\u00e7\u00e3o dos olhos.<\/li>\n<li><strong>Higieniza\u00e7\u00e3o<br \/>\n<\/strong>Deve ser feita normalmente com \u00e1gua e sabonete, uma vez que n\u00e3o ficam curativos no local.<\/li>\n<li><strong>Repouso<\/strong><br \/>\nDeve ser feito repouso relativo de cinco dias, at\u00e9 a retirada dos pontos.<\/li>\n<li><strong>\u00d3culos escuros<\/strong><br \/>\nDevem ser usados at\u00e9 que a cicatriza\u00e7\u00e3o esteja completa, cerca de 30 dias. A a\u00e7\u00e3o do sol pode dificultar a cicatriza\u00e7\u00e3o e deixar a pele da regi\u00e3o manchada.<\/li>\n<li><strong>Para dormir<\/strong><br \/>\nO paciente deve dormir de barriga para cima com cabeceira elevada por 5 dias, depois disso \u00e9 poss\u00edvel dormir de lado. Para os pacientes que usam lentes de contato, dever\u00e1 evita-las nos primeiros 5 dias.<\/li>\n<li><strong>Incha\u00e7o<\/strong><br \/>\nCompressas geladas feitas com bexigas de agua gelada ajudam a reduzir o incha\u00e7o da regi\u00e3o.<\/li>\n<\/ul>\n<p>&nbsp;<\/p>\n<h2>Resultados<\/h2>\n<p>Na primeira semana j\u00e1 \u00e9 poss\u00edvel ver os resultados, mas eles se tornam mais evidentes depois que diminui o incha\u00e7o um a tr\u00eas meses. Melhores resultados aparecem quanto mais firme a pele das p\u00e1lpebras estiver, por este motivo \u00e9 importante manter estimulo de col\u00e1geno local com radiofrequ\u00eancia ou laser no p\u00f3s-operat\u00f3rio.<\/p>\n<h2>Contraindica\u00e7\u00f5es \u00e0 Blefaroplastia<\/h2>\n<p>Pacientes com doen\u00e7as cr\u00f4nicas como diabetes, hipertens\u00e3o e insufici\u00eancia card\u00edaca descompensada, devem antes control\u00e1-las para depois submeterem-se a cirurgias pl\u00e1sticas.<\/p>\n<p>Quem tem problemas de vis\u00e3o, como miopia ou hipermetropia, por exemplo, podem fazer a cirurgia sem qualquer problema, mas devem passar por uma avalia\u00e7\u00e3o oftalmol\u00f3gica antes.<\/p>\n<h2>Opini\u00e3o<\/h2>\n<blockquote>\n<h4><em>Segundo a minha vis\u00e3o de rejuvenescimento, a cirurgia n\u00e3o deve ser uma arma que transforma um individuo em outro mas sim um pincel na m\u00e3o de um artista usado para destacar o que um individuo tem de melhor ou para apagar os sinais do envelhecimento fazendo com que aquela pessoa volte no tempo.<\/em><\/h4>\n<h4><em>Dermatologia Tridimensional, Um olhar Al\u00e9m da Superf\u00edcie.<\/em><\/h4>\n<\/blockquote>\n<p>&nbsp;<\/p>\n","protected":false},"excerpt":{"rendered":"<p><small> 5 minutos<\/small> Qual o momento certo de realizar um procedimento mais definitivo? Me deparo frequentemente com esse tipo de questionamento e por ter uma forma\u00e7\u00e3o cir\u00fargica tenho uma vis\u00e3o diferente do que \u00e9 ensinado na dermatologia. Avalio meu paciente por suas expectativas e muitos j\u00e1 fazem procedimentos est\u00e9ticos h\u00e1 muitos anos. Noto que por mais que estejam acostumados a aplicarem toxinas ou fazer preenchimentos, ficam com a sensa\u00e7\u00e3o de que ainda existe algo a ser melhorado, pois os olhos j\u00e1 demonstram um ar pesado, <a href=\"https:\/\/www.dravivianloureiro.com.br\/blog\/blefaroplastia-levantamento-das-palpebras\/\" class=\"more-link\"><span>Continue lendo<\/span>\u2192<\/a><\/p>\n","protected":false},"author":1,"featured_media":3515,"comment_status":"open","ping_status":"open","sticky":false,"template":"","format":"standard","meta":[],"categories":[549,419],"tags":[548,550],"yoast_head":"<!-- This site is optimized with the Yoast SEO plugin v20.6 - https:\/\/yoast.com\/wordpress\/plugins\/seo\/ -->\n<title>Levantamento das p\u00e1lpebras com a Blefaroplastia - Beauty Beyond Skin Dermatologia Especializada<\/title>\n<meta name=\"description\" content=\"Entenda o que \u00e9 a blefaroplastia (levantamento das p\u00e1lpebras), os principais pontos que devemos considerar e a opini\u00e3o da Dra Gabriela Casabona, que \u00e9 Dermatologista Especialista em Levantamento das p\u00e1lpebras e blefaroplastia em S\u00e3o Paulo. Telefones: 11 3668-5910\" \/>\n<meta name=\"robots\" content=\"index, follow, max-snippet:-1, max-image-preview:large, max-video-preview:-1\" \/>\n<link rel=\"canonical\" href=\"https:\/\/www.dravivianloureiro.com.br\/blog\/blefaroplastia-levantamento-das-palpebras\/\" \/>\n<meta property=\"og:locale\" content=\"pt_BR\" \/>\n<meta property=\"og:type\" content=\"article\" \/>\n<meta property=\"og:title\" content=\"Levantamento das p\u00e1lpebras com a Blefaroplastia - Beauty Beyond Skin Dermatologia Especializada\" \/>\n<meta property=\"og:description\" content=\"Entenda o que \u00e9 a blefaroplastia (levantamento das p\u00e1lpebras), os principais pontos que devemos considerar e a opini\u00e3o da Dra Gabriela Casabona, que \u00e9 Dermatologista Especialista em Levantamento das p\u00e1lpebras e blefaroplastia em S\u00e3o Paulo. Telefones: 11 3668-5910\" \/>\n<meta property=\"og:url\" content=\"https:\/\/www.dravivianloureiro.com.br\/blog\/blefaroplastia-levantamento-das-palpebras\/\" \/>\n<meta property=\"og:site_name\" content=\"Dra. Vivian Loureiro\" \/>\n<meta property=\"article:publisher\" content=\"https:\/\/pt-br.facebook.com\/vivianloureirodermatologia\/\" \/>\n<meta property=\"article:author\" content=\"https:\/\/pt-br.facebook.com\/vivianloureirodermatologia\/\" \/>\n<meta property=\"article:published_time\" content=\"2015-08-09T00:34:09+00:00\" \/>\n<meta name=\"author\" content=\"Vivian Loureiro\" \/>\n<meta name=\"twitter:card\" content=\"summary_large_image\" \/>\n<meta name=\"twitter:label1\" content=\"Escrito por\" \/>\n\t<meta name=\"twitter:data1\" content=\"Vivian Loureiro\" \/>\n\t<meta name=\"twitter:label2\" content=\"Est. tempo de leitura\" \/>\n\t<meta name=\"twitter:data2\" content=\"5 minutos\" \/>\n<script type=\"application\/ld+json\" class=\"yoast-schema-graph\">{\"@context\":\"https:\/\/schema.org\",\"@graph\":[{\"@type\":\"Article\",\"@id\":\"https:\/\/www.dravivianloureiro.com.br\/blog\/blefaroplastia-levantamento-das-palpebras\/#article\",\"isPartOf\":{\"@id\":\"https:\/\/www.dravivianloureiro.com.br\/blog\/blefaroplastia-levantamento-das-palpebras\/\"},\"author\":{\"name\":\"Vivian Loureiro\",\"@id\":\"https:\/\/www.dravivianloureiro.com.br\/blog\/#\/schema\/person\/f6272c0e48dae4364ef626c598c5cb84\"},\"headline\":\"Blefaroplastia \u2013 Levantamento das p\u00e1lpebras\",\"datePublished\":\"2015-08-09T00:34:09+00:00\",\"dateModified\":\"2015-08-09T00:34:09+00:00\",\"mainEntityOfPage\":{\"@id\":\"https:\/\/www.dravivianloureiro.com.br\/blog\/blefaroplastia-levantamento-das-palpebras\/\"},\"wordCount\":937,\"commentCount\":0,\"publisher\":{\"@id\":\"https:\/\/www.dravivianloureiro.com.br\/blog\/#organization\"},\"keywords\":[\"blefaroplastia\",\"Levantamento das palpebras\"],\"articleSection\":[\"Bleferoplastia\",\"P\u00e1lpebras\"],\"inLanguage\":\"pt-BR\",\"potentialAction\":[{\"@type\":\"CommentAction\",\"name\":\"Comment\",\"target\":[\"https:\/\/www.dravivianloureiro.com.br\/blog\/blefaroplastia-levantamento-das-palpebras\/#respond\"]}]},{\"@type\":\"WebPage\",\"@id\":\"https:\/\/www.dravivianloureiro.com.br\/blog\/blefaroplastia-levantamento-das-palpebras\/\",\"url\":\"https:\/\/www.dravivianloureiro.com.br\/blog\/blefaroplastia-levantamento-das-palpebras\/\",\"name\":\"Levantamento das p\u00e1lpebras com a Blefaroplastia - Beauty Beyond Skin Dermatologia Especializada\",\"isPartOf\":{\"@id\":\"https:\/\/www.dravivianloureiro.com.br\/blog\/#website\"},\"datePublished\":\"2015-08-09T00:34:09+00:00\",\"dateModified\":\"2015-08-09T00:34:09+00:00\",\"description\":\"Entenda o que \u00e9 a blefaroplastia (levantamento das p\u00e1lpebras), os principais pontos que devemos considerar e a opini\u00e3o da Dra Gabriela Casabona, que \u00e9 Dermatologista Especialista em Levantamento das p\u00e1lpebras e blefaroplastia em S\u00e3o Paulo. Telefones: 11 3668-5910\",\"breadcrumb\":{\"@id\":\"https:\/\/www.dravivianloureiro.com.br\/blog\/blefaroplastia-levantamento-das-palpebras\/#breadcrumb\"},\"inLanguage\":\"pt-BR\",\"potentialAction\":[{\"@type\":\"ReadAction\",\"target\":[\"https:\/\/www.dravivianloureiro.com.br\/blog\/blefaroplastia-levantamento-das-palpebras\/\"]}]},{\"@type\":\"BreadcrumbList\",\"@id\":\"https:\/\/www.dravivianloureiro.com.br\/blog\/blefaroplastia-levantamento-das-palpebras\/#breadcrumb\",\"itemListElement\":[{\"@type\":\"ListItem\",\"position\":1,\"name\":\"In\u00edcio\",\"item\":\"https:\/\/www.dravivianloureiro.com.br\/blog\/\"},{\"@type\":\"ListItem\",\"position\":2,\"name\":\"Blefaroplastia \u2013 Levantamento das p\u00e1lpebras\"}]},{\"@type\":\"WebSite\",\"@id\":\"https:\/\/www.dravivianloureiro.com.br\/blog\/#website\",\"url\":\"https:\/\/www.dravivianloureiro.com.br\/blog\/\",\"name\":\"Dermatologista Vivian Loureiro\",\"description\":\"\",\"publisher\":{\"@id\":\"https:\/\/www.dravivianloureiro.com.br\/blog\/#organization\"},\"potentialAction\":[{\"@type\":\"SearchAction\",\"target\":{\"@type\":\"EntryPoint\",\"urlTemplate\":\"https:\/\/www.dravivianloureiro.com.br\/blog\/?s={search_term_string}\"},\"query-input\":\"required name=search_term_string\"}],\"inLanguage\":\"pt-BR\"},{\"@type\":\"Organization\",\"@id\":\"https:\/\/www.dravivianloureiro.com.br\/blog\/#organization\",\"name\":\"Dra. Vivian Loureiro - Dermatologista Em S\u00e3o Paulo\",\"url\":\"https:\/\/www.dravivianloureiro.com.br\/blog\/\",\"logo\":{\"@type\":\"ImageObject\",\"inLanguage\":\"pt-BR\",\"@id\":\"https:\/\/www.dravivianloureiro.com.br\/blog\/#\/schema\/logo\/image\/\",\"url\":\"https:\/\/www.dravivianloureiro.com.br\/blog\/wp-content\/uploads\/2018\/08\/favicon.jpg\",\"contentUrl\":\"https:\/\/www.dravivianloureiro.com.br\/blog\/wp-content\/uploads\/2018\/08\/favicon.jpg\",\"width\":112,\"height\":112,\"caption\":\"Dra. Vivian Loureiro - Dermatologista Em S\u00e3o Paulo\"},\"image\":{\"@id\":\"https:\/\/www.dravivianloureiro.com.br\/blog\/#\/schema\/logo\/image\/\"},\"sameAs\":[\"https:\/\/pt-br.facebook.com\/vivianloureirodermatologia\/\",\"https:\/\/www.instagram.com\/vivianloureirodermatologia\/\",\"https:\/\/www.linkedin.com\/in\/vivian-barzi-loureiro-a6412887\/\"]},{\"@type\":\"Person\",\"@id\":\"https:\/\/www.dravivianloureiro.com.br\/blog\/#\/schema\/person\/f6272c0e48dae4364ef626c598c5cb84\",\"name\":\"Vivian Loureiro\",\"image\":{\"@type\":\"ImageObject\",\"inLanguage\":\"pt-BR\",\"@id\":\"https:\/\/www.dravivianloureiro.com.br\/blog\/#\/schema\/person\/image\/\",\"url\":\"https:\/\/secure.gravatar.com\/avatar\/8ee2b0fae98657240c77e822ae139ad3?s=96&d=wp_user_avatar&r=g\",\"contentUrl\":\"https:\/\/secure.gravatar.com\/avatar\/8ee2b0fae98657240c77e822ae139ad3?s=96&d=wp_user_avatar&r=g\",\"caption\":\"Vivian Loureiro\"},\"description\":\"M\u00e9dica formada pela Universidade de S\u00e3o Paulo (USP). Realizou resid\u00eancia m\u00e9dica em Dermatologia e complementa\u00e7\u00e3o em Cosmiatria e Laser pelo departamento de Dermatologia do Hospital das Cl\u00ednicas da Faculdade de Medicina da Universidade de S\u00e3o Paulo (USP). Possui t\u00edtulo de especialista em Dermatologia. \u00c9 membro da Sociedade Brasileira de Dermatologia (SBD) e Sociedade Brasileira de Cirurgia Dermatol\u00f3gica (SBCD) e m\u00e9dica do grupo Fleury. Atua nas \u00e1reas de Dermatologia Cl\u00ednica, Cir\u00fargica, Pedi\u00e1trica e Est\u00e9tica. Frequenta e palestra nos principais cursos e congressos de dermatologia, nacionais e internacionais, a fim de se manter em constante atualiza\u00e7\u00e3o.\",\"sameAs\":[\"https:\/\/www.dravivianloureiro.com.br\/\",\"https:\/\/pt-br.facebook.com\/vivianloureirodermatologia\/\",\"https:\/\/www.instagram.com\/vivianloureirodermatologia\/\",\"https:\/\/www.linkedin.com\/in\/vivian-barzi-loureiro-a6412887\/\"]}]}<\/script>\n<!-- \/ Yoast SEO plugin. -->","yoast_head_json":{"title":"Levantamento das p\u00e1lpebras com a Blefaroplastia - Beauty Beyond Skin Dermatologia Especializada","description":"Entenda o que \u00e9 a blefaroplastia (levantamento das p\u00e1lpebras), os principais pontos que devemos considerar e a opini\u00e3o da Dra Gabriela Casabona, que \u00e9 Dermatologista Especialista em Levantamento das p\u00e1lpebras e blefaroplastia em S\u00e3o Paulo. Telefones: 11 3668-5910","robots":{"index":"index","follow":"follow","max-snippet":"max-snippet:-1","max-image-preview":"max-image-preview:large","max-video-preview":"max-video-preview:-1"},"canonical":"https:\/\/www.dravivianloureiro.com.br\/blog\/blefaroplastia-levantamento-das-palpebras\/","og_locale":"pt_BR","og_type":"article","og_title":"Levantamento das p\u00e1lpebras com a Blefaroplastia - Beauty Beyond Skin Dermatologia Especializada","og_description":"Entenda o que \u00e9 a blefaroplastia (levantamento das p\u00e1lpebras), os principais pontos que devemos considerar e a opini\u00e3o da Dra Gabriela Casabona, que \u00e9 Dermatologista Especialista em Levantamento das p\u00e1lpebras e blefaroplastia em S\u00e3o Paulo. Telefones: 11 3668-5910","og_url":"https:\/\/www.dravivianloureiro.com.br\/blog\/blefaroplastia-levantamento-das-palpebras\/","og_site_name":"Dra. Vivian Loureiro","article_publisher":"https:\/\/pt-br.facebook.com\/vivianloureirodermatologia\/","article_author":"https:\/\/pt-br.facebook.com\/vivianloureirodermatologia\/","article_published_time":"2015-08-09T00:34:09+00:00","author":"Vivian Loureiro","twitter_card":"summary_large_image","twitter_misc":{"Escrito por":"Vivian Loureiro","Est. tempo de leitura":"5 minutos"},"schema":{"@context":"https:\/\/schema.org","@graph":[{"@type":"Article","@id":"https:\/\/www.dravivianloureiro.com.br\/blog\/blefaroplastia-levantamento-das-palpebras\/#article","isPartOf":{"@id":"https:\/\/www.dravivianloureiro.com.br\/blog\/blefaroplastia-levantamento-das-palpebras\/"},"author":{"name":"Vivian Loureiro","@id":"https:\/\/www.dravivianloureiro.com.br\/blog\/#\/schema\/person\/f6272c0e48dae4364ef626c598c5cb84"},"headline":"Blefaroplastia \u2013 Levantamento das p\u00e1lpebras","datePublished":"2015-08-09T00:34:09+00:00","dateModified":"2015-08-09T00:34:09+00:00","mainEntityOfPage":{"@id":"https:\/\/www.dravivianloureiro.com.br\/blog\/blefaroplastia-levantamento-das-palpebras\/"},"wordCount":937,"commentCount":0,"publisher":{"@id":"https:\/\/www.dravivianloureiro.com.br\/blog\/#organization"},"keywords":["blefaroplastia","Levantamento das palpebras"],"articleSection":["Bleferoplastia","P\u00e1lpebras"],"inLanguage":"pt-BR","potentialAction":[{"@type":"CommentAction","name":"Comment","target":["https:\/\/www.dravivianloureiro.com.br\/blog\/blefaroplastia-levantamento-das-palpebras\/#respond"]}]},{"@type":"WebPage","@id":"https:\/\/www.dravivianloureiro.com.br\/blog\/blefaroplastia-levantamento-das-palpebras\/","url":"https:\/\/www.dravivianloureiro.com.br\/blog\/blefaroplastia-levantamento-das-palpebras\/","name":"Levantamento das p\u00e1lpebras com a Blefaroplastia - Beauty Beyond Skin Dermatologia Especializada","isPartOf":{"@id":"https:\/\/www.dravivianloureiro.com.br\/blog\/#website"},"datePublished":"2015-08-09T00:34:09+00:00","dateModified":"2015-08-09T00:34:09+00:00","description":"Entenda o que \u00e9 a blefaroplastia (levantamento das p\u00e1lpebras), os principais pontos que devemos considerar e a opini\u00e3o da Dra Gabriela Casabona, que \u00e9 Dermatologista Especialista em Levantamento das p\u00e1lpebras e blefaroplastia em S\u00e3o Paulo. Telefones: 11 3668-5910","breadcrumb":{"@id":"https:\/\/www.dravivianloureiro.com.br\/blog\/blefaroplastia-levantamento-das-palpebras\/#breadcrumb"},"inLanguage":"pt-BR","potentialAction":[{"@type":"ReadAction","target":["https:\/\/www.dravivianloureiro.com.br\/blog\/blefaroplastia-levantamento-das-palpebras\/"]}]},{"@type":"BreadcrumbList","@id":"https:\/\/www.dravivianloureiro.com.br\/blog\/blefaroplastia-levantamento-das-palpebras\/#breadcrumb","itemListElement":[{"@type":"ListItem","position":1,"name":"In\u00edcio","item":"https:\/\/www.dravivianloureiro.com.br\/blog\/"},{"@type":"ListItem","position":2,"name":"Blefaroplastia \u2013 Levantamento das p\u00e1lpebras"}]},{"@type":"WebSite","@id":"https:\/\/www.dravivianloureiro.com.br\/blog\/#website","url":"https:\/\/www.dravivianloureiro.com.br\/blog\/","name":"Dermatologista Vivian Loureiro","description":"","publisher":{"@id":"https:\/\/www.dravivianloureiro.com.br\/blog\/#organization"},"potentialAction":[{"@type":"SearchAction","target":{"@type":"EntryPoint","urlTemplate":"https:\/\/www.dravivianloureiro.com.br\/blog\/?s={search_term_string}"},"query-input":"required name=search_term_string"}],"inLanguage":"pt-BR"},{"@type":"Organization","@id":"https:\/\/www.dravivianloureiro.com.br\/blog\/#organization","name":"Dra. Vivian Loureiro - Dermatologista Em S\u00e3o Paulo","url":"https:\/\/www.dravivianloureiro.com.br\/blog\/","logo":{"@type":"ImageObject","inLanguage":"pt-BR","@id":"https:\/\/www.dravivianloureiro.com.br\/blog\/#\/schema\/logo\/image\/","url":"https:\/\/www.dravivianloureiro.com.br\/blog\/wp-content\/uploads\/2018\/08\/favicon.jpg","contentUrl":"https:\/\/www.dravivianloureiro.com.br\/blog\/wp-content\/uploads\/2018\/08\/favicon.jpg","width":112,"height":112,"caption":"Dra. Vivian Loureiro - Dermatologista Em S\u00e3o Paulo"},"image":{"@id":"https:\/\/www.dravivianloureiro.com.br\/blog\/#\/schema\/logo\/image\/"},"sameAs":["https:\/\/pt-br.facebook.com\/vivianloureirodermatologia\/","https:\/\/www.instagram.com\/vivianloureirodermatologia\/","https:\/\/www.linkedin.com\/in\/vivian-barzi-loureiro-a6412887\/"]},{"@type":"Person","@id":"https:\/\/www.dravivianloureiro.com.br\/blog\/#\/schema\/person\/f6272c0e48dae4364ef626c598c5cb84","name":"Vivian Loureiro","image":{"@type":"ImageObject","inLanguage":"pt-BR","@id":"https:\/\/www.dravivianloureiro.com.br\/blog\/#\/schema\/person\/image\/","url":"https:\/\/secure.gravatar.com\/avatar\/8ee2b0fae98657240c77e822ae139ad3?s=96&d=wp_user_avatar&r=g","contentUrl":"https:\/\/secure.gravatar.com\/avatar\/8ee2b0fae98657240c77e822ae139ad3?s=96&d=wp_user_avatar&r=g","caption":"Vivian Loureiro"},"description":"M\u00e9dica formada pela Universidade de S\u00e3o Paulo (USP). Realizou resid\u00eancia m\u00e9dica em Dermatologia e complementa\u00e7\u00e3o em Cosmiatria e Laser pelo departamento de Dermatologia do Hospital das Cl\u00ednicas da Faculdade de Medicina da Universidade de S\u00e3o Paulo (USP). Possui t\u00edtulo de especialista em Dermatologia. \u00c9 membro da Sociedade Brasileira de Dermatologia (SBD) e Sociedade Brasileira de Cirurgia Dermatol\u00f3gica (SBCD) e m\u00e9dica do grupo Fleury. Atua nas \u00e1reas de Dermatologia Cl\u00ednica, Cir\u00fargica, Pedi\u00e1trica e Est\u00e9tica. Frequenta e palestra nos principais cursos e congressos de dermatologia, nacionais e internacionais, a fim de se manter em constante atualiza\u00e7\u00e3o.","sameAs":["https:\/\/www.dravivianloureiro.com.br\/","https:\/\/pt-br.facebook.com\/vivianloureirodermatologia\/","https:\/\/www.instagram.com\/vivianloureirodermatologia\/","https:\/\/www.linkedin.com\/in\/vivian-barzi-loureiro-a6412887\/"]}]}},"amp_enabled":true,"_links":{"self":[{"href":"https:\/\/www.dravivianloureiro.com.br\/blog\/wp-json\/wp\/v2\/posts\/1923"}],"collection":[{"href":"https:\/\/www.dravivianloureiro.com.br\/blog\/wp-json\/wp\/v2\/posts"}],"about":[{"href":"https:\/\/www.dravivianloureiro.com.br\/blog\/wp-json\/wp\/v2\/types\/post"}],"author":[{"embeddable":true,"href":"https:\/\/www.dravivianloureiro.com.br\/blog\/wp-json\/wp\/v2\/users\/1"}],"replies":[{"embeddable":true,"href":"https:\/\/www.dravivianloureiro.com.br\/blog\/wp-json\/wp\/v2\/comments?post=1923"}],"version-history":[{"count":0,"href":"https:\/\/www.dravivianloureiro.com.br\/blog\/wp-json\/wp\/v2\/posts\/1923\/revisions"}],"wp:featuredmedia":[{"embeddable":true,"href":"https:\/\/www.dravivianloureiro.com.br\/blog\/wp-json\/"}],"wp:attachment":[{"href":"https:\/\/www.dravivianloureiro.com.br\/blog\/wp-json\/wp\/v2\/media?parent=1923"}],"wp:term":[{"taxonomy":"category","embeddable":true,"href":"https:\/\/www.dravivianloureiro.com.br\/blog\/wp-json\/wp\/v2\/categories?post=1923"},{"taxonomy":"post_tag","embeddable":true,"href":"https:\/\/www.dravivianloureiro.com.br\/blog\/wp-json\/wp\/v2\/tags?post=1923"}],"curies":[{"name":"wp","href":"https:\/\/api.w.org\/{rel}","templated":true}]}}