{"id":182,"date":"2020-05-22T16:16:06","date_gmt":"2020-05-22T19:16:06","guid":{"rendered":"https:\/\/www.dravivianloureiro.com.br\/blog\/?p=182"},"modified":"2021-02-21T20:00:44","modified_gmt":"2021-02-21T23:00:44","slug":"vacina-para-herpes-zoster-devo-tomar","status":"publish","type":"post","link":"https:\/\/www.dravivianloureiro.com.br\/blog\/vacina-para-herpes-zoster-devo-tomar\/","title":{"rendered":"Vacina para Herpes Zoster \/ Cobreiro: devo tomar?"},"content":{"rendered":"<p class=\"estimated-read-time\">Tempo de leitura:<small> 3 minutos<\/small><\/p> <p>O Herpes Zoster \u00e9 a reativa\u00e7\u00e3o do v\u00edrus da Varicela (catapora). Normalmente, o primeiro contato com esse v\u00edrus ocorre na inf\u00e2ncia. \u00c9 a primo-infec\u00e7\u00e3o, que pode ou n\u00e3o ter os sintomas cl\u00e1ssicos da catapora.<\/p>\n<p>Depois disso, o v\u00edrus fica em lat\u00eancia nos g\u00e2nglios nervosos sensitivos e pode, eventualmente, se manifestar. Quando isso ocorre, o v\u00edrus migra pelo nervo sensitivo at\u00e9 chegar \u00e0 pele. \u00a0A reativa\u00e7\u00e3o do v\u00edrus causa o quadro de Herpes Zoster, popularmente chamado de cobreiro.<\/p>\n<h2>Reativa\u00e7\u00e3o do v\u00edrus Herpes Zoster (cobreiro)<\/h2>\n<p>A grande maioria dos adultos t\u00eam o v\u00edrus Varicela-Zoster latente no organismo. No entanto, apenas 30% ir\u00e3o reativ\u00e1-lo ao longo da vida. Isso pode ocorrer em qualquer idade, mas \u00e9 mais freq\u00fcente ap\u00f3s os 50 anos.<\/p>\n<p>A reativa\u00e7\u00e3o costuma ocorrer quando existe alguma queda na imunidade. Situa\u00e7\u00f5es como diabetes, doen\u00e7as auto-imunes, c\u00e2ncer, AIDS, medicamentos imunossupressores, estresse e a pr\u00f3pria senilidade favorecem a manifesta\u00e7\u00e3o do Zoster. Entretanto, tamb\u00e9m pode ocorrer em pacientes totalmente jovens e saud\u00e1veis, que n\u00e3o apresentam nenhum fator que comprometa o sistema imunol\u00f3gico.<\/p>\n<h2>Principais sintomas do quadro<\/h2>\n<p>Em geral, o quadro inicia com uma sensa\u00e7\u00e3o de dor, ardor, coceira ou formigamento em uma determinada \u00e1rea do corpo. Poucos dias depois surgem, no mesmo local, ves\u00edculas e bolhas, que evoluem com a forma\u00e7\u00e3o de crostas. Classicamente, as les\u00f5es s\u00e3o unilaterais e restritas a um derm\u00e1tomo (\u00e1rea espec\u00edfica, inervada pelo nervo acometido).<\/p>\n<p>O diagn\u00f3stico correto e o tratamento adequado precoce s\u00e3o importantes para encurtar a dura\u00e7\u00e3o da doen\u00e7a e para prevenir as poss\u00edveis complica\u00e7\u00f5es.<\/p>\n<h2>Recomenda\u00e7\u00e3o para a vacina contra Herpes Zoster<\/h2>\n<p>A vacina Zostavax, contra Herpes Zoster est\u00e1 dispon\u00edvel no Brasil desde 2014 e \u00e9 oficialmente recomendada ap\u00f3s os 60 anos de idade, inclusive para quem j\u00e1 teve a doen\u00e7a. A crit\u00e9rio m\u00e9dico, pode ser aplicada a partir dos 50 anos.<\/p>\n<p><img loading=\"lazy\" class=\"alignnone  wp-image-184\" src=\"https:\/\/www.dravivianloureiro.com.br\/blog\/wp-content\/uploads\/2020\/05\/herpes-2.jpg\" alt=\"\" width=\"802\" height=\"534\" srcset=\"https:\/\/www.dravivianloureiro.com.br\/blog\/wp-content\/uploads\/2020\/05\/herpes-2.jpg 512w, https:\/\/www.dravivianloureiro.com.br\/blog\/wp-content\/uploads\/2020\/05\/herpes-2-370x246.jpg 370w\" sizes=\"(max-width: 802px) 100vw, 802px\" \/><\/p>\n<p>A imuniza\u00e7\u00e3o \u00e9 feita com uma \u00fanica dose e previne a ocorr\u00eancia da enfermidade em at\u00e9 60% dos indiv\u00edduos. Por\u00e9m, depois dos 70 anos de idade, a efic\u00e1cia cai para 40%.<\/p>\n<h2>Disponibiliza\u00e7\u00e3o da vacina para Herpes Zoster<\/h2>\n<p>A vacina n\u00e3o faz parte do calend\u00e1rio nacional de imuniza\u00e7\u00f5es gratuitas do SUS (sistema \u00fanico de sa\u00fade), mas pode ser encontrada em cl\u00ednicas e laborat\u00f3rios privados.<\/p>\n<p>Essa vacina \u00e9 fabricada com v\u00edrus vivo atenuado e, por esse motivo, est\u00e1 contra-indicada em algumas situa\u00e7\u00f5es.<\/p>\n<p>Mais recentemente, uma nova vacina, chamada Shingrix, foi desenvolvida, a partir de part\u00edculas virais. Foi aprovada nos EUA, pelo FDA (<em>Food and Drug Administration<\/em>), em 2017. Por n\u00e3o conter v\u00edrus vivo na formula\u00e7\u00e3o, n\u00e3o tem as mesmas contra-indica\u00e7\u00f5es da Zostavax e pode ser aplicada em pacientes com problemas imunol\u00f3gicos. Al\u00e9m de mais segura, essa nova vacina \u00e9 ainda mais eficaz, inclusive em adultos mais velhos. A sua efic\u00e1cia \u00e9 em torno dos 90%. No entanto, a Shingrix, ainda n\u00e3o est\u00e1 dispon\u00edvel no Brasil.<\/p>\n<p>Em conclus\u00e3o, a vacina \u00e9 uma excelente ferramenta para a preven\u00e7\u00e3o do Herpes Zoster\u00a0 e, tamb\u00e9m, das poss\u00edveis complica\u00e7\u00f5es associadas. A vacina Zostavax, atualmente dispon\u00edvel no Brasil, por conter v\u00edrus atenuado, n\u00e3o pode ser aplicada em indiv\u00edduos com problemas de imunidade que, no entanto, seriam os mais beneficiados pela imuniza\u00e7\u00e3o. Assim, \u00e9 importante que o m\u00e9dico avalie caso a caso, levando em considera\u00e7\u00e3o os riscos x benef\u00edcios. Quando a nova Shingrix chegar ao pa\u00eds, um n\u00famero muito maior de pessoas poder\u00e1 utilizar a vacina.<\/p>\n","protected":false},"excerpt":{"rendered":"<p><small> 3 minutos<\/small> O Herpes Zoster \u00e9 a reativa\u00e7\u00e3o do v\u00edrus da Varicela (catapora). Normalmente, o primeiro contato com esse v\u00edrus ocorre na inf\u00e2ncia. \u00c9 a primo-infec\u00e7\u00e3o, que pode ou n\u00e3o ter os sintomas cl\u00e1ssicos da catapora. Depois disso, o v\u00edrus fica em lat\u00eancia nos g\u00e2nglios nervosos sensitivos e pode, eventualmente, se manifestar. Quando isso ocorre, o v\u00edrus migra pelo nervo sensitivo at\u00e9 chegar \u00e0 pele. \u00a0A reativa\u00e7\u00e3o do v\u00edrus causa o quadro de Herpes Zoster, popularmente chamado de cobreiro. Reativa\u00e7\u00e3o do v\u00edrus Herpes Zoster <a href=\"https:\/\/www.dravivianloureiro.com.br\/blog\/vacina-para-herpes-zoster-devo-tomar\/\" class=\"more-link\"><span>Continue lendo<\/span>\u2192<\/a><\/p>\n","protected":false},"author":1,"featured_media":183,"comment_status":"open","ping_status":"open","sticky":false,"template":"","format":"standard","meta":[],"categories":[7],"tags":[301,302,100,306,116,307,300,305,303,304],"yoast_head":"<!-- This site is optimized with the Yoast SEO plugin v20.6 - https:\/\/yoast.com\/wordpress\/plugins\/seo\/ -->\n<title>Vacina Para Herpes Zoster - Cobreiro: Devo Tomar? Dra. Vivian Explica!<\/title>\n<meta name=\"description\" content=\"Dra Vivian Explica Sobre a Reativa\u00e7\u00e3o da Herpes Zoster \/ Cobreiro e a Necessidade de Vacina Contra Herpes Zoster Ap\u00f3s os 50 Anos de Idade.\" \/>\n<meta name=\"robots\" content=\"index, follow, max-snippet:-1, max-image-preview:large, max-video-preview:-1\" \/>\n<link rel=\"canonical\" href=\"https:\/\/www.dravivianloureiro.com.br\/blog\/vacina-para-herpes-zoster-devo-tomar\/\" \/>\n<meta property=\"og:locale\" content=\"pt_BR\" \/>\n<meta property=\"og:type\" content=\"article\" \/>\n<meta property=\"og:title\" content=\"Vacina Para Herpes Zoster - Cobreiro: Devo Tomar? Dra. Vivian Explica!\" \/>\n<meta property=\"og:description\" content=\"Dra Vivian Explica Sobre a Reativa\u00e7\u00e3o da Herpes Zoster \/ Cobreiro e a Necessidade de Vacina Contra Herpes Zoster Ap\u00f3s os 50 Anos de Idade.\" \/>\n<meta property=\"og:url\" content=\"https:\/\/www.dravivianloureiro.com.br\/blog\/vacina-para-herpes-zoster-devo-tomar\/\" \/>\n<meta property=\"og:site_name\" content=\"Dra. Vivian Loureiro\" \/>\n<meta property=\"article:publisher\" content=\"https:\/\/pt-br.facebook.com\/vivianloureirodermatologia\/\" \/>\n<meta property=\"article:author\" content=\"https:\/\/pt-br.facebook.com\/vivianloureirodermatologia\/\" \/>\n<meta property=\"article:published_time\" content=\"2020-05-22T19:16:06+00:00\" \/>\n<meta property=\"article:modified_time\" content=\"2021-02-21T23:00:44+00:00\" \/>\n<meta property=\"og:image\" content=\"https:\/\/www.dravivianloureiro.com.br\/blog\/wp-content\/uploads\/2020\/05\/herpes.jpg\" \/>\n\t<meta property=\"og:image:width\" content=\"1200\" \/>\n\t<meta property=\"og:image:height\" content=\"675\" \/>\n\t<meta property=\"og:image:type\" content=\"image\/jpeg\" \/>\n<meta name=\"author\" content=\"Vivian Loureiro\" \/>\n<meta name=\"twitter:card\" content=\"summary_large_image\" \/>\n<meta name=\"twitter:label1\" content=\"Escrito por\" \/>\n\t<meta name=\"twitter:data1\" content=\"Vivian Loureiro\" \/>\n\t<meta name=\"twitter:label2\" content=\"Est. tempo de leitura\" \/>\n\t<meta name=\"twitter:data2\" content=\"3 minutos\" \/>\n<script type=\"application\/ld+json\" class=\"yoast-schema-graph\">{\"@context\":\"https:\/\/schema.org\",\"@graph\":[{\"@type\":\"Article\",\"@id\":\"https:\/\/www.dravivianloureiro.com.br\/blog\/vacina-para-herpes-zoster-devo-tomar\/#article\",\"isPartOf\":{\"@id\":\"https:\/\/www.dravivianloureiro.com.br\/blog\/vacina-para-herpes-zoster-devo-tomar\/\"},\"author\":{\"name\":\"Vivian Loureiro\",\"@id\":\"https:\/\/www.dravivianloureiro.com.br\/blog\/#\/schema\/person\/f6272c0e48dae4364ef626c598c5cb84\"},\"headline\":\"Vacina para Herpes Zoster \/ Cobreiro: devo tomar?\",\"datePublished\":\"2020-05-22T19:16:06+00:00\",\"dateModified\":\"2021-02-21T23:00:44+00:00\",\"mainEntityOfPage\":{\"@id\":\"https:\/\/www.dravivianloureiro.com.br\/blog\/vacina-para-herpes-zoster-devo-tomar\/\"},\"wordCount\":617,\"commentCount\":0,\"publisher\":{\"@id\":\"https:\/\/www.dravivianloureiro.com.br\/blog\/#organization\"},\"keywords\":[\"catapora\",\"cobreiro\",\"dermato itaim\",\"dermatologista especialista em cobreiro\",\"dra vivian loureiro\",\"especialista em herpes zoster\",\"herpes zoster\",\"vacina cobreiro\",\"vacina herpes zoster\",\"vacina herpes zoster pessoas 50 anos\"],\"articleSection\":[\"Dicas e Cuidados\"],\"inLanguage\":\"pt-BR\",\"potentialAction\":[{\"@type\":\"CommentAction\",\"name\":\"Comment\",\"target\":[\"https:\/\/www.dravivianloureiro.com.br\/blog\/vacina-para-herpes-zoster-devo-tomar\/#respond\"]}]},{\"@type\":\"WebPage\",\"@id\":\"https:\/\/www.dravivianloureiro.com.br\/blog\/vacina-para-herpes-zoster-devo-tomar\/\",\"url\":\"https:\/\/www.dravivianloureiro.com.br\/blog\/vacina-para-herpes-zoster-devo-tomar\/\",\"name\":\"Vacina Para Herpes Zoster - Cobreiro: Devo Tomar? Dra. Vivian Explica!\",\"isPartOf\":{\"@id\":\"https:\/\/www.dravivianloureiro.com.br\/blog\/#website\"},\"datePublished\":\"2020-05-22T19:16:06+00:00\",\"dateModified\":\"2021-02-21T23:00:44+00:00\",\"description\":\"Dra Vivian Explica Sobre a Reativa\u00e7\u00e3o da Herpes Zoster \/ Cobreiro e a Necessidade de Vacina Contra Herpes Zoster Ap\u00f3s os 50 Anos de Idade.\",\"breadcrumb\":{\"@id\":\"https:\/\/www.dravivianloureiro.com.br\/blog\/vacina-para-herpes-zoster-devo-tomar\/#breadcrumb\"},\"inLanguage\":\"pt-BR\",\"potentialAction\":[{\"@type\":\"ReadAction\",\"target\":[\"https:\/\/www.dravivianloureiro.com.br\/blog\/vacina-para-herpes-zoster-devo-tomar\/\"]}]},{\"@type\":\"BreadcrumbList\",\"@id\":\"https:\/\/www.dravivianloureiro.com.br\/blog\/vacina-para-herpes-zoster-devo-tomar\/#breadcrumb\",\"itemListElement\":[{\"@type\":\"ListItem\",\"position\":1,\"name\":\"In\u00edcio\",\"item\":\"https:\/\/www.dravivianloureiro.com.br\/blog\/\"},{\"@type\":\"ListItem\",\"position\":2,\"name\":\"Vacina para Herpes Zoster \/ Cobreiro: devo tomar?\"}]},{\"@type\":\"WebSite\",\"@id\":\"https:\/\/www.dravivianloureiro.com.br\/blog\/#website\",\"url\":\"https:\/\/www.dravivianloureiro.com.br\/blog\/\",\"name\":\"Dermatologista Vivian Loureiro\",\"description\":\"\",\"publisher\":{\"@id\":\"https:\/\/www.dravivianloureiro.com.br\/blog\/#organization\"},\"potentialAction\":[{\"@type\":\"SearchAction\",\"target\":{\"@type\":\"EntryPoint\",\"urlTemplate\":\"https:\/\/www.dravivianloureiro.com.br\/blog\/?s={search_term_string}\"},\"query-input\":\"required name=search_term_string\"}],\"inLanguage\":\"pt-BR\"},{\"@type\":\"Organization\",\"@id\":\"https:\/\/www.dravivianloureiro.com.br\/blog\/#organization\",\"name\":\"Dra. Vivian Loureiro - Dermatologista Em S\u00e3o Paulo\",\"url\":\"https:\/\/www.dravivianloureiro.com.br\/blog\/\",\"logo\":{\"@type\":\"ImageObject\",\"inLanguage\":\"pt-BR\",\"@id\":\"https:\/\/www.dravivianloureiro.com.br\/blog\/#\/schema\/logo\/image\/\",\"url\":\"https:\/\/www.dravivianloureiro.com.br\/blog\/wp-content\/uploads\/2018\/08\/favicon.jpg\",\"contentUrl\":\"https:\/\/www.dravivianloureiro.com.br\/blog\/wp-content\/uploads\/2018\/08\/favicon.jpg\",\"width\":112,\"height\":112,\"caption\":\"Dra. Vivian Loureiro - Dermatologista Em S\u00e3o Paulo\"},\"image\":{\"@id\":\"https:\/\/www.dravivianloureiro.com.br\/blog\/#\/schema\/logo\/image\/\"},\"sameAs\":[\"https:\/\/pt-br.facebook.com\/vivianloureirodermatologia\/\",\"https:\/\/www.instagram.com\/vivianloureirodermatologia\/\",\"https:\/\/www.linkedin.com\/in\/vivian-barzi-loureiro-a6412887\/\"]},{\"@type\":\"Person\",\"@id\":\"https:\/\/www.dravivianloureiro.com.br\/blog\/#\/schema\/person\/f6272c0e48dae4364ef626c598c5cb84\",\"name\":\"Vivian Loureiro\",\"image\":{\"@type\":\"ImageObject\",\"inLanguage\":\"pt-BR\",\"@id\":\"https:\/\/www.dravivianloureiro.com.br\/blog\/#\/schema\/person\/image\/\",\"url\":\"https:\/\/secure.gravatar.com\/avatar\/8ee2b0fae98657240c77e822ae139ad3?s=96&d=wp_user_avatar&r=g\",\"contentUrl\":\"https:\/\/secure.gravatar.com\/avatar\/8ee2b0fae98657240c77e822ae139ad3?s=96&d=wp_user_avatar&r=g\",\"caption\":\"Vivian Loureiro\"},\"description\":\"M\u00e9dica formada pela Universidade de S\u00e3o Paulo (USP). Realizou resid\u00eancia m\u00e9dica em Dermatologia e complementa\u00e7\u00e3o em Cosmiatria e Laser pelo departamento de Dermatologia do Hospital das Cl\u00ednicas da Faculdade de Medicina da Universidade de S\u00e3o Paulo (USP). Possui t\u00edtulo de especialista em Dermatologia. \u00c9 membro da Sociedade Brasileira de Dermatologia (SBD) e Sociedade Brasileira de Cirurgia Dermatol\u00f3gica (SBCD) e m\u00e9dica do grupo Fleury. Atua nas \u00e1reas de Dermatologia Cl\u00ednica, Cir\u00fargica, Pedi\u00e1trica e Est\u00e9tica. Frequenta e palestra nos principais cursos e congressos de dermatologia, nacionais e internacionais, a fim de se manter em constante atualiza\u00e7\u00e3o.\",\"sameAs\":[\"https:\/\/www.dravivianloureiro.com.br\/\",\"https:\/\/pt-br.facebook.com\/vivianloureirodermatologia\/\",\"https:\/\/www.instagram.com\/vivianloureirodermatologia\/\",\"https:\/\/www.linkedin.com\/in\/vivian-barzi-loureiro-a6412887\/\"]}]}<\/script>\n<!-- \/ Yoast SEO plugin. -->","yoast_head_json":{"title":"Vacina Para Herpes Zoster - Cobreiro: Devo Tomar? Dra. Vivian Explica!","description":"Dra Vivian Explica Sobre a Reativa\u00e7\u00e3o da Herpes Zoster \/ Cobreiro e a Necessidade de Vacina Contra Herpes Zoster Ap\u00f3s os 50 Anos de Idade.","robots":{"index":"index","follow":"follow","max-snippet":"max-snippet:-1","max-image-preview":"max-image-preview:large","max-video-preview":"max-video-preview:-1"},"canonical":"https:\/\/www.dravivianloureiro.com.br\/blog\/vacina-para-herpes-zoster-devo-tomar\/","og_locale":"pt_BR","og_type":"article","og_title":"Vacina Para Herpes Zoster - Cobreiro: Devo Tomar? Dra. Vivian Explica!","og_description":"Dra Vivian Explica Sobre a Reativa\u00e7\u00e3o da Herpes Zoster \/ Cobreiro e a Necessidade de Vacina Contra Herpes Zoster Ap\u00f3s os 50 Anos de Idade.","og_url":"https:\/\/www.dravivianloureiro.com.br\/blog\/vacina-para-herpes-zoster-devo-tomar\/","og_site_name":"Dra. Vivian Loureiro","article_publisher":"https:\/\/pt-br.facebook.com\/vivianloureirodermatologia\/","article_author":"https:\/\/pt-br.facebook.com\/vivianloureirodermatologia\/","article_published_time":"2020-05-22T19:16:06+00:00","article_modified_time":"2021-02-21T23:00:44+00:00","og_image":[{"width":1200,"height":675,"url":"https:\/\/www.dravivianloureiro.com.br\/blog\/wp-content\/uploads\/2020\/05\/herpes.jpg","type":"image\/jpeg"}],"author":"Vivian Loureiro","twitter_card":"summary_large_image","twitter_misc":{"Escrito por":"Vivian Loureiro","Est. tempo de leitura":"3 minutos"},"schema":{"@context":"https:\/\/schema.org","@graph":[{"@type":"Article","@id":"https:\/\/www.dravivianloureiro.com.br\/blog\/vacina-para-herpes-zoster-devo-tomar\/#article","isPartOf":{"@id":"https:\/\/www.dravivianloureiro.com.br\/blog\/vacina-para-herpes-zoster-devo-tomar\/"},"author":{"name":"Vivian Loureiro","@id":"https:\/\/www.dravivianloureiro.com.br\/blog\/#\/schema\/person\/f6272c0e48dae4364ef626c598c5cb84"},"headline":"Vacina para Herpes Zoster \/ Cobreiro: devo tomar?","datePublished":"2020-05-22T19:16:06+00:00","dateModified":"2021-02-21T23:00:44+00:00","mainEntityOfPage":{"@id":"https:\/\/www.dravivianloureiro.com.br\/blog\/vacina-para-herpes-zoster-devo-tomar\/"},"wordCount":617,"commentCount":0,"publisher":{"@id":"https:\/\/www.dravivianloureiro.com.br\/blog\/#organization"},"keywords":["catapora","cobreiro","dermato itaim","dermatologista especialista em cobreiro","dra vivian loureiro","especialista em herpes zoster","herpes zoster","vacina cobreiro","vacina herpes zoster","vacina herpes zoster pessoas 50 anos"],"articleSection":["Dicas e Cuidados"],"inLanguage":"pt-BR","potentialAction":[{"@type":"CommentAction","name":"Comment","target":["https:\/\/www.dravivianloureiro.com.br\/blog\/vacina-para-herpes-zoster-devo-tomar\/#respond"]}]},{"@type":"WebPage","@id":"https:\/\/www.dravivianloureiro.com.br\/blog\/vacina-para-herpes-zoster-devo-tomar\/","url":"https:\/\/www.dravivianloureiro.com.br\/blog\/vacina-para-herpes-zoster-devo-tomar\/","name":"Vacina Para Herpes Zoster - Cobreiro: Devo Tomar? Dra. Vivian Explica!","isPartOf":{"@id":"https:\/\/www.dravivianloureiro.com.br\/blog\/#website"},"datePublished":"2020-05-22T19:16:06+00:00","dateModified":"2021-02-21T23:00:44+00:00","description":"Dra Vivian Explica Sobre a Reativa\u00e7\u00e3o da Herpes Zoster \/ Cobreiro e a Necessidade de Vacina Contra Herpes Zoster Ap\u00f3s os 50 Anos de Idade.","breadcrumb":{"@id":"https:\/\/www.dravivianloureiro.com.br\/blog\/vacina-para-herpes-zoster-devo-tomar\/#breadcrumb"},"inLanguage":"pt-BR","potentialAction":[{"@type":"ReadAction","target":["https:\/\/www.dravivianloureiro.com.br\/blog\/vacina-para-herpes-zoster-devo-tomar\/"]}]},{"@type":"BreadcrumbList","@id":"https:\/\/www.dravivianloureiro.com.br\/blog\/vacina-para-herpes-zoster-devo-tomar\/#breadcrumb","itemListElement":[{"@type":"ListItem","position":1,"name":"In\u00edcio","item":"https:\/\/www.dravivianloureiro.com.br\/blog\/"},{"@type":"ListItem","position":2,"name":"Vacina para Herpes Zoster \/ Cobreiro: devo tomar?"}]},{"@type":"WebSite","@id":"https:\/\/www.dravivianloureiro.com.br\/blog\/#website","url":"https:\/\/www.dravivianloureiro.com.br\/blog\/","name":"Dermatologista Vivian Loureiro","description":"","publisher":{"@id":"https:\/\/www.dravivianloureiro.com.br\/blog\/#organization"},"potentialAction":[{"@type":"SearchAction","target":{"@type":"EntryPoint","urlTemplate":"https:\/\/www.dravivianloureiro.com.br\/blog\/?s={search_term_string}"},"query-input":"required name=search_term_string"}],"inLanguage":"pt-BR"},{"@type":"Organization","@id":"https:\/\/www.dravivianloureiro.com.br\/blog\/#organization","name":"Dra. Vivian Loureiro - Dermatologista Em S\u00e3o Paulo","url":"https:\/\/www.dravivianloureiro.com.br\/blog\/","logo":{"@type":"ImageObject","inLanguage":"pt-BR","@id":"https:\/\/www.dravivianloureiro.com.br\/blog\/#\/schema\/logo\/image\/","url":"https:\/\/www.dravivianloureiro.com.br\/blog\/wp-content\/uploads\/2018\/08\/favicon.jpg","contentUrl":"https:\/\/www.dravivianloureiro.com.br\/blog\/wp-content\/uploads\/2018\/08\/favicon.jpg","width":112,"height":112,"caption":"Dra. Vivian Loureiro - Dermatologista Em S\u00e3o Paulo"},"image":{"@id":"https:\/\/www.dravivianloureiro.com.br\/blog\/#\/schema\/logo\/image\/"},"sameAs":["https:\/\/pt-br.facebook.com\/vivianloureirodermatologia\/","https:\/\/www.instagram.com\/vivianloureirodermatologia\/","https:\/\/www.linkedin.com\/in\/vivian-barzi-loureiro-a6412887\/"]},{"@type":"Person","@id":"https:\/\/www.dravivianloureiro.com.br\/blog\/#\/schema\/person\/f6272c0e48dae4364ef626c598c5cb84","name":"Vivian Loureiro","image":{"@type":"ImageObject","inLanguage":"pt-BR","@id":"https:\/\/www.dravivianloureiro.com.br\/blog\/#\/schema\/person\/image\/","url":"https:\/\/secure.gravatar.com\/avatar\/8ee2b0fae98657240c77e822ae139ad3?s=96&d=wp_user_avatar&r=g","contentUrl":"https:\/\/secure.gravatar.com\/avatar\/8ee2b0fae98657240c77e822ae139ad3?s=96&d=wp_user_avatar&r=g","caption":"Vivian Loureiro"},"description":"M\u00e9dica formada pela Universidade de S\u00e3o Paulo (USP). Realizou resid\u00eancia m\u00e9dica em Dermatologia e complementa\u00e7\u00e3o em Cosmiatria e Laser pelo departamento de Dermatologia do Hospital das Cl\u00ednicas da Faculdade de Medicina da Universidade de S\u00e3o Paulo (USP). Possui t\u00edtulo de especialista em Dermatologia. \u00c9 membro da Sociedade Brasileira de Dermatologia (SBD) e Sociedade Brasileira de Cirurgia Dermatol\u00f3gica (SBCD) e m\u00e9dica do grupo Fleury. Atua nas \u00e1reas de Dermatologia Cl\u00ednica, Cir\u00fargica, Pedi\u00e1trica e Est\u00e9tica. Frequenta e palestra nos principais cursos e congressos de dermatologia, nacionais e internacionais, a fim de se manter em constante atualiza\u00e7\u00e3o.","sameAs":["https:\/\/www.dravivianloureiro.com.br\/","https:\/\/pt-br.facebook.com\/vivianloureirodermatologia\/","https:\/\/www.instagram.com\/vivianloureirodermatologia\/","https:\/\/www.linkedin.com\/in\/vivian-barzi-loureiro-a6412887\/"]}]}},"amp_enabled":true,"_links":{"self":[{"href":"https:\/\/www.dravivianloureiro.com.br\/blog\/wp-json\/wp\/v2\/posts\/182"}],"collection":[{"href":"https:\/\/www.dravivianloureiro.com.br\/blog\/wp-json\/wp\/v2\/posts"}],"about":[{"href":"https:\/\/www.dravivianloureiro.com.br\/blog\/wp-json\/wp\/v2\/types\/post"}],"author":[{"embeddable":true,"href":"https:\/\/www.dravivianloureiro.com.br\/blog\/wp-json\/wp\/v2\/users\/1"}],"replies":[{"embeddable":true,"href":"https:\/\/www.dravivianloureiro.com.br\/blog\/wp-json\/wp\/v2\/comments?post=182"}],"version-history":[{"count":0,"href":"https:\/\/www.dravivianloureiro.com.br\/blog\/wp-json\/wp\/v2\/posts\/182\/revisions"}],"wp:featuredmedia":[{"embeddable":true,"href":"https:\/\/www.dravivianloureiro.com.br\/blog\/wp-json\/wp\/v2\/media\/183"}],"wp:attachment":[{"href":"https:\/\/www.dravivianloureiro.com.br\/blog\/wp-json\/wp\/v2\/media?parent=182"}],"wp:term":[{"taxonomy":"category","embeddable":true,"href":"https:\/\/www.dravivianloureiro.com.br\/blog\/wp-json\/wp\/v2\/categories?post=182"},{"taxonomy":"post_tag","embeddable":true,"href":"https:\/\/www.dravivianloureiro.com.br\/blog\/wp-json\/wp\/v2\/tags?post=182"}],"curies":[{"name":"wp","href":"https:\/\/api.w.org\/{rel}","templated":true}]}}