{"id":168,"date":"2020-04-08T08:07:06","date_gmt":"2020-04-08T11:07:06","guid":{"rendered":"https:\/\/www.dravivianloureiro.com.br\/blog\/?p=168"},"modified":"2021-05-16T17:32:18","modified_gmt":"2021-05-16T20:32:18","slug":"vitamina-d-x-sol","status":"publish","type":"post","link":"https:\/\/www.dravivianloureiro.com.br\/blog\/vitamina-d-x-sol\/","title":{"rendered":"Vitamina D x Sol"},"content":{"rendered":"<p class=\"estimated-read-time\">Tempo de leitura:<small> 2 minutos<\/small><\/p> <p>A vitamina D \u00e9 um nutriente essencial para o corpo humano, principalmente em rela\u00e7\u00e3o \u00e0 forma\u00e7\u00e3o e manuten\u00e7\u00e3o dos ossos. Apesar de existirem alimentos que contenham vitamina D (como salm\u00e3o, atum, sardinha, ovos, derivados de leite), a sua principal fonte natural \u00e9 o sol. A s\u00edntese da vitamina D \u00e9 ativada pelos raios solares, mais especificamente pelos raios ultravioletas tipo B (UVB).No entanto, os mesmos raios solares, que estimulam a produ\u00e7\u00e3o da vitamina, tamb\u00e9m podem ser nocivos para a pele.<\/p>\n<h2>Cuidados na Exposi\u00e7\u00e3o Solar<\/h2>\n<p>A exposi\u00e7\u00e3o solar contribui tanto para o envelhecimento cut\u00e2neo como para o aparecimento de manchas e c\u00e2ncer de pele.Por esse motivo, \u00e9 muito importante existir equil\u00edbrio e cautela com o sol. Nos \u00faltimos anos, observou-se que uma parcela significativa da popula\u00e7\u00e3o apresenta n\u00edveis baixos de vitamina D. Com isso, algumas pessoas come\u00e7aram a questionar as nossas recomenda\u00e7\u00f5es sobre fotoprote\u00e7\u00e3o.<\/p>\n<h2>Reposi\u00e7\u00e3o Oral x Exposi\u00e7\u00e3o ao Sol<\/h2>\n<p>Em teoria, poucos minutos de sol por dia, em qualquer parte do corpo, j\u00e1 seriam suficientes para a s\u00edntese da vitamina D. Isso \u00e9 facilmente atingido no dia-a-dia. Se, mesmo assim, os exames de sangue evidenciarem defici\u00eancia dessa vitamina, <strong>recomendamos a sua reposi\u00e7\u00e3o oral e n\u00e3o o aumento da exposi\u00e7\u00e3o solar<\/strong>. Isso porque tomar mais sol ou suspender o protetor n\u00e3o s\u00e3o medidas que necessariamente ser\u00e3o suficientes para normalizar os n\u00edveis s\u00e9ricos da vitamina D. Entretanto, certamente, a longo prazo v\u00e3o aumentar as chances de c\u00e2ncer de pele.<\/p>\n<p>A suplementa\u00e7\u00e3o oral deve ser feita conforme orienta\u00e7\u00e3o m\u00e9dica e, em geral, n\u00e3o tem efeitos colaterais. No entanto, doses excessivamente altas podem ser prejudiciais ao organismo. Levando-se em considera\u00e7\u00e3o todos os benef\u00edcios e riscos associados ao sol.<\/p>\n<h2>Recomenda\u00e7\u00f5es da SBD &#8211; Sociedade Brasileira de Dermatologia<\/h2>\n<p><strong>Expor ao sol<\/strong>, por 5 a 10 minutos ao dia, \u00e1reas que normalmente ficam cobertas, como pernas, barriga, palmas ou plantas. Dessa forma, garantimos produ\u00e7\u00e3o de vitamina D sem sobrecarregar as \u00e1reas que s\u00e3o cronicamente expostas e, portanto, mais suscet\u00edveis ao aparecimento de c\u00e2ncer e les\u00f5es pr\u00e9-cancer\u00edgenas.<\/p>\n<p><strong>Dosar a vitamina D<\/strong> e, se houver necessidade, fazer a reposi\u00e7\u00e3o oral, sob supervis\u00e3o m\u00e9dica<\/p>\n<p><strong>Manter uso di\u00e1rio de protetor solar<\/strong> nas \u00e1reas expostas. Reaplica\u00e7\u00e3o de 2 em 2 horas se exposi\u00e7\u00e3o mais prolongada. O sol \u00e9 vital, tanto para a produ\u00e7\u00e3o da vitamina D como para a sa\u00fade geral, f\u00edsica e mental. No entanto, a exposi\u00e7\u00e3o deve ser feita com cautela, a fim de evitarmos queimaduras, c\u00e2ncer de pele e o fotoenvelhecimento.<\/p>\n<h2>Vitamina D na Pandemia<\/h2>\n<p>A vitamina D \u00e9 sabidamente fundamental para o adequado funcionamento do corpo humano. At\u00e9 o momento, n\u00e3o existem evid\u00eancias cient\u00edficas que relacionem os n\u00edveis da vitamina e as taxas de infe\u00e7\u00e3o pelo v\u00edrus. Portanto, n\u00e3o h\u00e1 indica\u00e7\u00e3o de suplementa\u00e7\u00e3o da vitamina D como preven\u00e7\u00e3o ou tratamento do Coronavirus (Covid-19).<\/p>\n","protected":false},"excerpt":{"rendered":"<p>A vitamina D \u00e9 um nutriente essencial para o corpo humano, principalmente em rela\u00e7\u00e3o \u00e0 forma\u00e7\u00e3o e manuten\u00e7\u00e3o dos ossos. Apesar de existirem alimentos que contenham vitamina D<\/p>\n","protected":false},"author":1,"featured_media":169,"comment_status":"open","ping_status":"open","sticky":false,"template":"","format":"standard","meta":[],"categories":[7],"tags":[226,116,277,275,205,208,278,274,276,279],"yoast_head":"<!-- This site is optimized with the Yoast SEO plugin v20.6 - https:\/\/yoast.com\/wordpress\/plugins\/seo\/ -->\n<title>Vitamina D x Sol - Dosando Exposi\u00e7\u00e3o Solar na Defici\u00eancia de Vitamina D<\/title>\n<meta name=\"description\" content=\"Como Controlar a Rela\u00e7\u00e3o Entre Exposi\u00e7\u00e3o Solar e Defici\u00eancia de Vitamina D. Veja as Recomenda\u00e7\u00f5es da SBD Sobre Exposi\u00e7\u00e3o ao Sol e Vitamina D.\" \/>\n<meta name=\"robots\" content=\"index, follow, max-snippet:-1, max-image-preview:large, max-video-preview:-1\" \/>\n<link rel=\"canonical\" href=\"https:\/\/www.dravivianloureiro.com.br\/blog\/vitamina-d-x-sol\/\" \/>\n<meta property=\"og:locale\" content=\"pt_BR\" \/>\n<meta property=\"og:type\" content=\"article\" \/>\n<meta property=\"og:title\" content=\"Vitamina D x Sol - Dosando Exposi\u00e7\u00e3o Solar na Defici\u00eancia de Vitamina D\" \/>\n<meta property=\"og:description\" content=\"Como Controlar a Rela\u00e7\u00e3o Entre Exposi\u00e7\u00e3o Solar e Defici\u00eancia de Vitamina D. Veja as Recomenda\u00e7\u00f5es da SBD Sobre Exposi\u00e7\u00e3o ao Sol e Vitamina D.\" \/>\n<meta property=\"og:url\" content=\"https:\/\/www.dravivianloureiro.com.br\/blog\/vitamina-d-x-sol\/\" \/>\n<meta property=\"og:site_name\" content=\"Dra. Vivian Loureiro\" \/>\n<meta property=\"article:publisher\" content=\"https:\/\/pt-br.facebook.com\/vivianloureirodermatologia\/\" \/>\n<meta property=\"article:author\" content=\"https:\/\/pt-br.facebook.com\/vivianloureirodermatologia\/\" \/>\n<meta property=\"article:published_time\" content=\"2020-04-08T11:07:06+00:00\" \/>\n<meta property=\"article:modified_time\" content=\"2021-05-16T20:32:18+00:00\" \/>\n<meta property=\"og:image\" content=\"https:\/\/www.dravivianloureiro.com.br\/blog\/wp-content\/uploads\/2020\/04\/vitamina-d-x-sol-x-coronavirus.jpg\" \/>\n\t<meta property=\"og:image:width\" content=\"1280\" \/>\n\t<meta property=\"og:image:height\" content=\"853\" \/>\n\t<meta property=\"og:image:type\" content=\"image\/jpeg\" \/>\n<meta name=\"author\" content=\"Vivian Loureiro\" \/>\n<meta name=\"twitter:card\" content=\"summary_large_image\" \/>\n<meta name=\"twitter:label1\" content=\"Escrito por\" \/>\n\t<meta name=\"twitter:data1\" content=\"Vivian Loureiro\" \/>\n\t<meta name=\"twitter:label2\" content=\"Est. tempo de leitura\" \/>\n\t<meta name=\"twitter:data2\" content=\"2 minutos\" \/>\n<script type=\"application\/ld+json\" class=\"yoast-schema-graph\">{\"@context\":\"https:\/\/schema.org\",\"@graph\":[{\"@type\":\"Article\",\"@id\":\"https:\/\/www.dravivianloureiro.com.br\/blog\/vitamina-d-x-sol\/#article\",\"isPartOf\":{\"@id\":\"https:\/\/www.dravivianloureiro.com.br\/blog\/vitamina-d-x-sol\/\"},\"author\":{\"name\":\"Vivian Loureiro\",\"@id\":\"https:\/\/www.dravivianloureiro.com.br\/blog\/#\/schema\/person\/f6272c0e48dae4364ef626c598c5cb84\"},\"headline\":\"Vitamina D x Sol\",\"datePublished\":\"2020-04-08T11:07:06+00:00\",\"dateModified\":\"2021-05-16T20:32:18+00:00\",\"mainEntityOfPage\":{\"@id\":\"https:\/\/www.dravivianloureiro.com.br\/blog\/vitamina-d-x-sol\/\"},\"wordCount\":515,\"commentCount\":0,\"publisher\":{\"@id\":\"https:\/\/www.dravivianloureiro.com.br\/blog\/#organization\"},\"keywords\":[\"dermatologista especialista em fotoprote\u00e7\u00e3o\",\"dra vivian loureiro\",\"exposi\u00e7\u00e3o ao sol e vitamina d\",\"exposi\u00e7\u00e3o solar\",\"fotoprote\u00e7\u00e3o\",\"protetor solar\",\"suplementa\u00e7\u00e3o vitamina d\",\"vitamina d\",\"vitamina d e sol\",\"vitaminas da pele\"],\"articleSection\":[\"Dicas e Cuidados\"],\"inLanguage\":\"pt-BR\",\"potentialAction\":[{\"@type\":\"CommentAction\",\"name\":\"Comment\",\"target\":[\"https:\/\/www.dravivianloureiro.com.br\/blog\/vitamina-d-x-sol\/#respond\"]}]},{\"@type\":\"WebPage\",\"@id\":\"https:\/\/www.dravivianloureiro.com.br\/blog\/vitamina-d-x-sol\/\",\"url\":\"https:\/\/www.dravivianloureiro.com.br\/blog\/vitamina-d-x-sol\/\",\"name\":\"Vitamina D x Sol - Dosando Exposi\u00e7\u00e3o Solar na Defici\u00eancia de Vitamina D\",\"isPartOf\":{\"@id\":\"https:\/\/www.dravivianloureiro.com.br\/blog\/#website\"},\"datePublished\":\"2020-04-08T11:07:06+00:00\",\"dateModified\":\"2021-05-16T20:32:18+00:00\",\"description\":\"Como Controlar a Rela\u00e7\u00e3o Entre Exposi\u00e7\u00e3o Solar e Defici\u00eancia de Vitamina D. Veja as Recomenda\u00e7\u00f5es da SBD Sobre Exposi\u00e7\u00e3o ao Sol e Vitamina D.\",\"breadcrumb\":{\"@id\":\"https:\/\/www.dravivianloureiro.com.br\/blog\/vitamina-d-x-sol\/#breadcrumb\"},\"inLanguage\":\"pt-BR\",\"potentialAction\":[{\"@type\":\"ReadAction\",\"target\":[\"https:\/\/www.dravivianloureiro.com.br\/blog\/vitamina-d-x-sol\/\"]}]},{\"@type\":\"BreadcrumbList\",\"@id\":\"https:\/\/www.dravivianloureiro.com.br\/blog\/vitamina-d-x-sol\/#breadcrumb\",\"itemListElement\":[{\"@type\":\"ListItem\",\"position\":1,\"name\":\"In\u00edcio\",\"item\":\"https:\/\/www.dravivianloureiro.com.br\/blog\/\"},{\"@type\":\"ListItem\",\"position\":2,\"name\":\"Vitamina D x Sol\"}]},{\"@type\":\"WebSite\",\"@id\":\"https:\/\/www.dravivianloureiro.com.br\/blog\/#website\",\"url\":\"https:\/\/www.dravivianloureiro.com.br\/blog\/\",\"name\":\"Dermatologista Vivian Loureiro\",\"description\":\"\",\"publisher\":{\"@id\":\"https:\/\/www.dravivianloureiro.com.br\/blog\/#organization\"},\"potentialAction\":[{\"@type\":\"SearchAction\",\"target\":{\"@type\":\"EntryPoint\",\"urlTemplate\":\"https:\/\/www.dravivianloureiro.com.br\/blog\/?s={search_term_string}\"},\"query-input\":\"required name=search_term_string\"}],\"inLanguage\":\"pt-BR\"},{\"@type\":\"Organization\",\"@id\":\"https:\/\/www.dravivianloureiro.com.br\/blog\/#organization\",\"name\":\"Dra. Vivian Loureiro - Dermatologista Em S\u00e3o Paulo\",\"url\":\"https:\/\/www.dravivianloureiro.com.br\/blog\/\",\"logo\":{\"@type\":\"ImageObject\",\"inLanguage\":\"pt-BR\",\"@id\":\"https:\/\/www.dravivianloureiro.com.br\/blog\/#\/schema\/logo\/image\/\",\"url\":\"https:\/\/www.dravivianloureiro.com.br\/blog\/wp-content\/uploads\/2018\/08\/favicon.jpg\",\"contentUrl\":\"https:\/\/www.dravivianloureiro.com.br\/blog\/wp-content\/uploads\/2018\/08\/favicon.jpg\",\"width\":112,\"height\":112,\"caption\":\"Dra. Vivian Loureiro - Dermatologista Em S\u00e3o Paulo\"},\"image\":{\"@id\":\"https:\/\/www.dravivianloureiro.com.br\/blog\/#\/schema\/logo\/image\/\"},\"sameAs\":[\"https:\/\/pt-br.facebook.com\/vivianloureirodermatologia\/\",\"https:\/\/www.instagram.com\/vivianloureirodermatologia\/\",\"https:\/\/www.linkedin.com\/in\/vivian-barzi-loureiro-a6412887\/\"]},{\"@type\":\"Person\",\"@id\":\"https:\/\/www.dravivianloureiro.com.br\/blog\/#\/schema\/person\/f6272c0e48dae4364ef626c598c5cb84\",\"name\":\"Vivian Loureiro\",\"image\":{\"@type\":\"ImageObject\",\"inLanguage\":\"pt-BR\",\"@id\":\"https:\/\/www.dravivianloureiro.com.br\/blog\/#\/schema\/person\/image\/\",\"url\":\"https:\/\/secure.gravatar.com\/avatar\/8ee2b0fae98657240c77e822ae139ad3?s=96&d=wp_user_avatar&r=g\",\"contentUrl\":\"https:\/\/secure.gravatar.com\/avatar\/8ee2b0fae98657240c77e822ae139ad3?s=96&d=wp_user_avatar&r=g\",\"caption\":\"Vivian Loureiro\"},\"description\":\"M\u00e9dica formada pela Universidade de S\u00e3o Paulo (USP). Realizou resid\u00eancia m\u00e9dica em Dermatologia e complementa\u00e7\u00e3o em Cosmiatria e Laser pelo departamento de Dermatologia do Hospital das Cl\u00ednicas da Faculdade de Medicina da Universidade de S\u00e3o Paulo (USP). Possui t\u00edtulo de especialista em Dermatologia. \u00c9 membro da Sociedade Brasileira de Dermatologia (SBD) e Sociedade Brasileira de Cirurgia Dermatol\u00f3gica (SBCD) e m\u00e9dica do grupo Fleury. Atua nas \u00e1reas de Dermatologia Cl\u00ednica, Cir\u00fargica, Pedi\u00e1trica e Est\u00e9tica. Frequenta e palestra nos principais cursos e congressos de dermatologia, nacionais e internacionais, a fim de se manter em constante atualiza\u00e7\u00e3o.\",\"sameAs\":[\"https:\/\/www.dravivianloureiro.com.br\/\",\"https:\/\/pt-br.facebook.com\/vivianloureirodermatologia\/\",\"https:\/\/www.instagram.com\/vivianloureirodermatologia\/\",\"https:\/\/www.linkedin.com\/in\/vivian-barzi-loureiro-a6412887\/\"]}]}<\/script>\n<!-- \/ Yoast SEO plugin. -->","yoast_head_json":{"title":"Vitamina D x Sol - Dosando Exposi\u00e7\u00e3o Solar na Defici\u00eancia de Vitamina D","description":"Como Controlar a Rela\u00e7\u00e3o Entre Exposi\u00e7\u00e3o Solar e Defici\u00eancia de Vitamina D. Veja as Recomenda\u00e7\u00f5es da SBD Sobre Exposi\u00e7\u00e3o ao Sol e Vitamina D.","robots":{"index":"index","follow":"follow","max-snippet":"max-snippet:-1","max-image-preview":"max-image-preview:large","max-video-preview":"max-video-preview:-1"},"canonical":"https:\/\/www.dravivianloureiro.com.br\/blog\/vitamina-d-x-sol\/","og_locale":"pt_BR","og_type":"article","og_title":"Vitamina D x Sol - Dosando Exposi\u00e7\u00e3o Solar na Defici\u00eancia de Vitamina D","og_description":"Como Controlar a Rela\u00e7\u00e3o Entre Exposi\u00e7\u00e3o Solar e Defici\u00eancia de Vitamina D. Veja as Recomenda\u00e7\u00f5es da SBD Sobre Exposi\u00e7\u00e3o ao Sol e Vitamina D.","og_url":"https:\/\/www.dravivianloureiro.com.br\/blog\/vitamina-d-x-sol\/","og_site_name":"Dra. Vivian Loureiro","article_publisher":"https:\/\/pt-br.facebook.com\/vivianloureirodermatologia\/","article_author":"https:\/\/pt-br.facebook.com\/vivianloureirodermatologia\/","article_published_time":"2020-04-08T11:07:06+00:00","article_modified_time":"2021-05-16T20:32:18+00:00","og_image":[{"width":1280,"height":853,"url":"https:\/\/www.dravivianloureiro.com.br\/blog\/wp-content\/uploads\/2020\/04\/vitamina-d-x-sol-x-coronavirus.jpg","type":"image\/jpeg"}],"author":"Vivian Loureiro","twitter_card":"summary_large_image","twitter_misc":{"Escrito por":"Vivian Loureiro","Est. tempo de leitura":"2 minutos"},"schema":{"@context":"https:\/\/schema.org","@graph":[{"@type":"Article","@id":"https:\/\/www.dravivianloureiro.com.br\/blog\/vitamina-d-x-sol\/#article","isPartOf":{"@id":"https:\/\/www.dravivianloureiro.com.br\/blog\/vitamina-d-x-sol\/"},"author":{"name":"Vivian Loureiro","@id":"https:\/\/www.dravivianloureiro.com.br\/blog\/#\/schema\/person\/f6272c0e48dae4364ef626c598c5cb84"},"headline":"Vitamina D x Sol","datePublished":"2020-04-08T11:07:06+00:00","dateModified":"2021-05-16T20:32:18+00:00","mainEntityOfPage":{"@id":"https:\/\/www.dravivianloureiro.com.br\/blog\/vitamina-d-x-sol\/"},"wordCount":515,"commentCount":0,"publisher":{"@id":"https:\/\/www.dravivianloureiro.com.br\/blog\/#organization"},"keywords":["dermatologista especialista em fotoprote\u00e7\u00e3o","dra vivian loureiro","exposi\u00e7\u00e3o ao sol e vitamina d","exposi\u00e7\u00e3o solar","fotoprote\u00e7\u00e3o","protetor solar","suplementa\u00e7\u00e3o vitamina d","vitamina d","vitamina d e sol","vitaminas da pele"],"articleSection":["Dicas e Cuidados"],"inLanguage":"pt-BR","potentialAction":[{"@type":"CommentAction","name":"Comment","target":["https:\/\/www.dravivianloureiro.com.br\/blog\/vitamina-d-x-sol\/#respond"]}]},{"@type":"WebPage","@id":"https:\/\/www.dravivianloureiro.com.br\/blog\/vitamina-d-x-sol\/","url":"https:\/\/www.dravivianloureiro.com.br\/blog\/vitamina-d-x-sol\/","name":"Vitamina D x Sol - Dosando Exposi\u00e7\u00e3o Solar na Defici\u00eancia de Vitamina D","isPartOf":{"@id":"https:\/\/www.dravivianloureiro.com.br\/blog\/#website"},"datePublished":"2020-04-08T11:07:06+00:00","dateModified":"2021-05-16T20:32:18+00:00","description":"Como Controlar a Rela\u00e7\u00e3o Entre Exposi\u00e7\u00e3o Solar e Defici\u00eancia de Vitamina D. Veja as Recomenda\u00e7\u00f5es da SBD Sobre Exposi\u00e7\u00e3o ao Sol e Vitamina D.","breadcrumb":{"@id":"https:\/\/www.dravivianloureiro.com.br\/blog\/vitamina-d-x-sol\/#breadcrumb"},"inLanguage":"pt-BR","potentialAction":[{"@type":"ReadAction","target":["https:\/\/www.dravivianloureiro.com.br\/blog\/vitamina-d-x-sol\/"]}]},{"@type":"BreadcrumbList","@id":"https:\/\/www.dravivianloureiro.com.br\/blog\/vitamina-d-x-sol\/#breadcrumb","itemListElement":[{"@type":"ListItem","position":1,"name":"In\u00edcio","item":"https:\/\/www.dravivianloureiro.com.br\/blog\/"},{"@type":"ListItem","position":2,"name":"Vitamina D x Sol"}]},{"@type":"WebSite","@id":"https:\/\/www.dravivianloureiro.com.br\/blog\/#website","url":"https:\/\/www.dravivianloureiro.com.br\/blog\/","name":"Dermatologista Vivian Loureiro","description":"","publisher":{"@id":"https:\/\/www.dravivianloureiro.com.br\/blog\/#organization"},"potentialAction":[{"@type":"SearchAction","target":{"@type":"EntryPoint","urlTemplate":"https:\/\/www.dravivianloureiro.com.br\/blog\/?s={search_term_string}"},"query-input":"required name=search_term_string"}],"inLanguage":"pt-BR"},{"@type":"Organization","@id":"https:\/\/www.dravivianloureiro.com.br\/blog\/#organization","name":"Dra. Vivian Loureiro - Dermatologista Em S\u00e3o Paulo","url":"https:\/\/www.dravivianloureiro.com.br\/blog\/","logo":{"@type":"ImageObject","inLanguage":"pt-BR","@id":"https:\/\/www.dravivianloureiro.com.br\/blog\/#\/schema\/logo\/image\/","url":"https:\/\/www.dravivianloureiro.com.br\/blog\/wp-content\/uploads\/2018\/08\/favicon.jpg","contentUrl":"https:\/\/www.dravivianloureiro.com.br\/blog\/wp-content\/uploads\/2018\/08\/favicon.jpg","width":112,"height":112,"caption":"Dra. Vivian Loureiro - Dermatologista Em S\u00e3o Paulo"},"image":{"@id":"https:\/\/www.dravivianloureiro.com.br\/blog\/#\/schema\/logo\/image\/"},"sameAs":["https:\/\/pt-br.facebook.com\/vivianloureirodermatologia\/","https:\/\/www.instagram.com\/vivianloureirodermatologia\/","https:\/\/www.linkedin.com\/in\/vivian-barzi-loureiro-a6412887\/"]},{"@type":"Person","@id":"https:\/\/www.dravivianloureiro.com.br\/blog\/#\/schema\/person\/f6272c0e48dae4364ef626c598c5cb84","name":"Vivian Loureiro","image":{"@type":"ImageObject","inLanguage":"pt-BR","@id":"https:\/\/www.dravivianloureiro.com.br\/blog\/#\/schema\/person\/image\/","url":"https:\/\/secure.gravatar.com\/avatar\/8ee2b0fae98657240c77e822ae139ad3?s=96&d=wp_user_avatar&r=g","contentUrl":"https:\/\/secure.gravatar.com\/avatar\/8ee2b0fae98657240c77e822ae139ad3?s=96&d=wp_user_avatar&r=g","caption":"Vivian Loureiro"},"description":"M\u00e9dica formada pela Universidade de S\u00e3o Paulo (USP). Realizou resid\u00eancia m\u00e9dica em Dermatologia e complementa\u00e7\u00e3o em Cosmiatria e Laser pelo departamento de Dermatologia do Hospital das Cl\u00ednicas da Faculdade de Medicina da Universidade de S\u00e3o Paulo (USP). Possui t\u00edtulo de especialista em Dermatologia. \u00c9 membro da Sociedade Brasileira de Dermatologia (SBD) e Sociedade Brasileira de Cirurgia Dermatol\u00f3gica (SBCD) e m\u00e9dica do grupo Fleury. Atua nas \u00e1reas de Dermatologia Cl\u00ednica, Cir\u00fargica, Pedi\u00e1trica e Est\u00e9tica. Frequenta e palestra nos principais cursos e congressos de dermatologia, nacionais e internacionais, a fim de se manter em constante atualiza\u00e7\u00e3o.","sameAs":["https:\/\/www.dravivianloureiro.com.br\/","https:\/\/pt-br.facebook.com\/vivianloureirodermatologia\/","https:\/\/www.instagram.com\/vivianloureirodermatologia\/","https:\/\/www.linkedin.com\/in\/vivian-barzi-loureiro-a6412887\/"]}]}},"amp_enabled":true,"_links":{"self":[{"href":"https:\/\/www.dravivianloureiro.com.br\/blog\/wp-json\/wp\/v2\/posts\/168"}],"collection":[{"href":"https:\/\/www.dravivianloureiro.com.br\/blog\/wp-json\/wp\/v2\/posts"}],"about":[{"href":"https:\/\/www.dravivianloureiro.com.br\/blog\/wp-json\/wp\/v2\/types\/post"}],"author":[{"embeddable":true,"href":"https:\/\/www.dravivianloureiro.com.br\/blog\/wp-json\/wp\/v2\/users\/1"}],"replies":[{"embeddable":true,"href":"https:\/\/www.dravivianloureiro.com.br\/blog\/wp-json\/wp\/v2\/comments?post=168"}],"version-history":[{"count":0,"href":"https:\/\/www.dravivianloureiro.com.br\/blog\/wp-json\/wp\/v2\/posts\/168\/revisions"}],"wp:featuredmedia":[{"embeddable":true,"href":"https:\/\/www.dravivianloureiro.com.br\/blog\/wp-json\/wp\/v2\/media\/169"}],"wp:attachment":[{"href":"https:\/\/www.dravivianloureiro.com.br\/blog\/wp-json\/wp\/v2\/media?parent=168"}],"wp:term":[{"taxonomy":"category","embeddable":true,"href":"https:\/\/www.dravivianloureiro.com.br\/blog\/wp-json\/wp\/v2\/categories?post=168"},{"taxonomy":"post_tag","embeddable":true,"href":"https:\/\/www.dravivianloureiro.com.br\/blog\/wp-json\/wp\/v2\/tags?post=168"}],"curies":[{"name":"wp","href":"https:\/\/api.w.org\/{rel}","templated":true}]}}