{"id":161,"date":"2012-04-04T15:16:00","date_gmt":"2012-04-04T15:16:00","guid":{"rendered":"http:\/\/www.gabrielacasabona.com.br\/blog\/?p=161"},"modified":"2012-04-04T15:16:00","modified_gmt":"2012-04-04T15:16:00","slug":"cirurgia-micrografica","status":"publish","type":"post","link":"https:\/\/www.dravivianloureiro.com.br\/blog\/cirurgia-micrografica\/","title":{"rendered":"Cirurgia Microgr\u00e1fica"},"content":{"rendered":"<p class=\"estimated-read-time\">Tempo de leitura:<small> 1 minuto<\/small><\/p> <p>A Cirurgia Microgr\u00e1fica ou <strong>Cirurgia de Mohs<\/strong> tem este nome pois foi desenvolvida por um m\u00e9dico americano muito criativo e persistente chamado Frederick Mohs. Sabendo do comportamento muitas vezes <em>ICEBERG<\/em> dos tumores de pele (pequeno por fora e grande por dentro) criou um m\u00e9todo no qual \u00e9 poss\u00edvel controlar microscopicamente todo o procedimento.<\/p>\n<p>Geralmente aplicada em<strong> C\u00e2nceres de Pele<\/strong>, que n\u00e3o s\u00e3o melanoma, com margens cl\u00ednicas pouco definidas ou ent\u00e3o em casos onde se busca poupar cada mil\u00edmetro da pele por quest\u00f5es est\u00e9ticas ou funcionais, a cirurgia retira o tumor em quest\u00e3o sem eliminar partes n\u00e3o acometidas pelo tumor!<br \/>\nExistem casos que apresentam at\u00e9 98% de \u00edndice de cura dentro de um acompanhamento de 5 anos. Nos EUA \u00e9 a cirurgia mais realizada para excis\u00e3o destes tumores.<\/p>\n<p>\u00c9 um procedimento feito de forma ambulatorial, apenas sob anestesia local ou sob seda\u00e7\u00e3o, comumente um pouco mais demorada que uma cirurgia convencional por conta da an\u00e1lise microsc\u00f3pica. <strong>Preserva- se portanto o m\u00e1ximo de tecido sadio<\/strong> e controle-se de 100% margens!<\/p>\n<p>Ainda \u00e9 uma t\u00e9cnica pouco realizada no Brasil, mas como Dr. F. Mohs devemos perseverar na busca do que \u00e9 melhor e mais seguro.<\/p>\n","protected":false},"excerpt":{"rendered":"<p><small> 1 minuto<\/small> A Cirurgia Microgr\u00e1fica ou Cirurgia de Mohs tem este nome pois foi desenvolvida por um m\u00e9dico americano muito criativo e persistente chamado Frederick Mohs. Sabendo do comportamento muitas vezes ICEBERG dos tumores de pele (pequeno por fora e grande por dentro) criou um m\u00e9todo no qual \u00e9 poss\u00edvel controlar microscopicamente todo o procedimento. Geralmente aplicada em C\u00e2nceres de Pele, que n\u00e3o s\u00e3o melanoma, com margens cl\u00ednicas pouco definidas ou ent\u00e3o em casos onde se busca poupar cada mil\u00edmetro da pele por quest\u00f5es <a href=\"https:\/\/www.dravivianloureiro.com.br\/blog\/cirurgia-micrografica\/\" class=\"more-link\"><span>Continue lendo<\/span>\u2192<\/a><\/p>\n","protected":false},"author":1,"featured_media":3504,"comment_status":"open","ping_status":"open","sticky":false,"template":"","format":"standard","meta":[],"categories":[436,437,368,365],"tags":[94,480,481,482],"yoast_head":"<!-- This site is optimized with the Yoast SEO plugin v20.6 - https:\/\/yoast.com\/wordpress\/plugins\/seo\/ -->\n<title>Cirurgia Microgr\u00e1fica (cirurgia de Mohs) - Gabriela Casabona<\/title>\n<meta name=\"description\" content=\"Entenda o que \u00e9 a Cirurgia de Mohs e saiba em quais situa\u00e7\u00f5es a cirurgia microgr\u00e1fica \u00e9 mais indicada. Confira mais conte\u00fado sobre c\u00e2ncer de pele.\" \/>\n<meta name=\"robots\" content=\"index, follow, max-snippet:-1, max-image-preview:large, max-video-preview:-1\" \/>\n<link rel=\"canonical\" href=\"https:\/\/www.dravivianloureiro.com.br\/blog\/cirurgia-micrografica\/\" \/>\n<meta property=\"og:locale\" content=\"pt_BR\" \/>\n<meta property=\"og:type\" content=\"article\" \/>\n<meta property=\"og:title\" content=\"Cirurgia Microgr\u00e1fica (cirurgia de Mohs) - Gabriela Casabona\" \/>\n<meta property=\"og:description\" content=\"Entenda o que \u00e9 a Cirurgia de Mohs e saiba em quais situa\u00e7\u00f5es a cirurgia microgr\u00e1fica \u00e9 mais indicada. Confira mais conte\u00fado sobre c\u00e2ncer de pele.\" \/>\n<meta property=\"og:url\" content=\"https:\/\/www.dravivianloureiro.com.br\/blog\/cirurgia-micrografica\/\" \/>\n<meta property=\"og:site_name\" content=\"Dra. Vivian Loureiro\" \/>\n<meta property=\"article:publisher\" content=\"https:\/\/pt-br.facebook.com\/vivianloureirodermatologia\/\" \/>\n<meta property=\"article:author\" content=\"https:\/\/pt-br.facebook.com\/vivianloureirodermatologia\/\" \/>\n<meta property=\"article:published_time\" content=\"2012-04-04T15:16:00+00:00\" \/>\n<meta name=\"author\" content=\"Vivian Loureiro\" \/>\n<meta name=\"twitter:card\" content=\"summary_large_image\" \/>\n<meta name=\"twitter:label1\" content=\"Escrito por\" \/>\n\t<meta name=\"twitter:data1\" content=\"Vivian Loureiro\" \/>\n\t<meta name=\"twitter:label2\" content=\"Est. tempo de leitura\" \/>\n\t<meta name=\"twitter:data2\" content=\"1 minuto\" \/>\n<script type=\"application\/ld+json\" class=\"yoast-schema-graph\">{\"@context\":\"https:\/\/schema.org\",\"@graph\":[{\"@type\":\"Article\",\"@id\":\"https:\/\/www.dravivianloureiro.com.br\/blog\/cirurgia-micrografica\/#article\",\"isPartOf\":{\"@id\":\"https:\/\/www.dravivianloureiro.com.br\/blog\/cirurgia-micrografica\/\"},\"author\":{\"name\":\"Vivian Loureiro\",\"@id\":\"https:\/\/www.dravivianloureiro.com.br\/blog\/#\/schema\/person\/f6272c0e48dae4364ef626c598c5cb84\"},\"headline\":\"Cirurgia Microgr\u00e1fica\",\"datePublished\":\"2012-04-04T15:16:00+00:00\",\"dateModified\":\"2012-04-04T15:16:00+00:00\",\"mainEntityOfPage\":{\"@id\":\"https:\/\/www.dravivianloureiro.com.br\/blog\/cirurgia-micrografica\/\"},\"wordCount\":207,\"commentCount\":0,\"publisher\":{\"@id\":\"https:\/\/www.dravivianloureiro.com.br\/blog\/#organization\"},\"keywords\":[\"c\u00e2ncer de pele\",\"cirurgia de mohs\",\"cirurgia micrografica\",\"mohs\"],\"articleSection\":[\"C\u00e2ncer de Pele e Les\u00f5es Pr\u00e9 Malignas\",\"Cir\u00fargicos\",\"Est\u00e9ticos\",\"Terap\u00eauticos\"],\"inLanguage\":\"pt-BR\",\"potentialAction\":[{\"@type\":\"CommentAction\",\"name\":\"Comment\",\"target\":[\"https:\/\/www.dravivianloureiro.com.br\/blog\/cirurgia-micrografica\/#respond\"]}]},{\"@type\":\"WebPage\",\"@id\":\"https:\/\/www.dravivianloureiro.com.br\/blog\/cirurgia-micrografica\/\",\"url\":\"https:\/\/www.dravivianloureiro.com.br\/blog\/cirurgia-micrografica\/\",\"name\":\"Cirurgia Microgr\u00e1fica (cirurgia de Mohs) - Gabriela Casabona\",\"isPartOf\":{\"@id\":\"https:\/\/www.dravivianloureiro.com.br\/blog\/#website\"},\"datePublished\":\"2012-04-04T15:16:00+00:00\",\"dateModified\":\"2012-04-04T15:16:00+00:00\",\"description\":\"Entenda o que \u00e9 a Cirurgia de Mohs e saiba em quais situa\u00e7\u00f5es a cirurgia microgr\u00e1fica \u00e9 mais indicada. Confira mais conte\u00fado sobre c\u00e2ncer de pele.\",\"breadcrumb\":{\"@id\":\"https:\/\/www.dravivianloureiro.com.br\/blog\/cirurgia-micrografica\/#breadcrumb\"},\"inLanguage\":\"pt-BR\",\"potentialAction\":[{\"@type\":\"ReadAction\",\"target\":[\"https:\/\/www.dravivianloureiro.com.br\/blog\/cirurgia-micrografica\/\"]}]},{\"@type\":\"BreadcrumbList\",\"@id\":\"https:\/\/www.dravivianloureiro.com.br\/blog\/cirurgia-micrografica\/#breadcrumb\",\"itemListElement\":[{\"@type\":\"ListItem\",\"position\":1,\"name\":\"In\u00edcio\",\"item\":\"https:\/\/www.dravivianloureiro.com.br\/blog\/\"},{\"@type\":\"ListItem\",\"position\":2,\"name\":\"Cirurgia Microgr\u00e1fica\"}]},{\"@type\":\"WebSite\",\"@id\":\"https:\/\/www.dravivianloureiro.com.br\/blog\/#website\",\"url\":\"https:\/\/www.dravivianloureiro.com.br\/blog\/\",\"name\":\"Dermatologista Vivian Loureiro\",\"description\":\"\",\"publisher\":{\"@id\":\"https:\/\/www.dravivianloureiro.com.br\/blog\/#organization\"},\"potentialAction\":[{\"@type\":\"SearchAction\",\"target\":{\"@type\":\"EntryPoint\",\"urlTemplate\":\"https:\/\/www.dravivianloureiro.com.br\/blog\/?s={search_term_string}\"},\"query-input\":\"required name=search_term_string\"}],\"inLanguage\":\"pt-BR\"},{\"@type\":\"Organization\",\"@id\":\"https:\/\/www.dravivianloureiro.com.br\/blog\/#organization\",\"name\":\"Dra. Vivian Loureiro - Dermatologista Em S\u00e3o Paulo\",\"url\":\"https:\/\/www.dravivianloureiro.com.br\/blog\/\",\"logo\":{\"@type\":\"ImageObject\",\"inLanguage\":\"pt-BR\",\"@id\":\"https:\/\/www.dravivianloureiro.com.br\/blog\/#\/schema\/logo\/image\/\",\"url\":\"https:\/\/www.dravivianloureiro.com.br\/blog\/wp-content\/uploads\/2018\/08\/favicon.jpg\",\"contentUrl\":\"https:\/\/www.dravivianloureiro.com.br\/blog\/wp-content\/uploads\/2018\/08\/favicon.jpg\",\"width\":112,\"height\":112,\"caption\":\"Dra. Vivian Loureiro - Dermatologista Em S\u00e3o Paulo\"},\"image\":{\"@id\":\"https:\/\/www.dravivianloureiro.com.br\/blog\/#\/schema\/logo\/image\/\"},\"sameAs\":[\"https:\/\/pt-br.facebook.com\/vivianloureirodermatologia\/\",\"https:\/\/www.instagram.com\/vivianloureirodermatologia\/\",\"https:\/\/www.linkedin.com\/in\/vivian-barzi-loureiro-a6412887\/\"]},{\"@type\":\"Person\",\"@id\":\"https:\/\/www.dravivianloureiro.com.br\/blog\/#\/schema\/person\/f6272c0e48dae4364ef626c598c5cb84\",\"name\":\"Vivian Loureiro\",\"image\":{\"@type\":\"ImageObject\",\"inLanguage\":\"pt-BR\",\"@id\":\"https:\/\/www.dravivianloureiro.com.br\/blog\/#\/schema\/person\/image\/\",\"url\":\"https:\/\/secure.gravatar.com\/avatar\/8ee2b0fae98657240c77e822ae139ad3?s=96&d=wp_user_avatar&r=g\",\"contentUrl\":\"https:\/\/secure.gravatar.com\/avatar\/8ee2b0fae98657240c77e822ae139ad3?s=96&d=wp_user_avatar&r=g\",\"caption\":\"Vivian Loureiro\"},\"description\":\"M\u00e9dica formada pela Universidade de S\u00e3o Paulo (USP). Realizou resid\u00eancia m\u00e9dica em Dermatologia e complementa\u00e7\u00e3o em Cosmiatria e Laser pelo departamento de Dermatologia do Hospital das Cl\u00ednicas da Faculdade de Medicina da Universidade de S\u00e3o Paulo (USP). Possui t\u00edtulo de especialista em Dermatologia. \u00c9 membro da Sociedade Brasileira de Dermatologia (SBD) e Sociedade Brasileira de Cirurgia Dermatol\u00f3gica (SBCD) e m\u00e9dica do grupo Fleury. Atua nas \u00e1reas de Dermatologia Cl\u00ednica, Cir\u00fargica, Pedi\u00e1trica e Est\u00e9tica. Frequenta e palestra nos principais cursos e congressos de dermatologia, nacionais e internacionais, a fim de se manter em constante atualiza\u00e7\u00e3o.\",\"sameAs\":[\"https:\/\/www.dravivianloureiro.com.br\/\",\"https:\/\/pt-br.facebook.com\/vivianloureirodermatologia\/\",\"https:\/\/www.instagram.com\/vivianloureirodermatologia\/\",\"https:\/\/www.linkedin.com\/in\/vivian-barzi-loureiro-a6412887\/\"]}]}<\/script>\n<!-- \/ Yoast SEO plugin. -->","yoast_head_json":{"title":"Cirurgia Microgr\u00e1fica (cirurgia de Mohs) - Gabriela Casabona","description":"Entenda o que \u00e9 a Cirurgia de Mohs e saiba em quais situa\u00e7\u00f5es a cirurgia microgr\u00e1fica \u00e9 mais indicada. Confira mais conte\u00fado sobre c\u00e2ncer de pele.","robots":{"index":"index","follow":"follow","max-snippet":"max-snippet:-1","max-image-preview":"max-image-preview:large","max-video-preview":"max-video-preview:-1"},"canonical":"https:\/\/www.dravivianloureiro.com.br\/blog\/cirurgia-micrografica\/","og_locale":"pt_BR","og_type":"article","og_title":"Cirurgia Microgr\u00e1fica (cirurgia de Mohs) - Gabriela Casabona","og_description":"Entenda o que \u00e9 a Cirurgia de Mohs e saiba em quais situa\u00e7\u00f5es a cirurgia microgr\u00e1fica \u00e9 mais indicada. Confira mais conte\u00fado sobre c\u00e2ncer de pele.","og_url":"https:\/\/www.dravivianloureiro.com.br\/blog\/cirurgia-micrografica\/","og_site_name":"Dra. Vivian Loureiro","article_publisher":"https:\/\/pt-br.facebook.com\/vivianloureirodermatologia\/","article_author":"https:\/\/pt-br.facebook.com\/vivianloureirodermatologia\/","article_published_time":"2012-04-04T15:16:00+00:00","author":"Vivian Loureiro","twitter_card":"summary_large_image","twitter_misc":{"Escrito por":"Vivian Loureiro","Est. tempo de leitura":"1 minuto"},"schema":{"@context":"https:\/\/schema.org","@graph":[{"@type":"Article","@id":"https:\/\/www.dravivianloureiro.com.br\/blog\/cirurgia-micrografica\/#article","isPartOf":{"@id":"https:\/\/www.dravivianloureiro.com.br\/blog\/cirurgia-micrografica\/"},"author":{"name":"Vivian Loureiro","@id":"https:\/\/www.dravivianloureiro.com.br\/blog\/#\/schema\/person\/f6272c0e48dae4364ef626c598c5cb84"},"headline":"Cirurgia Microgr\u00e1fica","datePublished":"2012-04-04T15:16:00+00:00","dateModified":"2012-04-04T15:16:00+00:00","mainEntityOfPage":{"@id":"https:\/\/www.dravivianloureiro.com.br\/blog\/cirurgia-micrografica\/"},"wordCount":207,"commentCount":0,"publisher":{"@id":"https:\/\/www.dravivianloureiro.com.br\/blog\/#organization"},"keywords":["c\u00e2ncer de pele","cirurgia de mohs","cirurgia micrografica","mohs"],"articleSection":["C\u00e2ncer de Pele e Les\u00f5es Pr\u00e9 Malignas","Cir\u00fargicos","Est\u00e9ticos","Terap\u00eauticos"],"inLanguage":"pt-BR","potentialAction":[{"@type":"CommentAction","name":"Comment","target":["https:\/\/www.dravivianloureiro.com.br\/blog\/cirurgia-micrografica\/#respond"]}]},{"@type":"WebPage","@id":"https:\/\/www.dravivianloureiro.com.br\/blog\/cirurgia-micrografica\/","url":"https:\/\/www.dravivianloureiro.com.br\/blog\/cirurgia-micrografica\/","name":"Cirurgia Microgr\u00e1fica (cirurgia de Mohs) - Gabriela Casabona","isPartOf":{"@id":"https:\/\/www.dravivianloureiro.com.br\/blog\/#website"},"datePublished":"2012-04-04T15:16:00+00:00","dateModified":"2012-04-04T15:16:00+00:00","description":"Entenda o que \u00e9 a Cirurgia de Mohs e saiba em quais situa\u00e7\u00f5es a cirurgia microgr\u00e1fica \u00e9 mais indicada. Confira mais conte\u00fado sobre c\u00e2ncer de pele.","breadcrumb":{"@id":"https:\/\/www.dravivianloureiro.com.br\/blog\/cirurgia-micrografica\/#breadcrumb"},"inLanguage":"pt-BR","potentialAction":[{"@type":"ReadAction","target":["https:\/\/www.dravivianloureiro.com.br\/blog\/cirurgia-micrografica\/"]}]},{"@type":"BreadcrumbList","@id":"https:\/\/www.dravivianloureiro.com.br\/blog\/cirurgia-micrografica\/#breadcrumb","itemListElement":[{"@type":"ListItem","position":1,"name":"In\u00edcio","item":"https:\/\/www.dravivianloureiro.com.br\/blog\/"},{"@type":"ListItem","position":2,"name":"Cirurgia Microgr\u00e1fica"}]},{"@type":"WebSite","@id":"https:\/\/www.dravivianloureiro.com.br\/blog\/#website","url":"https:\/\/www.dravivianloureiro.com.br\/blog\/","name":"Dermatologista Vivian Loureiro","description":"","publisher":{"@id":"https:\/\/www.dravivianloureiro.com.br\/blog\/#organization"},"potentialAction":[{"@type":"SearchAction","target":{"@type":"EntryPoint","urlTemplate":"https:\/\/www.dravivianloureiro.com.br\/blog\/?s={search_term_string}"},"query-input":"required name=search_term_string"}],"inLanguage":"pt-BR"},{"@type":"Organization","@id":"https:\/\/www.dravivianloureiro.com.br\/blog\/#organization","name":"Dra. Vivian Loureiro - Dermatologista Em S\u00e3o Paulo","url":"https:\/\/www.dravivianloureiro.com.br\/blog\/","logo":{"@type":"ImageObject","inLanguage":"pt-BR","@id":"https:\/\/www.dravivianloureiro.com.br\/blog\/#\/schema\/logo\/image\/","url":"https:\/\/www.dravivianloureiro.com.br\/blog\/wp-content\/uploads\/2018\/08\/favicon.jpg","contentUrl":"https:\/\/www.dravivianloureiro.com.br\/blog\/wp-content\/uploads\/2018\/08\/favicon.jpg","width":112,"height":112,"caption":"Dra. Vivian Loureiro - Dermatologista Em S\u00e3o Paulo"},"image":{"@id":"https:\/\/www.dravivianloureiro.com.br\/blog\/#\/schema\/logo\/image\/"},"sameAs":["https:\/\/pt-br.facebook.com\/vivianloureirodermatologia\/","https:\/\/www.instagram.com\/vivianloureirodermatologia\/","https:\/\/www.linkedin.com\/in\/vivian-barzi-loureiro-a6412887\/"]},{"@type":"Person","@id":"https:\/\/www.dravivianloureiro.com.br\/blog\/#\/schema\/person\/f6272c0e48dae4364ef626c598c5cb84","name":"Vivian Loureiro","image":{"@type":"ImageObject","inLanguage":"pt-BR","@id":"https:\/\/www.dravivianloureiro.com.br\/blog\/#\/schema\/person\/image\/","url":"https:\/\/secure.gravatar.com\/avatar\/8ee2b0fae98657240c77e822ae139ad3?s=96&d=wp_user_avatar&r=g","contentUrl":"https:\/\/secure.gravatar.com\/avatar\/8ee2b0fae98657240c77e822ae139ad3?s=96&d=wp_user_avatar&r=g","caption":"Vivian Loureiro"},"description":"M\u00e9dica formada pela Universidade de S\u00e3o Paulo (USP). Realizou resid\u00eancia m\u00e9dica em Dermatologia e complementa\u00e7\u00e3o em Cosmiatria e Laser pelo departamento de Dermatologia do Hospital das Cl\u00ednicas da Faculdade de Medicina da Universidade de S\u00e3o Paulo (USP). Possui t\u00edtulo de especialista em Dermatologia. \u00c9 membro da Sociedade Brasileira de Dermatologia (SBD) e Sociedade Brasileira de Cirurgia Dermatol\u00f3gica (SBCD) e m\u00e9dica do grupo Fleury. Atua nas \u00e1reas de Dermatologia Cl\u00ednica, Cir\u00fargica, Pedi\u00e1trica e Est\u00e9tica. Frequenta e palestra nos principais cursos e congressos de dermatologia, nacionais e internacionais, a fim de se manter em constante atualiza\u00e7\u00e3o.","sameAs":["https:\/\/www.dravivianloureiro.com.br\/","https:\/\/pt-br.facebook.com\/vivianloureirodermatologia\/","https:\/\/www.instagram.com\/vivianloureirodermatologia\/","https:\/\/www.linkedin.com\/in\/vivian-barzi-loureiro-a6412887\/"]}]}},"amp_enabled":true,"_links":{"self":[{"href":"https:\/\/www.dravivianloureiro.com.br\/blog\/wp-json\/wp\/v2\/posts\/161"}],"collection":[{"href":"https:\/\/www.dravivianloureiro.com.br\/blog\/wp-json\/wp\/v2\/posts"}],"about":[{"href":"https:\/\/www.dravivianloureiro.com.br\/blog\/wp-json\/wp\/v2\/types\/post"}],"author":[{"embeddable":true,"href":"https:\/\/www.dravivianloureiro.com.br\/blog\/wp-json\/wp\/v2\/users\/1"}],"replies":[{"embeddable":true,"href":"https:\/\/www.dravivianloureiro.com.br\/blog\/wp-json\/wp\/v2\/comments?post=161"}],"version-history":[{"count":0,"href":"https:\/\/www.dravivianloureiro.com.br\/blog\/wp-json\/wp\/v2\/posts\/161\/revisions"}],"wp:featuredmedia":[{"embeddable":true,"href":"https:\/\/www.dravivianloureiro.com.br\/blog\/wp-json\/"}],"wp:attachment":[{"href":"https:\/\/www.dravivianloureiro.com.br\/blog\/wp-json\/wp\/v2\/media?parent=161"}],"wp:term":[{"taxonomy":"category","embeddable":true,"href":"https:\/\/www.dravivianloureiro.com.br\/blog\/wp-json\/wp\/v2\/categories?post=161"},{"taxonomy":"post_tag","embeddable":true,"href":"https:\/\/www.dravivianloureiro.com.br\/blog\/wp-json\/wp\/v2\/tags?post=161"}],"curies":[{"name":"wp","href":"https:\/\/api.w.org\/{rel}","templated":true}]}}