{"id":159,"date":"2020-03-26T11:45:48","date_gmt":"2020-03-26T14:45:48","guid":{"rendered":"https:\/\/www.dravivianloureiro.com.br\/blog\/?p=159"},"modified":"2021-02-21T16:07:42","modified_gmt":"2021-02-21T19:07:42","slug":"coronavirus-cuidados-com-a-pele","status":"publish","type":"post","link":"https:\/\/www.dravivianloureiro.com.br\/blog\/coronavirus-cuidados-com-a-pele\/","title":{"rendered":"Coronav\u00edrus e Cuidados com a Pele"},"content":{"rendered":"<p class=\"estimated-read-time\">Tempo de leitura:<small> 1 minuto<\/small><\/p> <p>Estamos vivendo um momento cr\u00edtico e muito delicado. A pandemia do Coronavirus (Covid-19), que teve origem na China, se espalhou por todo o planeta, atingindo inclusive o Brasil.<\/p>\n<p>A grande preocupa\u00e7\u00e3o est\u00e1 relacionada com a r\u00e1pida dispers\u00e3o do v\u00edrus, a infec\u00e7\u00e3o de idosos e doentes cr\u00f4nicos (ex: diab\u00e9ticos, imunossuprimidos e pacientes oncol\u00f3gicos) e a sobrecarga aos servi\u00e7os de sa\u00fade, p\u00fablicos e privados.<\/p>\n<h2>Estrutura do V\u00edrus<\/h2>\n<p>O Coronav\u00edrus possui uma capa protetora formada por l\u00edpides. O sab\u00e3o, o \u00e1lcool e outros produtos conseguem quebrar a gordura, destruindo o envelope viral e, consequentemente, o pr\u00f3prio microrganismo.<\/p>\n<p>Por esse motivo, \u00e9 imprescind\u00edvel a higieniza\u00e7\u00e3o adequada das m\u00e3os, tanto para prevenir a infe\u00e7\u00e3o como para evitar a transmiss\u00e3o da doen\u00e7a.<\/p>\n<p>O ideal \u00e9 a lavagem com \u00e1gua e sabonete. Na impossibilidade disso, podemos recorrer ao \u00e1lcool-gel.<\/p>\n<h2>Cuidados na Higieniza\u00e7\u00e3o e Hidrata\u00e7\u00e3o<\/h2>\n<p>No entanto, tanto o sab\u00e3o como o \u00e1lcool, quando utilizados em excesso, ressecam a pele, o que pode favorecer o aparecimento de dermatite ou eczema.<\/p>\n<p>Assim, recomendamos o uso de hidratante, que pode ser aplicado uma ou v\u00e1rias vezes ao dia, dependendo do grau de ressecamento.<\/p>\n<p>O creme n\u00e3o tira o efeito da limpeza nem facilita a transmiss\u00e3o do v\u00edrus.<\/p>\n<p>Existem v\u00e1rios produtos espec\u00edficos para as m\u00e3os. Na falta, pode-se utilizar um hidratante corporal neutro.<\/p>\n<p>Os pelos e o cabelo podem ser fontes de contamina\u00e7\u00e3o. Por isso, sugerimos que os homens mantenham a barba curta e as mulheres, os cabelos presos.<\/p>\n<p>Durante a quarentena, devemos manter os cuidados di\u00e1rios com a pele, incluindo o uso regular de protetor solar.<\/p>\n","protected":false},"excerpt":{"rendered":"<p><small> 1 minuto<\/small> Estamos vivendo um momento cr\u00edtico e muito delicado. A pandemia do Coronavirus (Covid-19), que teve origem na China, se espalhou por todo o planeta, atingindo inclusive o Brasil. A grande preocupa\u00e7\u00e3o est\u00e1 relacionada com a r\u00e1pida dispers\u00e3o do v\u00edrus, a infec\u00e7\u00e3o de idosos e doentes cr\u00f4nicos (ex: diab\u00e9ticos, imunossuprimidos e pacientes oncol\u00f3gicos) e a sobrecarga aos servi\u00e7os de sa\u00fade, p\u00fablicos e privados. Estrutura do V\u00edrus O Coronav\u00edrus possui uma capa protetora formada por l\u00edpides. O sab\u00e3o, o \u00e1lcool e outros produtos conseguem <a href=\"https:\/\/www.dravivianloureiro.com.br\/blog\/coronavirus-cuidados-com-a-pele\/\" class=\"more-link\"><span>Continue lendo<\/span>\u2192<\/a><\/p>\n","protected":false},"author":1,"featured_media":162,"comment_status":"open","ping_status":"open","sticky":false,"template":"","format":"standard","meta":[],"categories":[3],"tags":[269,268,271,116,200,194,270,273,272,195],"yoast_head":"<!-- This site is optimized with the Yoast SEO plugin v20.6 - https:\/\/yoast.com\/wordpress\/plugins\/seo\/ -->\n<title>Coronav\u00edrus e Cuidados com a Pele Proteja-se Mantendo a Pele Hidratada<\/title>\n<meta name=\"description\" content=\"Post de Mar\u00e7o de 2020 Sobre a Import\u00e2ncia da Prote\u00e7\u00e3o Contra o Coronav\u00edrus e os Cuidados com a Pele Durante a Pandemia.\" \/>\n<meta name=\"robots\" content=\"index, follow, max-snippet:-1, max-image-preview:large, max-video-preview:-1\" \/>\n<link rel=\"canonical\" href=\"https:\/\/www.dravivianloureiro.com.br\/blog\/coronavirus-cuidados-com-a-pele\/\" \/>\n<meta property=\"og:locale\" content=\"pt_BR\" \/>\n<meta property=\"og:type\" content=\"article\" \/>\n<meta property=\"og:title\" content=\"Coronav\u00edrus e Cuidados com a Pele Proteja-se Mantendo a Pele Hidratada\" \/>\n<meta property=\"og:description\" content=\"Post de Mar\u00e7o de 2020 Sobre a Import\u00e2ncia da Prote\u00e7\u00e3o Contra o Coronav\u00edrus e os Cuidados com a Pele Durante a Pandemia.\" \/>\n<meta property=\"og:url\" content=\"https:\/\/www.dravivianloureiro.com.br\/blog\/coronavirus-cuidados-com-a-pele\/\" \/>\n<meta property=\"og:site_name\" content=\"Dra. Vivian Loureiro\" \/>\n<meta property=\"article:publisher\" content=\"https:\/\/pt-br.facebook.com\/vivianloureirodermatologia\/\" \/>\n<meta property=\"article:author\" content=\"https:\/\/pt-br.facebook.com\/vivianloureirodermatologia\/\" \/>\n<meta property=\"article:published_time\" content=\"2020-03-26T14:45:48+00:00\" \/>\n<meta property=\"article:modified_time\" content=\"2021-02-21T19:07:42+00:00\" \/>\n<meta property=\"og:image\" content=\"https:\/\/www.dravivianloureiro.com.br\/blog\/wp-content\/uploads\/2020\/03\/coronavirus-cuidados-com-a-pele.jpg\" \/>\n\t<meta property=\"og:image:width\" content=\"1280\" \/>\n\t<meta property=\"og:image:height\" content=\"726\" \/>\n\t<meta property=\"og:image:type\" content=\"image\/jpeg\" \/>\n<meta name=\"author\" content=\"Vivian Loureiro\" \/>\n<meta name=\"twitter:card\" content=\"summary_large_image\" \/>\n<meta name=\"twitter:label1\" content=\"Escrito por\" \/>\n\t<meta name=\"twitter:data1\" content=\"Vivian Loureiro\" \/>\n\t<meta name=\"twitter:label2\" content=\"Est. tempo de leitura\" \/>\n\t<meta name=\"twitter:data2\" content=\"2 minutos\" \/>\n<script type=\"application\/ld+json\" class=\"yoast-schema-graph\">{\"@context\":\"https:\/\/schema.org\",\"@graph\":[{\"@type\":\"Article\",\"@id\":\"https:\/\/www.dravivianloureiro.com.br\/blog\/coronavirus-cuidados-com-a-pele\/#article\",\"isPartOf\":{\"@id\":\"https:\/\/www.dravivianloureiro.com.br\/blog\/coronavirus-cuidados-com-a-pele\/\"},\"author\":{\"name\":\"Vivian Loureiro\",\"@id\":\"https:\/\/www.dravivianloureiro.com.br\/blog\/#\/schema\/person\/f6272c0e48dae4364ef626c598c5cb84\"},\"headline\":\"Coronav\u00edrus e Cuidados com a Pele\",\"datePublished\":\"2020-03-26T14:45:48+00:00\",\"dateModified\":\"2021-02-21T19:07:42+00:00\",\"mainEntityOfPage\":{\"@id\":\"https:\/\/www.dravivianloureiro.com.br\/blog\/coronavirus-cuidados-com-a-pele\/\"},\"wordCount\":296,\"commentCount\":0,\"publisher\":{\"@id\":\"https:\/\/www.dravivianloureiro.com.br\/blog\/#organization\"},\"keywords\":[\"coronavirus e pele\",\"cuidados com a pele na pandemia\",\"cuidados com coronav\u00edrus\",\"dra vivian loureiro\",\"hidrata\u00e7\u00e3o cut\u00e2nea\",\"hidrata\u00e7\u00e3o da pele\",\"higieniza\u00e7\u00e3o e hidrata\u00e7\u00e3o da pele\",\"pele e alcool gel\",\"pele e m\u00e1scara\",\"pele hidratada\"],\"articleSection\":[\"Pele\"],\"inLanguage\":\"pt-BR\",\"potentialAction\":[{\"@type\":\"CommentAction\",\"name\":\"Comment\",\"target\":[\"https:\/\/www.dravivianloureiro.com.br\/blog\/coronavirus-cuidados-com-a-pele\/#respond\"]}]},{\"@type\":\"WebPage\",\"@id\":\"https:\/\/www.dravivianloureiro.com.br\/blog\/coronavirus-cuidados-com-a-pele\/\",\"url\":\"https:\/\/www.dravivianloureiro.com.br\/blog\/coronavirus-cuidados-com-a-pele\/\",\"name\":\"Coronav\u00edrus e Cuidados com a Pele Proteja-se Mantendo a Pele Hidratada\",\"isPartOf\":{\"@id\":\"https:\/\/www.dravivianloureiro.com.br\/blog\/#website\"},\"datePublished\":\"2020-03-26T14:45:48+00:00\",\"dateModified\":\"2021-02-21T19:07:42+00:00\",\"description\":\"Post de Mar\u00e7o de 2020 Sobre a Import\u00e2ncia da Prote\u00e7\u00e3o Contra o Coronav\u00edrus e os Cuidados com a Pele Durante a Pandemia.\",\"breadcrumb\":{\"@id\":\"https:\/\/www.dravivianloureiro.com.br\/blog\/coronavirus-cuidados-com-a-pele\/#breadcrumb\"},\"inLanguage\":\"pt-BR\",\"potentialAction\":[{\"@type\":\"ReadAction\",\"target\":[\"https:\/\/www.dravivianloureiro.com.br\/blog\/coronavirus-cuidados-com-a-pele\/\"]}]},{\"@type\":\"BreadcrumbList\",\"@id\":\"https:\/\/www.dravivianloureiro.com.br\/blog\/coronavirus-cuidados-com-a-pele\/#breadcrumb\",\"itemListElement\":[{\"@type\":\"ListItem\",\"position\":1,\"name\":\"In\u00edcio\",\"item\":\"https:\/\/www.dravivianloureiro.com.br\/blog\/\"},{\"@type\":\"ListItem\",\"position\":2,\"name\":\"Coronav\u00edrus e Cuidados com a Pele\"}]},{\"@type\":\"WebSite\",\"@id\":\"https:\/\/www.dravivianloureiro.com.br\/blog\/#website\",\"url\":\"https:\/\/www.dravivianloureiro.com.br\/blog\/\",\"name\":\"Dermatologista Vivian Loureiro\",\"description\":\"\",\"publisher\":{\"@id\":\"https:\/\/www.dravivianloureiro.com.br\/blog\/#organization\"},\"potentialAction\":[{\"@type\":\"SearchAction\",\"target\":{\"@type\":\"EntryPoint\",\"urlTemplate\":\"https:\/\/www.dravivianloureiro.com.br\/blog\/?s={search_term_string}\"},\"query-input\":\"required name=search_term_string\"}],\"inLanguage\":\"pt-BR\"},{\"@type\":\"Organization\",\"@id\":\"https:\/\/www.dravivianloureiro.com.br\/blog\/#organization\",\"name\":\"Dra. Vivian Loureiro - Dermatologista Em S\u00e3o Paulo\",\"url\":\"https:\/\/www.dravivianloureiro.com.br\/blog\/\",\"logo\":{\"@type\":\"ImageObject\",\"inLanguage\":\"pt-BR\",\"@id\":\"https:\/\/www.dravivianloureiro.com.br\/blog\/#\/schema\/logo\/image\/\",\"url\":\"https:\/\/www.dravivianloureiro.com.br\/blog\/wp-content\/uploads\/2018\/08\/favicon.jpg\",\"contentUrl\":\"https:\/\/www.dravivianloureiro.com.br\/blog\/wp-content\/uploads\/2018\/08\/favicon.jpg\",\"width\":112,\"height\":112,\"caption\":\"Dra. Vivian Loureiro - Dermatologista Em S\u00e3o Paulo\"},\"image\":{\"@id\":\"https:\/\/www.dravivianloureiro.com.br\/blog\/#\/schema\/logo\/image\/\"},\"sameAs\":[\"https:\/\/pt-br.facebook.com\/vivianloureirodermatologia\/\",\"https:\/\/www.instagram.com\/vivianloureirodermatologia\/\",\"https:\/\/www.linkedin.com\/in\/vivian-barzi-loureiro-a6412887\/\"]},{\"@type\":\"Person\",\"@id\":\"https:\/\/www.dravivianloureiro.com.br\/blog\/#\/schema\/person\/f6272c0e48dae4364ef626c598c5cb84\",\"name\":\"Vivian Loureiro\",\"image\":{\"@type\":\"ImageObject\",\"inLanguage\":\"pt-BR\",\"@id\":\"https:\/\/www.dravivianloureiro.com.br\/blog\/#\/schema\/person\/image\/\",\"url\":\"https:\/\/secure.gravatar.com\/avatar\/8ee2b0fae98657240c77e822ae139ad3?s=96&d=wp_user_avatar&r=g\",\"contentUrl\":\"https:\/\/secure.gravatar.com\/avatar\/8ee2b0fae98657240c77e822ae139ad3?s=96&d=wp_user_avatar&r=g\",\"caption\":\"Vivian Loureiro\"},\"description\":\"M\u00e9dica formada pela Universidade de S\u00e3o Paulo (USP). Realizou resid\u00eancia m\u00e9dica em Dermatologia e complementa\u00e7\u00e3o em Cosmiatria e Laser pelo departamento de Dermatologia do Hospital das Cl\u00ednicas da Faculdade de Medicina da Universidade de S\u00e3o Paulo (USP). Possui t\u00edtulo de especialista em Dermatologia. \u00c9 membro da Sociedade Brasileira de Dermatologia (SBD) e Sociedade Brasileira de Cirurgia Dermatol\u00f3gica (SBCD) e m\u00e9dica do grupo Fleury. Atua nas \u00e1reas de Dermatologia Cl\u00ednica, Cir\u00fargica, Pedi\u00e1trica e Est\u00e9tica. Frequenta e palestra nos principais cursos e congressos de dermatologia, nacionais e internacionais, a fim de se manter em constante atualiza\u00e7\u00e3o.\",\"sameAs\":[\"https:\/\/www.dravivianloureiro.com.br\/\",\"https:\/\/pt-br.facebook.com\/vivianloureirodermatologia\/\",\"https:\/\/www.instagram.com\/vivianloureirodermatologia\/\",\"https:\/\/www.linkedin.com\/in\/vivian-barzi-loureiro-a6412887\/\"]}]}<\/script>\n<!-- \/ Yoast SEO plugin. -->","yoast_head_json":{"title":"Coronav\u00edrus e Cuidados com a Pele Proteja-se Mantendo a Pele Hidratada","description":"Post de Mar\u00e7o de 2020 Sobre a Import\u00e2ncia da Prote\u00e7\u00e3o Contra o Coronav\u00edrus e os Cuidados com a Pele Durante a Pandemia.","robots":{"index":"index","follow":"follow","max-snippet":"max-snippet:-1","max-image-preview":"max-image-preview:large","max-video-preview":"max-video-preview:-1"},"canonical":"https:\/\/www.dravivianloureiro.com.br\/blog\/coronavirus-cuidados-com-a-pele\/","og_locale":"pt_BR","og_type":"article","og_title":"Coronav\u00edrus e Cuidados com a Pele Proteja-se Mantendo a Pele Hidratada","og_description":"Post de Mar\u00e7o de 2020 Sobre a Import\u00e2ncia da Prote\u00e7\u00e3o Contra o Coronav\u00edrus e os Cuidados com a Pele Durante a Pandemia.","og_url":"https:\/\/www.dravivianloureiro.com.br\/blog\/coronavirus-cuidados-com-a-pele\/","og_site_name":"Dra. Vivian Loureiro","article_publisher":"https:\/\/pt-br.facebook.com\/vivianloureirodermatologia\/","article_author":"https:\/\/pt-br.facebook.com\/vivianloureirodermatologia\/","article_published_time":"2020-03-26T14:45:48+00:00","article_modified_time":"2021-02-21T19:07:42+00:00","og_image":[{"width":1280,"height":726,"url":"https:\/\/www.dravivianloureiro.com.br\/blog\/wp-content\/uploads\/2020\/03\/coronavirus-cuidados-com-a-pele.jpg","type":"image\/jpeg"}],"author":"Vivian Loureiro","twitter_card":"summary_large_image","twitter_misc":{"Escrito por":"Vivian Loureiro","Est. tempo de leitura":"2 minutos"},"schema":{"@context":"https:\/\/schema.org","@graph":[{"@type":"Article","@id":"https:\/\/www.dravivianloureiro.com.br\/blog\/coronavirus-cuidados-com-a-pele\/#article","isPartOf":{"@id":"https:\/\/www.dravivianloureiro.com.br\/blog\/coronavirus-cuidados-com-a-pele\/"},"author":{"name":"Vivian Loureiro","@id":"https:\/\/www.dravivianloureiro.com.br\/blog\/#\/schema\/person\/f6272c0e48dae4364ef626c598c5cb84"},"headline":"Coronav\u00edrus e Cuidados com a Pele","datePublished":"2020-03-26T14:45:48+00:00","dateModified":"2021-02-21T19:07:42+00:00","mainEntityOfPage":{"@id":"https:\/\/www.dravivianloureiro.com.br\/blog\/coronavirus-cuidados-com-a-pele\/"},"wordCount":296,"commentCount":0,"publisher":{"@id":"https:\/\/www.dravivianloureiro.com.br\/blog\/#organization"},"keywords":["coronavirus e pele","cuidados com a pele na pandemia","cuidados com coronav\u00edrus","dra vivian loureiro","hidrata\u00e7\u00e3o cut\u00e2nea","hidrata\u00e7\u00e3o da pele","higieniza\u00e7\u00e3o e hidrata\u00e7\u00e3o da pele","pele e alcool gel","pele e m\u00e1scara","pele hidratada"],"articleSection":["Pele"],"inLanguage":"pt-BR","potentialAction":[{"@type":"CommentAction","name":"Comment","target":["https:\/\/www.dravivianloureiro.com.br\/blog\/coronavirus-cuidados-com-a-pele\/#respond"]}]},{"@type":"WebPage","@id":"https:\/\/www.dravivianloureiro.com.br\/blog\/coronavirus-cuidados-com-a-pele\/","url":"https:\/\/www.dravivianloureiro.com.br\/blog\/coronavirus-cuidados-com-a-pele\/","name":"Coronav\u00edrus e Cuidados com a Pele Proteja-se Mantendo a Pele Hidratada","isPartOf":{"@id":"https:\/\/www.dravivianloureiro.com.br\/blog\/#website"},"datePublished":"2020-03-26T14:45:48+00:00","dateModified":"2021-02-21T19:07:42+00:00","description":"Post de Mar\u00e7o de 2020 Sobre a Import\u00e2ncia da Prote\u00e7\u00e3o Contra o Coronav\u00edrus e os Cuidados com a Pele Durante a Pandemia.","breadcrumb":{"@id":"https:\/\/www.dravivianloureiro.com.br\/blog\/coronavirus-cuidados-com-a-pele\/#breadcrumb"},"inLanguage":"pt-BR","potentialAction":[{"@type":"ReadAction","target":["https:\/\/www.dravivianloureiro.com.br\/blog\/coronavirus-cuidados-com-a-pele\/"]}]},{"@type":"BreadcrumbList","@id":"https:\/\/www.dravivianloureiro.com.br\/blog\/coronavirus-cuidados-com-a-pele\/#breadcrumb","itemListElement":[{"@type":"ListItem","position":1,"name":"In\u00edcio","item":"https:\/\/www.dravivianloureiro.com.br\/blog\/"},{"@type":"ListItem","position":2,"name":"Coronav\u00edrus e Cuidados com a Pele"}]},{"@type":"WebSite","@id":"https:\/\/www.dravivianloureiro.com.br\/blog\/#website","url":"https:\/\/www.dravivianloureiro.com.br\/blog\/","name":"Dermatologista Vivian Loureiro","description":"","publisher":{"@id":"https:\/\/www.dravivianloureiro.com.br\/blog\/#organization"},"potentialAction":[{"@type":"SearchAction","target":{"@type":"EntryPoint","urlTemplate":"https:\/\/www.dravivianloureiro.com.br\/blog\/?s={search_term_string}"},"query-input":"required name=search_term_string"}],"inLanguage":"pt-BR"},{"@type":"Organization","@id":"https:\/\/www.dravivianloureiro.com.br\/blog\/#organization","name":"Dra. Vivian Loureiro - Dermatologista Em S\u00e3o Paulo","url":"https:\/\/www.dravivianloureiro.com.br\/blog\/","logo":{"@type":"ImageObject","inLanguage":"pt-BR","@id":"https:\/\/www.dravivianloureiro.com.br\/blog\/#\/schema\/logo\/image\/","url":"https:\/\/www.dravivianloureiro.com.br\/blog\/wp-content\/uploads\/2018\/08\/favicon.jpg","contentUrl":"https:\/\/www.dravivianloureiro.com.br\/blog\/wp-content\/uploads\/2018\/08\/favicon.jpg","width":112,"height":112,"caption":"Dra. Vivian Loureiro - Dermatologista Em S\u00e3o Paulo"},"image":{"@id":"https:\/\/www.dravivianloureiro.com.br\/blog\/#\/schema\/logo\/image\/"},"sameAs":["https:\/\/pt-br.facebook.com\/vivianloureirodermatologia\/","https:\/\/www.instagram.com\/vivianloureirodermatologia\/","https:\/\/www.linkedin.com\/in\/vivian-barzi-loureiro-a6412887\/"]},{"@type":"Person","@id":"https:\/\/www.dravivianloureiro.com.br\/blog\/#\/schema\/person\/f6272c0e48dae4364ef626c598c5cb84","name":"Vivian Loureiro","image":{"@type":"ImageObject","inLanguage":"pt-BR","@id":"https:\/\/www.dravivianloureiro.com.br\/blog\/#\/schema\/person\/image\/","url":"https:\/\/secure.gravatar.com\/avatar\/8ee2b0fae98657240c77e822ae139ad3?s=96&d=wp_user_avatar&r=g","contentUrl":"https:\/\/secure.gravatar.com\/avatar\/8ee2b0fae98657240c77e822ae139ad3?s=96&d=wp_user_avatar&r=g","caption":"Vivian Loureiro"},"description":"M\u00e9dica formada pela Universidade de S\u00e3o Paulo (USP). Realizou resid\u00eancia m\u00e9dica em Dermatologia e complementa\u00e7\u00e3o em Cosmiatria e Laser pelo departamento de Dermatologia do Hospital das Cl\u00ednicas da Faculdade de Medicina da Universidade de S\u00e3o Paulo (USP). Possui t\u00edtulo de especialista em Dermatologia. \u00c9 membro da Sociedade Brasileira de Dermatologia (SBD) e Sociedade Brasileira de Cirurgia Dermatol\u00f3gica (SBCD) e m\u00e9dica do grupo Fleury. Atua nas \u00e1reas de Dermatologia Cl\u00ednica, Cir\u00fargica, Pedi\u00e1trica e Est\u00e9tica. Frequenta e palestra nos principais cursos e congressos de dermatologia, nacionais e internacionais, a fim de se manter em constante atualiza\u00e7\u00e3o.","sameAs":["https:\/\/www.dravivianloureiro.com.br\/","https:\/\/pt-br.facebook.com\/vivianloureirodermatologia\/","https:\/\/www.instagram.com\/vivianloureirodermatologia\/","https:\/\/www.linkedin.com\/in\/vivian-barzi-loureiro-a6412887\/"]}]}},"amp_enabled":true,"_links":{"self":[{"href":"https:\/\/www.dravivianloureiro.com.br\/blog\/wp-json\/wp\/v2\/posts\/159"}],"collection":[{"href":"https:\/\/www.dravivianloureiro.com.br\/blog\/wp-json\/wp\/v2\/posts"}],"about":[{"href":"https:\/\/www.dravivianloureiro.com.br\/blog\/wp-json\/wp\/v2\/types\/post"}],"author":[{"embeddable":true,"href":"https:\/\/www.dravivianloureiro.com.br\/blog\/wp-json\/wp\/v2\/users\/1"}],"replies":[{"embeddable":true,"href":"https:\/\/www.dravivianloureiro.com.br\/blog\/wp-json\/wp\/v2\/comments?post=159"}],"version-history":[{"count":0,"href":"https:\/\/www.dravivianloureiro.com.br\/blog\/wp-json\/wp\/v2\/posts\/159\/revisions"}],"wp:featuredmedia":[{"embeddable":true,"href":"https:\/\/www.dravivianloureiro.com.br\/blog\/wp-json\/wp\/v2\/media\/162"}],"wp:attachment":[{"href":"https:\/\/www.dravivianloureiro.com.br\/blog\/wp-json\/wp\/v2\/media?parent=159"}],"wp:term":[{"taxonomy":"category","embeddable":true,"href":"https:\/\/www.dravivianloureiro.com.br\/blog\/wp-json\/wp\/v2\/categories?post=159"},{"taxonomy":"post_tag","embeddable":true,"href":"https:\/\/www.dravivianloureiro.com.br\/blog\/wp-json\/wp\/v2\/tags?post=159"}],"curies":[{"name":"wp","href":"https:\/\/api.w.org\/{rel}","templated":true}]}}