{"id":152,"date":"2019-12-04T17:37:33","date_gmt":"2019-12-04T20:37:33","guid":{"rendered":"https:\/\/www.dravivianloureiro.com.br\/blog\/?p=152"},"modified":"2021-02-20T16:16:42","modified_gmt":"2021-02-20T19:16:42","slug":"dezembro-laranja","status":"publish","type":"post","link":"https:\/\/www.dravivianloureiro.com.br\/blog\/dezembro-laranja\/","title":{"rendered":"Dezembro Laranja e Preven\u00e7\u00e3o do C\u00e2ncer de Pele"},"content":{"rendered":"<p class=\"estimated-read-time\">Tempo de leitura:<small> 1 minuto<\/small><\/p> <p>Dezembro Laranja \u00e9 a campanha promovida pela SBD (Sociedade Brasileira de Dermatologia) para conscientiza\u00e7\u00e3o e preven\u00e7\u00e3o do c\u00e2ncer de pele.<\/p>\n<p>Desde 2014, em todo m\u00eas de dezembro s\u00e3o feitas a\u00e7\u00f5es que buscam alertar a popula\u00e7\u00e3o sobre o assunto.<\/p>\n<h2>Diagn\u00f3stico de C\u00e2ncer de Pele<\/h2>\n<p>O c\u00e2ncer de pele \u00e9 o tumor maligno mais frequente no mundo. De acordo com o INCA (Instituto Nacional do C\u00e2ncer), todo ano s\u00e3o diagnosticados 180 mil novos casos dessa doen\u00e7a s\u00f3 no Brasil.<\/p>\n<p>Felizmente, quando descoberto no in\u00edcio, as taxas de cura s\u00e3o altas, girando em torno dos 90%.<\/p>\n<p>Por esse motivo, enfatizamos a import\u00e2ncia de um exame dermatol\u00f3gico pelo menos uma vez ao ano. Todo mundo deve, anualmente, passar por um check-up completo da pele com um m\u00e9dico dermatologista.<\/p>\n<h2>A Campanha Dezembro Laranja<\/h2>\n<p>No dia 7 de dezembro, a SBD promover\u00e1, em parceria com servi\u00e7os p\u00fablicos, um mutir\u00e3o de exames preventivos gratuitos em todo o Brasil, das 9 \u00e0s 15 horas.<\/p>\n<p>Mais de 4 mil m\u00e9dicos dermatologistas e volunt\u00e1rios v\u00e3o participar. Ser\u00e3o 130 postos de atendimento espalhados pelo pa\u00eds. Os locais mais pr\u00f3ximos de atendimento podem ser consultados no site da SBD.<\/p>\n<p><a href=\"https:\/\/www.sbd.org.br\/dezembroLaranja\/exame-preventivo-gratuito\/\">https:\/\/www.sbd.org.br\/dezembroLaranja\/exame-preventivo-gratuito\/<\/a><\/p>\n<p>Em 2018, mais de 26 mil pessoas foram atendidas e quase 4 mil casos de c\u00e2ncer de pele foram diagnosticados.<\/p>\n<p>O tipo mais frequente \u00e9 o carcinoma, baso ou espinocelular, que apresenta crescimento mais lento e menor letalidade. O melanoma \u00e9 o tipo mais raro, por\u00e9m bem mais agressivo e com pior progn\u00f3stico.<\/p>\n<p>Tanto para o carcinoma como para o melanoma, o principal fator de risco \u00e9 a exposi\u00e7\u00e3o solar. Portanto, proteger-se dos raios ultravioletas \u00e9 a melhor maneira de prevenir o c\u00e2ncer de pele. Para isso, recomendamos o uso regular de protetor solar, inclusive no dia a dia.<\/p>\n","protected":false},"excerpt":{"rendered":"<p><small> 1 minuto<\/small> Dezembro Laranja \u00e9 a campanha promovida pela SBD (Sociedade Brasileira de Dermatologia) para conscientiza\u00e7\u00e3o e preven\u00e7\u00e3o do c\u00e2ncer de pele. Desde 2014, em todo m\u00eas de dezembro s\u00e3o feitas a\u00e7\u00f5es que buscam alertar a popula\u00e7\u00e3o sobre o assunto. Diagn\u00f3stico de C\u00e2ncer de Pele O c\u00e2ncer de pele \u00e9 o tumor maligno mais frequente no mundo. De acordo com o INCA (Instituto Nacional do C\u00e2ncer), todo ano s\u00e3o diagnosticados 180 mil novos casos dessa doen\u00e7a s\u00f3 no Brasil. Felizmente, quando descoberto no in\u00edcio, <a href=\"https:\/\/www.dravivianloureiro.com.br\/blog\/dezembro-laranja\/\" class=\"more-link\"><span>Continue lendo<\/span>\u2192<\/a><\/p>\n","protected":false},"author":1,"featured_media":153,"comment_status":"open","ping_status":"open","sticky":false,"template":"","format":"standard","meta":[],"categories":[7],"tags":[254,94,122,187,252,253,116,186,255,258,257,256],"yoast_head":"<!-- This site is optimized with the Yoast SEO plugin v20.6 - https:\/\/yoast.com\/wordpress\/plugins\/seo\/ -->\n<title>Dezembro Laranja e Preven\u00e7\u00e3o do C\u00e2ncer de Pele - Dra Vivian Loureiro<\/title>\n<meta name=\"description\" content=\"Informe-se Sobre a Campanha Dezembro Laranja e Entenda a Import\u00e2ncia da Preven\u00e7\u00e3o do C\u00e2ncer de Pele no Brasil e no Mundo.\" \/>\n<meta name=\"robots\" content=\"index, follow, max-snippet:-1, max-image-preview:large, max-video-preview:-1\" \/>\n<link rel=\"canonical\" href=\"https:\/\/www.dravivianloureiro.com.br\/blog\/dezembro-laranja\/\" \/>\n<meta property=\"og:locale\" content=\"pt_BR\" \/>\n<meta property=\"og:type\" content=\"article\" \/>\n<meta property=\"og:title\" content=\"Dezembro Laranja e Preven\u00e7\u00e3o do C\u00e2ncer de Pele - Dra Vivian Loureiro\" \/>\n<meta property=\"og:description\" content=\"Informe-se Sobre a Campanha Dezembro Laranja e Entenda a Import\u00e2ncia da Preven\u00e7\u00e3o do C\u00e2ncer de Pele no Brasil e no Mundo.\" \/>\n<meta property=\"og:url\" content=\"https:\/\/www.dravivianloureiro.com.br\/blog\/dezembro-laranja\/\" \/>\n<meta property=\"og:site_name\" content=\"Dra. Vivian Loureiro\" \/>\n<meta property=\"article:publisher\" content=\"https:\/\/pt-br.facebook.com\/vivianloureirodermatologia\/\" \/>\n<meta property=\"article:author\" content=\"https:\/\/pt-br.facebook.com\/vivianloureirodermatologia\/\" \/>\n<meta property=\"article:published_time\" content=\"2019-12-04T20:37:33+00:00\" \/>\n<meta property=\"article:modified_time\" content=\"2021-02-20T19:16:42+00:00\" \/>\n<meta property=\"og:image\" content=\"https:\/\/www.dravivianloureiro.com.br\/blog\/wp-content\/uploads\/2019\/12\/background-dezembro-laranja.jpg\" \/>\n\t<meta property=\"og:image:width\" content=\"790\" \/>\n\t<meta property=\"og:image:height\" content=\"388\" \/>\n\t<meta property=\"og:image:type\" content=\"image\/jpeg\" \/>\n<meta name=\"author\" content=\"Vivian Loureiro\" \/>\n<meta name=\"twitter:card\" content=\"summary_large_image\" \/>\n<meta name=\"twitter:label1\" content=\"Escrito por\" \/>\n\t<meta name=\"twitter:data1\" content=\"Vivian Loureiro\" \/>\n\t<meta name=\"twitter:label2\" content=\"Est. tempo de leitura\" \/>\n\t<meta name=\"twitter:data2\" content=\"2 minutos\" \/>\n<script type=\"application\/ld+json\" class=\"yoast-schema-graph\">{\"@context\":\"https:\/\/schema.org\",\"@graph\":[{\"@type\":\"Article\",\"@id\":\"https:\/\/www.dravivianloureiro.com.br\/blog\/dezembro-laranja\/#article\",\"isPartOf\":{\"@id\":\"https:\/\/www.dravivianloureiro.com.br\/blog\/dezembro-laranja\/\"},\"author\":{\"name\":\"Vivian Loureiro\",\"@id\":\"https:\/\/www.dravivianloureiro.com.br\/blog\/#\/schema\/person\/f6272c0e48dae4364ef626c598c5cb84\"},\"headline\":\"Dezembro Laranja e Preven\u00e7\u00e3o do C\u00e2ncer de Pele\",\"datePublished\":\"2019-12-04T20:37:33+00:00\",\"dateModified\":\"2021-02-20T19:16:42+00:00\",\"mainEntityOfPage\":{\"@id\":\"https:\/\/www.dravivianloureiro.com.br\/blog\/dezembro-laranja\/\"},\"wordCount\":318,\"commentCount\":0,\"publisher\":{\"@id\":\"https:\/\/www.dravivianloureiro.com.br\/blog\/#organization\"},\"keywords\":[\"campanha dezembro laranja\",\"c\u00e2ncer de pele\",\"cuidados com a pele\",\"dermatologista especialista em c\u00e2ncer de pele\",\"dermatologista vivian loureiro\",\"dezembro laranja\",\"dra vivian loureiro\",\"preven\u00e7\u00e3o ao cancer de pele\",\"preven\u00e7\u00e3o c\u00e2ncer de pele\",\"sbcd\",\"sbd\",\"vivian loureiro especialista em c\u00e2ncer de pele\"],\"articleSection\":[\"Dicas e Cuidados\"],\"inLanguage\":\"pt-BR\",\"potentialAction\":[{\"@type\":\"CommentAction\",\"name\":\"Comment\",\"target\":[\"https:\/\/www.dravivianloureiro.com.br\/blog\/dezembro-laranja\/#respond\"]}]},{\"@type\":\"WebPage\",\"@id\":\"https:\/\/www.dravivianloureiro.com.br\/blog\/dezembro-laranja\/\",\"url\":\"https:\/\/www.dravivianloureiro.com.br\/blog\/dezembro-laranja\/\",\"name\":\"Dezembro Laranja e Preven\u00e7\u00e3o do C\u00e2ncer de Pele - Dra Vivian Loureiro\",\"isPartOf\":{\"@id\":\"https:\/\/www.dravivianloureiro.com.br\/blog\/#website\"},\"datePublished\":\"2019-12-04T20:37:33+00:00\",\"dateModified\":\"2021-02-20T19:16:42+00:00\",\"description\":\"Informe-se Sobre a Campanha Dezembro Laranja e Entenda a Import\u00e2ncia da Preven\u00e7\u00e3o do C\u00e2ncer de Pele no Brasil e no Mundo.\",\"breadcrumb\":{\"@id\":\"https:\/\/www.dravivianloureiro.com.br\/blog\/dezembro-laranja\/#breadcrumb\"},\"inLanguage\":\"pt-BR\",\"potentialAction\":[{\"@type\":\"ReadAction\",\"target\":[\"https:\/\/www.dravivianloureiro.com.br\/blog\/dezembro-laranja\/\"]}]},{\"@type\":\"BreadcrumbList\",\"@id\":\"https:\/\/www.dravivianloureiro.com.br\/blog\/dezembro-laranja\/#breadcrumb\",\"itemListElement\":[{\"@type\":\"ListItem\",\"position\":1,\"name\":\"In\u00edcio\",\"item\":\"https:\/\/www.dravivianloureiro.com.br\/blog\/\"},{\"@type\":\"ListItem\",\"position\":2,\"name\":\"Dezembro Laranja e Preven\u00e7\u00e3o do C\u00e2ncer de Pele\"}]},{\"@type\":\"WebSite\",\"@id\":\"https:\/\/www.dravivianloureiro.com.br\/blog\/#website\",\"url\":\"https:\/\/www.dravivianloureiro.com.br\/blog\/\",\"name\":\"Dermatologista Vivian Loureiro\",\"description\":\"\",\"publisher\":{\"@id\":\"https:\/\/www.dravivianloureiro.com.br\/blog\/#organization\"},\"potentialAction\":[{\"@type\":\"SearchAction\",\"target\":{\"@type\":\"EntryPoint\",\"urlTemplate\":\"https:\/\/www.dravivianloureiro.com.br\/blog\/?s={search_term_string}\"},\"query-input\":\"required name=search_term_string\"}],\"inLanguage\":\"pt-BR\"},{\"@type\":\"Organization\",\"@id\":\"https:\/\/www.dravivianloureiro.com.br\/blog\/#organization\",\"name\":\"Dra. Vivian Loureiro - Dermatologista Em S\u00e3o Paulo\",\"url\":\"https:\/\/www.dravivianloureiro.com.br\/blog\/\",\"logo\":{\"@type\":\"ImageObject\",\"inLanguage\":\"pt-BR\",\"@id\":\"https:\/\/www.dravivianloureiro.com.br\/blog\/#\/schema\/logo\/image\/\",\"url\":\"https:\/\/www.dravivianloureiro.com.br\/blog\/wp-content\/uploads\/2018\/08\/favicon.jpg\",\"contentUrl\":\"https:\/\/www.dravivianloureiro.com.br\/blog\/wp-content\/uploads\/2018\/08\/favicon.jpg\",\"width\":112,\"height\":112,\"caption\":\"Dra. Vivian Loureiro - Dermatologista Em S\u00e3o Paulo\"},\"image\":{\"@id\":\"https:\/\/www.dravivianloureiro.com.br\/blog\/#\/schema\/logo\/image\/\"},\"sameAs\":[\"https:\/\/pt-br.facebook.com\/vivianloureirodermatologia\/\",\"https:\/\/www.instagram.com\/vivianloureirodermatologia\/\",\"https:\/\/www.linkedin.com\/in\/vivian-barzi-loureiro-a6412887\/\"]},{\"@type\":\"Person\",\"@id\":\"https:\/\/www.dravivianloureiro.com.br\/blog\/#\/schema\/person\/f6272c0e48dae4364ef626c598c5cb84\",\"name\":\"Vivian Loureiro\",\"image\":{\"@type\":\"ImageObject\",\"inLanguage\":\"pt-BR\",\"@id\":\"https:\/\/www.dravivianloureiro.com.br\/blog\/#\/schema\/person\/image\/\",\"url\":\"https:\/\/secure.gravatar.com\/avatar\/8ee2b0fae98657240c77e822ae139ad3?s=96&d=wp_user_avatar&r=g\",\"contentUrl\":\"https:\/\/secure.gravatar.com\/avatar\/8ee2b0fae98657240c77e822ae139ad3?s=96&d=wp_user_avatar&r=g\",\"caption\":\"Vivian Loureiro\"},\"description\":\"M\u00e9dica formada pela Universidade de S\u00e3o Paulo (USP). Realizou resid\u00eancia m\u00e9dica em Dermatologia e complementa\u00e7\u00e3o em Cosmiatria e Laser pelo departamento de Dermatologia do Hospital das Cl\u00ednicas da Faculdade de Medicina da Universidade de S\u00e3o Paulo (USP). Possui t\u00edtulo de especialista em Dermatologia. \u00c9 membro da Sociedade Brasileira de Dermatologia (SBD) e Sociedade Brasileira de Cirurgia Dermatol\u00f3gica (SBCD) e m\u00e9dica do grupo Fleury. Atua nas \u00e1reas de Dermatologia Cl\u00ednica, Cir\u00fargica, Pedi\u00e1trica e Est\u00e9tica. Frequenta e palestra nos principais cursos e congressos de dermatologia, nacionais e internacionais, a fim de se manter em constante atualiza\u00e7\u00e3o.\",\"sameAs\":[\"https:\/\/www.dravivianloureiro.com.br\/\",\"https:\/\/pt-br.facebook.com\/vivianloureirodermatologia\/\",\"https:\/\/www.instagram.com\/vivianloureirodermatologia\/\",\"https:\/\/www.linkedin.com\/in\/vivian-barzi-loureiro-a6412887\/\"]}]}<\/script>\n<!-- \/ Yoast SEO plugin. -->","yoast_head_json":{"title":"Dezembro Laranja e Preven\u00e7\u00e3o do C\u00e2ncer de Pele - Dra Vivian Loureiro","description":"Informe-se Sobre a Campanha Dezembro Laranja e Entenda a Import\u00e2ncia da Preven\u00e7\u00e3o do C\u00e2ncer de Pele no Brasil e no Mundo.","robots":{"index":"index","follow":"follow","max-snippet":"max-snippet:-1","max-image-preview":"max-image-preview:large","max-video-preview":"max-video-preview:-1"},"canonical":"https:\/\/www.dravivianloureiro.com.br\/blog\/dezembro-laranja\/","og_locale":"pt_BR","og_type":"article","og_title":"Dezembro Laranja e Preven\u00e7\u00e3o do C\u00e2ncer de Pele - Dra Vivian Loureiro","og_description":"Informe-se Sobre a Campanha Dezembro Laranja e Entenda a Import\u00e2ncia da Preven\u00e7\u00e3o do C\u00e2ncer de Pele no Brasil e no Mundo.","og_url":"https:\/\/www.dravivianloureiro.com.br\/blog\/dezembro-laranja\/","og_site_name":"Dra. Vivian Loureiro","article_publisher":"https:\/\/pt-br.facebook.com\/vivianloureirodermatologia\/","article_author":"https:\/\/pt-br.facebook.com\/vivianloureirodermatologia\/","article_published_time":"2019-12-04T20:37:33+00:00","article_modified_time":"2021-02-20T19:16:42+00:00","og_image":[{"width":790,"height":388,"url":"https:\/\/www.dravivianloureiro.com.br\/blog\/wp-content\/uploads\/2019\/12\/background-dezembro-laranja.jpg","type":"image\/jpeg"}],"author":"Vivian Loureiro","twitter_card":"summary_large_image","twitter_misc":{"Escrito por":"Vivian Loureiro","Est. tempo de leitura":"2 minutos"},"schema":{"@context":"https:\/\/schema.org","@graph":[{"@type":"Article","@id":"https:\/\/www.dravivianloureiro.com.br\/blog\/dezembro-laranja\/#article","isPartOf":{"@id":"https:\/\/www.dravivianloureiro.com.br\/blog\/dezembro-laranja\/"},"author":{"name":"Vivian Loureiro","@id":"https:\/\/www.dravivianloureiro.com.br\/blog\/#\/schema\/person\/f6272c0e48dae4364ef626c598c5cb84"},"headline":"Dezembro Laranja e Preven\u00e7\u00e3o do C\u00e2ncer de Pele","datePublished":"2019-12-04T20:37:33+00:00","dateModified":"2021-02-20T19:16:42+00:00","mainEntityOfPage":{"@id":"https:\/\/www.dravivianloureiro.com.br\/blog\/dezembro-laranja\/"},"wordCount":318,"commentCount":0,"publisher":{"@id":"https:\/\/www.dravivianloureiro.com.br\/blog\/#organization"},"keywords":["campanha dezembro laranja","c\u00e2ncer de pele","cuidados com a pele","dermatologista especialista em c\u00e2ncer de pele","dermatologista vivian loureiro","dezembro laranja","dra vivian loureiro","preven\u00e7\u00e3o ao cancer de pele","preven\u00e7\u00e3o c\u00e2ncer de pele","sbcd","sbd","vivian loureiro especialista em c\u00e2ncer de pele"],"articleSection":["Dicas e Cuidados"],"inLanguage":"pt-BR","potentialAction":[{"@type":"CommentAction","name":"Comment","target":["https:\/\/www.dravivianloureiro.com.br\/blog\/dezembro-laranja\/#respond"]}]},{"@type":"WebPage","@id":"https:\/\/www.dravivianloureiro.com.br\/blog\/dezembro-laranja\/","url":"https:\/\/www.dravivianloureiro.com.br\/blog\/dezembro-laranja\/","name":"Dezembro Laranja e Preven\u00e7\u00e3o do C\u00e2ncer de Pele - Dra Vivian Loureiro","isPartOf":{"@id":"https:\/\/www.dravivianloureiro.com.br\/blog\/#website"},"datePublished":"2019-12-04T20:37:33+00:00","dateModified":"2021-02-20T19:16:42+00:00","description":"Informe-se Sobre a Campanha Dezembro Laranja e Entenda a Import\u00e2ncia da Preven\u00e7\u00e3o do C\u00e2ncer de Pele no Brasil e no Mundo.","breadcrumb":{"@id":"https:\/\/www.dravivianloureiro.com.br\/blog\/dezembro-laranja\/#breadcrumb"},"inLanguage":"pt-BR","potentialAction":[{"@type":"ReadAction","target":["https:\/\/www.dravivianloureiro.com.br\/blog\/dezembro-laranja\/"]}]},{"@type":"BreadcrumbList","@id":"https:\/\/www.dravivianloureiro.com.br\/blog\/dezembro-laranja\/#breadcrumb","itemListElement":[{"@type":"ListItem","position":1,"name":"In\u00edcio","item":"https:\/\/www.dravivianloureiro.com.br\/blog\/"},{"@type":"ListItem","position":2,"name":"Dezembro Laranja e Preven\u00e7\u00e3o do C\u00e2ncer de Pele"}]},{"@type":"WebSite","@id":"https:\/\/www.dravivianloureiro.com.br\/blog\/#website","url":"https:\/\/www.dravivianloureiro.com.br\/blog\/","name":"Dermatologista Vivian Loureiro","description":"","publisher":{"@id":"https:\/\/www.dravivianloureiro.com.br\/blog\/#organization"},"potentialAction":[{"@type":"SearchAction","target":{"@type":"EntryPoint","urlTemplate":"https:\/\/www.dravivianloureiro.com.br\/blog\/?s={search_term_string}"},"query-input":"required name=search_term_string"}],"inLanguage":"pt-BR"},{"@type":"Organization","@id":"https:\/\/www.dravivianloureiro.com.br\/blog\/#organization","name":"Dra. Vivian Loureiro - Dermatologista Em S\u00e3o Paulo","url":"https:\/\/www.dravivianloureiro.com.br\/blog\/","logo":{"@type":"ImageObject","inLanguage":"pt-BR","@id":"https:\/\/www.dravivianloureiro.com.br\/blog\/#\/schema\/logo\/image\/","url":"https:\/\/www.dravivianloureiro.com.br\/blog\/wp-content\/uploads\/2018\/08\/favicon.jpg","contentUrl":"https:\/\/www.dravivianloureiro.com.br\/blog\/wp-content\/uploads\/2018\/08\/favicon.jpg","width":112,"height":112,"caption":"Dra. Vivian Loureiro - Dermatologista Em S\u00e3o Paulo"},"image":{"@id":"https:\/\/www.dravivianloureiro.com.br\/blog\/#\/schema\/logo\/image\/"},"sameAs":["https:\/\/pt-br.facebook.com\/vivianloureirodermatologia\/","https:\/\/www.instagram.com\/vivianloureirodermatologia\/","https:\/\/www.linkedin.com\/in\/vivian-barzi-loureiro-a6412887\/"]},{"@type":"Person","@id":"https:\/\/www.dravivianloureiro.com.br\/blog\/#\/schema\/person\/f6272c0e48dae4364ef626c598c5cb84","name":"Vivian Loureiro","image":{"@type":"ImageObject","inLanguage":"pt-BR","@id":"https:\/\/www.dravivianloureiro.com.br\/blog\/#\/schema\/person\/image\/","url":"https:\/\/secure.gravatar.com\/avatar\/8ee2b0fae98657240c77e822ae139ad3?s=96&d=wp_user_avatar&r=g","contentUrl":"https:\/\/secure.gravatar.com\/avatar\/8ee2b0fae98657240c77e822ae139ad3?s=96&d=wp_user_avatar&r=g","caption":"Vivian Loureiro"},"description":"M\u00e9dica formada pela Universidade de S\u00e3o Paulo (USP). Realizou resid\u00eancia m\u00e9dica em Dermatologia e complementa\u00e7\u00e3o em Cosmiatria e Laser pelo departamento de Dermatologia do Hospital das Cl\u00ednicas da Faculdade de Medicina da Universidade de S\u00e3o Paulo (USP). Possui t\u00edtulo de especialista em Dermatologia. \u00c9 membro da Sociedade Brasileira de Dermatologia (SBD) e Sociedade Brasileira de Cirurgia Dermatol\u00f3gica (SBCD) e m\u00e9dica do grupo Fleury. Atua nas \u00e1reas de Dermatologia Cl\u00ednica, Cir\u00fargica, Pedi\u00e1trica e Est\u00e9tica. Frequenta e palestra nos principais cursos e congressos de dermatologia, nacionais e internacionais, a fim de se manter em constante atualiza\u00e7\u00e3o.","sameAs":["https:\/\/www.dravivianloureiro.com.br\/","https:\/\/pt-br.facebook.com\/vivianloureirodermatologia\/","https:\/\/www.instagram.com\/vivianloureirodermatologia\/","https:\/\/www.linkedin.com\/in\/vivian-barzi-loureiro-a6412887\/"]}]}},"amp_enabled":true,"_links":{"self":[{"href":"https:\/\/www.dravivianloureiro.com.br\/blog\/wp-json\/wp\/v2\/posts\/152"}],"collection":[{"href":"https:\/\/www.dravivianloureiro.com.br\/blog\/wp-json\/wp\/v2\/posts"}],"about":[{"href":"https:\/\/www.dravivianloureiro.com.br\/blog\/wp-json\/wp\/v2\/types\/post"}],"author":[{"embeddable":true,"href":"https:\/\/www.dravivianloureiro.com.br\/blog\/wp-json\/wp\/v2\/users\/1"}],"replies":[{"embeddable":true,"href":"https:\/\/www.dravivianloureiro.com.br\/blog\/wp-json\/wp\/v2\/comments?post=152"}],"version-history":[{"count":0,"href":"https:\/\/www.dravivianloureiro.com.br\/blog\/wp-json\/wp\/v2\/posts\/152\/revisions"}],"wp:featuredmedia":[{"embeddable":true,"href":"https:\/\/www.dravivianloureiro.com.br\/blog\/wp-json\/wp\/v2\/media\/153"}],"wp:attachment":[{"href":"https:\/\/www.dravivianloureiro.com.br\/blog\/wp-json\/wp\/v2\/media?parent=152"}],"wp:term":[{"taxonomy":"category","embeddable":true,"href":"https:\/\/www.dravivianloureiro.com.br\/blog\/wp-json\/wp\/v2\/categories?post=152"},{"taxonomy":"post_tag","embeddable":true,"href":"https:\/\/www.dravivianloureiro.com.br\/blog\/wp-json\/wp\/v2\/tags?post=152"}],"curies":[{"name":"wp","href":"https:\/\/api.w.org\/{rel}","templated":true}]}}