{"id":145,"date":"2019-08-15T16:06:07","date_gmt":"2019-08-15T19:06:07","guid":{"rendered":"https:\/\/www.dravivianloureiro.com.br\/blog\/?p=145"},"modified":"2021-02-20T16:11:30","modified_gmt":"2021-02-20T19:11:30","slug":"tomar-colageno-ajuda","status":"publish","type":"post","link":"https:\/\/www.dravivianloureiro.com.br\/blog\/tomar-colageno-ajuda\/","title":{"rendered":"Tomar \/ Ingerir Col\u00e1geno Ajuda no Rejuvenescimento?"},"content":{"rendered":"<p class=\"estimated-read-time\">Tempo de leitura:<small> 1 minuto<\/small><\/p> <p>A resposta \u00e9 SIM!<\/p>\n<p>O col\u00e1geno \u00e9 a prote\u00edna mais abundante no nosso organismo e ele tem a fun\u00e7\u00e3o de dar sustenta\u00e7\u00e3o \u00e0s c\u00e9lulas, mantendo-as unidas.<\/p>\n<p>Na pele, o col\u00e1geno \u00e9 respons\u00e1vel pela firmeza, resist\u00eancia e elasticidade.<\/p>\n<h2>O processo de envelhecimento<\/h2>\n<p>O envelhecimento \u00e9 um processo progressivo e degenerativo.<\/p>\n<figure id=\"attachment_146\" aria-describedby=\"caption-attachment-146\" style=\"width: 438px\" class=\"wp-caption aligncenter\"><img loading=\"lazy\" class=\"wp-image-146\" src=\"https:\/\/www.dravivianloureiro.com.br\/blog\/wp-content\/uploads\/2019\/08\/shutterstock_1136889158-370x246.jpg\" alt=\"&quot;Tomar col\u00e1geno ajuda?&quot;\" width=\"438\" height=\"291\" srcset=\"https:\/\/www.dravivianloureiro.com.br\/blog\/wp-content\/uploads\/2019\/08\/shutterstock_1136889158-370x246.jpg 370w, https:\/\/www.dravivianloureiro.com.br\/blog\/wp-content\/uploads\/2019\/08\/shutterstock_1136889158-768x510.jpg 768w, https:\/\/www.dravivianloureiro.com.br\/blog\/wp-content\/uploads\/2019\/08\/shutterstock_1136889158.jpg 1000w\" sizes=\"(max-width: 438px) 100vw, 438px\" \/><figcaption id=\"caption-attachment-146\" class=\"wp-caption-text\">&#8220;Tomar col\u00e1geno ajuda?&#8221;<\/figcaption><\/figure>\n<p>A partir dos 25 anos, a produ\u00e7\u00e3o do col\u00e1geno come\u00e7a a diminuir. Estima-se uma perda de 1 a 2% das fibras col\u00e1genas por ano. Na menopausa, essa degrada\u00e7\u00e3o \u00e9 ainda maior e chega a at\u00e9 30% nos primeiros 5 anos.<\/p>\n<p>Fatores externos, como exposi\u00e7\u00e3o solar e tabagismo, aceleram ainda mais a destrui\u00e7\u00e3o.<\/p>\n<h2>Os Benef\u00edcios de Tomar Col\u00e1geno<\/h2>\n<p>A suplementa\u00e7\u00e3o oral de col\u00e1geno hidrolizado parece ser ben\u00e9fica na preven\u00e7\u00e3o e no tratamento do envelhecimento cut\u00e2neo.<\/p>\n<p>Estudos cient\u00edficos, feitos em laborat\u00f3rio, demonstram que os fragmentos de col\u00e1geno servem de est\u00edmulo positivo \u00e0 produ\u00e7\u00e3o de col\u00e1geno pelas c\u00e9lulas da pele.<\/p>\n<p>Al\u00e9m disso, estudos cl\u00ednicos, com pacientes em uso di\u00e1rio de col\u00e1geno por pelo menos 3 meses, mostram uma melhora estatisticamente significativa na espessura da derme, tornando a pele mais firme e el\u00e1stica.<\/p>\n<p>Al\u00e9m disso, o col\u00e1geno tamb\u00e9m auxilia no fortalecimento das articula\u00e7\u00f5es, unhas e cabelo.<\/p>\n<h2>Recomenda\u00e7\u00f5es no Uso do Col\u00e1geno<\/h2>\n<p>A recomenda\u00e7\u00e3o \u00e9 de 10 a 20 g de col\u00e1geno hidrolizado por dia.<\/p>\n<p>N\u00e3o existem contra-indica\u00e7\u00f5es nem efeitos colaterais associados.<\/p>\n<p>Apesar dos resultados positivos observados nos estudos cient\u00edficos, apenas a suplementa\u00e7\u00e3o oral nem sempre \u00e9 suficiente.<\/p>\n<h2>Associa\u00e7\u00e3o do consumo de col\u00e1geno com outras t\u00e9cnicas<\/h2>\n<p>Para resultados mais satisfat\u00f3rios, costumamos associar outras ferramentas, tais como: laser, ultrassom micro focado e outras tecnologias.<\/p>\n<p>A aplica\u00e7\u00e3o de bioestimuladores injet\u00e1veis, como o \u00e1cido poli-latico e a hidroxiapatita de c\u00e1lcio, tamb\u00e9m servem como est\u00edmulo \u00e0 produ\u00e7\u00e3o de col\u00e1geno pelo pr\u00f3prio organismo.<br \/>\nIndicamos esses procedimentos a partir dos 30 anos de idade, pensando na a\u00e7\u00e3o preventiva e nos benef\u00edcios a longo prazo.<\/p>\n","protected":false},"excerpt":{"rendered":"<p><small> 1 minuto<\/small> A resposta \u00e9 SIM! O col\u00e1geno \u00e9 a prote\u00edna mais abundante no nosso organismo e ele tem a fun\u00e7\u00e3o de dar sustenta\u00e7\u00e3o \u00e0s c\u00e9lulas, mantendo-as unidas. Na pele, o col\u00e1geno \u00e9 respons\u00e1vel pela firmeza, resist\u00eancia e elasticidade. O processo de envelhecimento O envelhecimento \u00e9 um processo progressivo e degenerativo. A partir dos 25 anos, a produ\u00e7\u00e3o do col\u00e1geno come\u00e7a a diminuir. Estima-se uma perda de 1 a 2% das fibras col\u00e1genas por ano. Na menopausa, essa degrada\u00e7\u00e3o \u00e9 ainda maior e chega <a href=\"https:\/\/www.dravivianloureiro.com.br\/blog\/tomar-colageno-ajuda\/\" class=\"more-link\"><span>Continue lendo<\/span>\u2192<\/a><\/p>\n","protected":false},"author":1,"featured_media":147,"comment_status":"open","ping_status":"open","sticky":false,"template":"","format":"standard","meta":[],"categories":[7],"tags":[249,246,247,248,252,116,244,243,245,250,251],"yoast_head":"<!-- This site is optimized with the Yoast SEO plugin v20.6 - https:\/\/yoast.com\/wordpress\/plugins\/seo\/ -->\n<title>Tomar Ingerir Col\u00e1geno Ajuda no Rejuvenescimento? Vivian Responde!<\/title>\n<meta name=\"description\" content=\"Dra. Vivian Loureiro, Dermatologista Especialista em Rejuvenescimento Explica Como a Ingest\u00e3o de Col\u00e1geno Ajuda Retardar o Envelhecimento.\" \/>\n<meta name=\"robots\" content=\"index, follow, max-snippet:-1, max-image-preview:large, max-video-preview:-1\" \/>\n<link rel=\"canonical\" href=\"https:\/\/www.dravivianloureiro.com.br\/blog\/tomar-colageno-ajuda\/\" \/>\n<meta property=\"og:locale\" content=\"pt_BR\" \/>\n<meta property=\"og:type\" content=\"article\" \/>\n<meta property=\"og:title\" content=\"Tomar Ingerir Col\u00e1geno Ajuda no Rejuvenescimento? Vivian Responde!\" \/>\n<meta property=\"og:description\" content=\"Dra. Vivian Loureiro, Dermatologista Especialista em Rejuvenescimento Explica Como a Ingest\u00e3o de Col\u00e1geno Ajuda Retardar o Envelhecimento.\" \/>\n<meta property=\"og:url\" content=\"https:\/\/www.dravivianloureiro.com.br\/blog\/tomar-colageno-ajuda\/\" \/>\n<meta property=\"og:site_name\" content=\"Dra. Vivian Loureiro\" \/>\n<meta property=\"article:publisher\" content=\"https:\/\/pt-br.facebook.com\/vivianloureirodermatologia\/\" \/>\n<meta property=\"article:author\" content=\"https:\/\/pt-br.facebook.com\/vivianloureirodermatologia\/\" \/>\n<meta property=\"article:published_time\" content=\"2019-08-15T19:06:07+00:00\" \/>\n<meta property=\"article:modified_time\" content=\"2021-02-20T19:11:30+00:00\" \/>\n<meta property=\"og:image\" content=\"https:\/\/www.dravivianloureiro.com.br\/blog\/wp-content\/uploads\/2019\/08\/shutterstock_581710294.jpg\" \/>\n\t<meta property=\"og:image:width\" content=\"500\" \/>\n\t<meta property=\"og:image:height\" content=\"334\" \/>\n\t<meta property=\"og:image:type\" content=\"image\/jpeg\" \/>\n<meta name=\"author\" content=\"Vivian Loureiro\" \/>\n<meta name=\"twitter:card\" content=\"summary_large_image\" \/>\n<meta name=\"twitter:label1\" content=\"Escrito por\" \/>\n\t<meta name=\"twitter:data1\" content=\"Vivian Loureiro\" \/>\n\t<meta name=\"twitter:label2\" content=\"Est. tempo de leitura\" \/>\n\t<meta name=\"twitter:data2\" content=\"2 minutos\" \/>\n<script type=\"application\/ld+json\" class=\"yoast-schema-graph\">{\"@context\":\"https:\/\/schema.org\",\"@graph\":[{\"@type\":\"Article\",\"@id\":\"https:\/\/www.dravivianloureiro.com.br\/blog\/tomar-colageno-ajuda\/#article\",\"isPartOf\":{\"@id\":\"https:\/\/www.dravivianloureiro.com.br\/blog\/tomar-colageno-ajuda\/\"},\"author\":{\"name\":\"Vivian Loureiro\",\"@id\":\"https:\/\/www.dravivianloureiro.com.br\/blog\/#\/schema\/person\/f6272c0e48dae4364ef626c598c5cb84\"},\"headline\":\"Tomar \/ Ingerir Col\u00e1geno Ajuda no Rejuvenescimento?\",\"datePublished\":\"2019-08-15T19:06:07+00:00\",\"dateModified\":\"2021-02-20T19:11:30+00:00\",\"mainEntityOfPage\":{\"@id\":\"https:\/\/www.dravivianloureiro.com.br\/blog\/tomar-colageno-ajuda\/\"},\"wordCount\":362,\"commentCount\":0,\"publisher\":{\"@id\":\"https:\/\/www.dravivianloureiro.com.br\/blog\/#organization\"},\"keywords\":[\"col\u00e1geno de tomar\",\"col\u00e1geno e rejuvenescimento\",\"col\u00e1geno para pele\",\"dermatologista especialista em col\u00e1geno\",\"dermatologista vivian loureiro\",\"dra vivian loureiro\",\"ingerir col\u00e1geno\",\"tomar col\u00e1geno\",\"tomar col\u00e1geno ajuda\",\"tomar col\u00e1geno \u00e9 bom para pele\",\"tratamento de pele com col\u00e1geno\"],\"articleSection\":[\"Dicas e Cuidados\"],\"inLanguage\":\"pt-BR\",\"potentialAction\":[{\"@type\":\"CommentAction\",\"name\":\"Comment\",\"target\":[\"https:\/\/www.dravivianloureiro.com.br\/blog\/tomar-colageno-ajuda\/#respond\"]}]},{\"@type\":\"WebPage\",\"@id\":\"https:\/\/www.dravivianloureiro.com.br\/blog\/tomar-colageno-ajuda\/\",\"url\":\"https:\/\/www.dravivianloureiro.com.br\/blog\/tomar-colageno-ajuda\/\",\"name\":\"Tomar Ingerir Col\u00e1geno Ajuda no Rejuvenescimento? Vivian Responde!\",\"isPartOf\":{\"@id\":\"https:\/\/www.dravivianloureiro.com.br\/blog\/#website\"},\"datePublished\":\"2019-08-15T19:06:07+00:00\",\"dateModified\":\"2021-02-20T19:11:30+00:00\",\"description\":\"Dra. Vivian Loureiro, Dermatologista Especialista em Rejuvenescimento Explica Como a Ingest\u00e3o de Col\u00e1geno Ajuda Retardar o Envelhecimento.\",\"breadcrumb\":{\"@id\":\"https:\/\/www.dravivianloureiro.com.br\/blog\/tomar-colageno-ajuda\/#breadcrumb\"},\"inLanguage\":\"pt-BR\",\"potentialAction\":[{\"@type\":\"ReadAction\",\"target\":[\"https:\/\/www.dravivianloureiro.com.br\/blog\/tomar-colageno-ajuda\/\"]}]},{\"@type\":\"BreadcrumbList\",\"@id\":\"https:\/\/www.dravivianloureiro.com.br\/blog\/tomar-colageno-ajuda\/#breadcrumb\",\"itemListElement\":[{\"@type\":\"ListItem\",\"position\":1,\"name\":\"In\u00edcio\",\"item\":\"https:\/\/www.dravivianloureiro.com.br\/blog\/\"},{\"@type\":\"ListItem\",\"position\":2,\"name\":\"Tomar \/ Ingerir Col\u00e1geno Ajuda no Rejuvenescimento?\"}]},{\"@type\":\"WebSite\",\"@id\":\"https:\/\/www.dravivianloureiro.com.br\/blog\/#website\",\"url\":\"https:\/\/www.dravivianloureiro.com.br\/blog\/\",\"name\":\"Dermatologista Vivian Loureiro\",\"description\":\"\",\"publisher\":{\"@id\":\"https:\/\/www.dravivianloureiro.com.br\/blog\/#organization\"},\"potentialAction\":[{\"@type\":\"SearchAction\",\"target\":{\"@type\":\"EntryPoint\",\"urlTemplate\":\"https:\/\/www.dravivianloureiro.com.br\/blog\/?s={search_term_string}\"},\"query-input\":\"required name=search_term_string\"}],\"inLanguage\":\"pt-BR\"},{\"@type\":\"Organization\",\"@id\":\"https:\/\/www.dravivianloureiro.com.br\/blog\/#organization\",\"name\":\"Dra. Vivian Loureiro - Dermatologista Em S\u00e3o Paulo\",\"url\":\"https:\/\/www.dravivianloureiro.com.br\/blog\/\",\"logo\":{\"@type\":\"ImageObject\",\"inLanguage\":\"pt-BR\",\"@id\":\"https:\/\/www.dravivianloureiro.com.br\/blog\/#\/schema\/logo\/image\/\",\"url\":\"https:\/\/www.dravivianloureiro.com.br\/blog\/wp-content\/uploads\/2018\/08\/favicon.jpg\",\"contentUrl\":\"https:\/\/www.dravivianloureiro.com.br\/blog\/wp-content\/uploads\/2018\/08\/favicon.jpg\",\"width\":112,\"height\":112,\"caption\":\"Dra. Vivian Loureiro - Dermatologista Em S\u00e3o Paulo\"},\"image\":{\"@id\":\"https:\/\/www.dravivianloureiro.com.br\/blog\/#\/schema\/logo\/image\/\"},\"sameAs\":[\"https:\/\/pt-br.facebook.com\/vivianloureirodermatologia\/\",\"https:\/\/www.instagram.com\/vivianloureirodermatologia\/\",\"https:\/\/www.linkedin.com\/in\/vivian-barzi-loureiro-a6412887\/\"]},{\"@type\":\"Person\",\"@id\":\"https:\/\/www.dravivianloureiro.com.br\/blog\/#\/schema\/person\/f6272c0e48dae4364ef626c598c5cb84\",\"name\":\"Vivian Loureiro\",\"image\":{\"@type\":\"ImageObject\",\"inLanguage\":\"pt-BR\",\"@id\":\"https:\/\/www.dravivianloureiro.com.br\/blog\/#\/schema\/person\/image\/\",\"url\":\"https:\/\/secure.gravatar.com\/avatar\/8ee2b0fae98657240c77e822ae139ad3?s=96&d=wp_user_avatar&r=g\",\"contentUrl\":\"https:\/\/secure.gravatar.com\/avatar\/8ee2b0fae98657240c77e822ae139ad3?s=96&d=wp_user_avatar&r=g\",\"caption\":\"Vivian Loureiro\"},\"description\":\"M\u00e9dica formada pela Universidade de S\u00e3o Paulo (USP). Realizou resid\u00eancia m\u00e9dica em Dermatologia e complementa\u00e7\u00e3o em Cosmiatria e Laser pelo departamento de Dermatologia do Hospital das Cl\u00ednicas da Faculdade de Medicina da Universidade de S\u00e3o Paulo (USP). Possui t\u00edtulo de especialista em Dermatologia. \u00c9 membro da Sociedade Brasileira de Dermatologia (SBD) e Sociedade Brasileira de Cirurgia Dermatol\u00f3gica (SBCD) e m\u00e9dica do grupo Fleury. Atua nas \u00e1reas de Dermatologia Cl\u00ednica, Cir\u00fargica, Pedi\u00e1trica e Est\u00e9tica. Frequenta e palestra nos principais cursos e congressos de dermatologia, nacionais e internacionais, a fim de se manter em constante atualiza\u00e7\u00e3o.\",\"sameAs\":[\"https:\/\/www.dravivianloureiro.com.br\/\",\"https:\/\/pt-br.facebook.com\/vivianloureirodermatologia\/\",\"https:\/\/www.instagram.com\/vivianloureirodermatologia\/\",\"https:\/\/www.linkedin.com\/in\/vivian-barzi-loureiro-a6412887\/\"]}]}<\/script>\n<!-- \/ Yoast SEO plugin. -->","yoast_head_json":{"title":"Tomar Ingerir Col\u00e1geno Ajuda no Rejuvenescimento? Vivian Responde!","description":"Dra. Vivian Loureiro, Dermatologista Especialista em Rejuvenescimento Explica Como a Ingest\u00e3o de Col\u00e1geno Ajuda Retardar o Envelhecimento.","robots":{"index":"index","follow":"follow","max-snippet":"max-snippet:-1","max-image-preview":"max-image-preview:large","max-video-preview":"max-video-preview:-1"},"canonical":"https:\/\/www.dravivianloureiro.com.br\/blog\/tomar-colageno-ajuda\/","og_locale":"pt_BR","og_type":"article","og_title":"Tomar Ingerir Col\u00e1geno Ajuda no Rejuvenescimento? Vivian Responde!","og_description":"Dra. Vivian Loureiro, Dermatologista Especialista em Rejuvenescimento Explica Como a Ingest\u00e3o de Col\u00e1geno Ajuda Retardar o Envelhecimento.","og_url":"https:\/\/www.dravivianloureiro.com.br\/blog\/tomar-colageno-ajuda\/","og_site_name":"Dra. Vivian Loureiro","article_publisher":"https:\/\/pt-br.facebook.com\/vivianloureirodermatologia\/","article_author":"https:\/\/pt-br.facebook.com\/vivianloureirodermatologia\/","article_published_time":"2019-08-15T19:06:07+00:00","article_modified_time":"2021-02-20T19:11:30+00:00","og_image":[{"width":500,"height":334,"url":"https:\/\/www.dravivianloureiro.com.br\/blog\/wp-content\/uploads\/2019\/08\/shutterstock_581710294.jpg","type":"image\/jpeg"}],"author":"Vivian Loureiro","twitter_card":"summary_large_image","twitter_misc":{"Escrito por":"Vivian Loureiro","Est. tempo de leitura":"2 minutos"},"schema":{"@context":"https:\/\/schema.org","@graph":[{"@type":"Article","@id":"https:\/\/www.dravivianloureiro.com.br\/blog\/tomar-colageno-ajuda\/#article","isPartOf":{"@id":"https:\/\/www.dravivianloureiro.com.br\/blog\/tomar-colageno-ajuda\/"},"author":{"name":"Vivian Loureiro","@id":"https:\/\/www.dravivianloureiro.com.br\/blog\/#\/schema\/person\/f6272c0e48dae4364ef626c598c5cb84"},"headline":"Tomar \/ Ingerir Col\u00e1geno Ajuda no Rejuvenescimento?","datePublished":"2019-08-15T19:06:07+00:00","dateModified":"2021-02-20T19:11:30+00:00","mainEntityOfPage":{"@id":"https:\/\/www.dravivianloureiro.com.br\/blog\/tomar-colageno-ajuda\/"},"wordCount":362,"commentCount":0,"publisher":{"@id":"https:\/\/www.dravivianloureiro.com.br\/blog\/#organization"},"keywords":["col\u00e1geno de tomar","col\u00e1geno e rejuvenescimento","col\u00e1geno para pele","dermatologista especialista em col\u00e1geno","dermatologista vivian loureiro","dra vivian loureiro","ingerir col\u00e1geno","tomar col\u00e1geno","tomar col\u00e1geno ajuda","tomar col\u00e1geno \u00e9 bom para pele","tratamento de pele com col\u00e1geno"],"articleSection":["Dicas e Cuidados"],"inLanguage":"pt-BR","potentialAction":[{"@type":"CommentAction","name":"Comment","target":["https:\/\/www.dravivianloureiro.com.br\/blog\/tomar-colageno-ajuda\/#respond"]}]},{"@type":"WebPage","@id":"https:\/\/www.dravivianloureiro.com.br\/blog\/tomar-colageno-ajuda\/","url":"https:\/\/www.dravivianloureiro.com.br\/blog\/tomar-colageno-ajuda\/","name":"Tomar Ingerir Col\u00e1geno Ajuda no Rejuvenescimento? Vivian Responde!","isPartOf":{"@id":"https:\/\/www.dravivianloureiro.com.br\/blog\/#website"},"datePublished":"2019-08-15T19:06:07+00:00","dateModified":"2021-02-20T19:11:30+00:00","description":"Dra. Vivian Loureiro, Dermatologista Especialista em Rejuvenescimento Explica Como a Ingest\u00e3o de Col\u00e1geno Ajuda Retardar o Envelhecimento.","breadcrumb":{"@id":"https:\/\/www.dravivianloureiro.com.br\/blog\/tomar-colageno-ajuda\/#breadcrumb"},"inLanguage":"pt-BR","potentialAction":[{"@type":"ReadAction","target":["https:\/\/www.dravivianloureiro.com.br\/blog\/tomar-colageno-ajuda\/"]}]},{"@type":"BreadcrumbList","@id":"https:\/\/www.dravivianloureiro.com.br\/blog\/tomar-colageno-ajuda\/#breadcrumb","itemListElement":[{"@type":"ListItem","position":1,"name":"In\u00edcio","item":"https:\/\/www.dravivianloureiro.com.br\/blog\/"},{"@type":"ListItem","position":2,"name":"Tomar \/ Ingerir Col\u00e1geno Ajuda no Rejuvenescimento?"}]},{"@type":"WebSite","@id":"https:\/\/www.dravivianloureiro.com.br\/blog\/#website","url":"https:\/\/www.dravivianloureiro.com.br\/blog\/","name":"Dermatologista Vivian Loureiro","description":"","publisher":{"@id":"https:\/\/www.dravivianloureiro.com.br\/blog\/#organization"},"potentialAction":[{"@type":"SearchAction","target":{"@type":"EntryPoint","urlTemplate":"https:\/\/www.dravivianloureiro.com.br\/blog\/?s={search_term_string}"},"query-input":"required name=search_term_string"}],"inLanguage":"pt-BR"},{"@type":"Organization","@id":"https:\/\/www.dravivianloureiro.com.br\/blog\/#organization","name":"Dra. Vivian Loureiro - Dermatologista Em S\u00e3o Paulo","url":"https:\/\/www.dravivianloureiro.com.br\/blog\/","logo":{"@type":"ImageObject","inLanguage":"pt-BR","@id":"https:\/\/www.dravivianloureiro.com.br\/blog\/#\/schema\/logo\/image\/","url":"https:\/\/www.dravivianloureiro.com.br\/blog\/wp-content\/uploads\/2018\/08\/favicon.jpg","contentUrl":"https:\/\/www.dravivianloureiro.com.br\/blog\/wp-content\/uploads\/2018\/08\/favicon.jpg","width":112,"height":112,"caption":"Dra. Vivian Loureiro - Dermatologista Em S\u00e3o Paulo"},"image":{"@id":"https:\/\/www.dravivianloureiro.com.br\/blog\/#\/schema\/logo\/image\/"},"sameAs":["https:\/\/pt-br.facebook.com\/vivianloureirodermatologia\/","https:\/\/www.instagram.com\/vivianloureirodermatologia\/","https:\/\/www.linkedin.com\/in\/vivian-barzi-loureiro-a6412887\/"]},{"@type":"Person","@id":"https:\/\/www.dravivianloureiro.com.br\/blog\/#\/schema\/person\/f6272c0e48dae4364ef626c598c5cb84","name":"Vivian Loureiro","image":{"@type":"ImageObject","inLanguage":"pt-BR","@id":"https:\/\/www.dravivianloureiro.com.br\/blog\/#\/schema\/person\/image\/","url":"https:\/\/secure.gravatar.com\/avatar\/8ee2b0fae98657240c77e822ae139ad3?s=96&d=wp_user_avatar&r=g","contentUrl":"https:\/\/secure.gravatar.com\/avatar\/8ee2b0fae98657240c77e822ae139ad3?s=96&d=wp_user_avatar&r=g","caption":"Vivian Loureiro"},"description":"M\u00e9dica formada pela Universidade de S\u00e3o Paulo (USP). Realizou resid\u00eancia m\u00e9dica em Dermatologia e complementa\u00e7\u00e3o em Cosmiatria e Laser pelo departamento de Dermatologia do Hospital das Cl\u00ednicas da Faculdade de Medicina da Universidade de S\u00e3o Paulo (USP). Possui t\u00edtulo de especialista em Dermatologia. \u00c9 membro da Sociedade Brasileira de Dermatologia (SBD) e Sociedade Brasileira de Cirurgia Dermatol\u00f3gica (SBCD) e m\u00e9dica do grupo Fleury. Atua nas \u00e1reas de Dermatologia Cl\u00ednica, Cir\u00fargica, Pedi\u00e1trica e Est\u00e9tica. Frequenta e palestra nos principais cursos e congressos de dermatologia, nacionais e internacionais, a fim de se manter em constante atualiza\u00e7\u00e3o.","sameAs":["https:\/\/www.dravivianloureiro.com.br\/","https:\/\/pt-br.facebook.com\/vivianloureirodermatologia\/","https:\/\/www.instagram.com\/vivianloureirodermatologia\/","https:\/\/www.linkedin.com\/in\/vivian-barzi-loureiro-a6412887\/"]}]}},"amp_enabled":true,"_links":{"self":[{"href":"https:\/\/www.dravivianloureiro.com.br\/blog\/wp-json\/wp\/v2\/posts\/145"}],"collection":[{"href":"https:\/\/www.dravivianloureiro.com.br\/blog\/wp-json\/wp\/v2\/posts"}],"about":[{"href":"https:\/\/www.dravivianloureiro.com.br\/blog\/wp-json\/wp\/v2\/types\/post"}],"author":[{"embeddable":true,"href":"https:\/\/www.dravivianloureiro.com.br\/blog\/wp-json\/wp\/v2\/users\/1"}],"replies":[{"embeddable":true,"href":"https:\/\/www.dravivianloureiro.com.br\/blog\/wp-json\/wp\/v2\/comments?post=145"}],"version-history":[{"count":0,"href":"https:\/\/www.dravivianloureiro.com.br\/blog\/wp-json\/wp\/v2\/posts\/145\/revisions"}],"wp:featuredmedia":[{"embeddable":true,"href":"https:\/\/www.dravivianloureiro.com.br\/blog\/wp-json\/wp\/v2\/media\/147"}],"wp:attachment":[{"href":"https:\/\/www.dravivianloureiro.com.br\/blog\/wp-json\/wp\/v2\/media?parent=145"}],"wp:term":[{"taxonomy":"category","embeddable":true,"href":"https:\/\/www.dravivianloureiro.com.br\/blog\/wp-json\/wp\/v2\/categories?post=145"},{"taxonomy":"post_tag","embeddable":true,"href":"https:\/\/www.dravivianloureiro.com.br\/blog\/wp-json\/wp\/v2\/tags?post=145"}],"curies":[{"name":"wp","href":"https:\/\/api.w.org\/{rel}","templated":true}]}}