{"id":136,"date":"2019-07-18T16:50:38","date_gmt":"2019-07-18T19:50:38","guid":{"rendered":"https:\/\/www.dravivianloureiro.com.br\/blog\/?p=136"},"modified":"2021-02-20T16:03:52","modified_gmt":"2021-02-20T19:03:52","slug":"cuidados-com-a-pele-durante-o-inverno","status":"publish","type":"post","link":"https:\/\/www.dravivianloureiro.com.br\/blog\/cuidados-com-a-pele-durante-o-inverno\/","title":{"rendered":"Como Cuidar da Pele no Inverno?"},"content":{"rendered":"<p class=\"estimated-read-time\">Tempo de leitura:<small> 2 minutos<\/small><\/p> <p>Demorou, mas o frio finalmente chegou pra valer&#8230;<\/p>\n<p>Durante o inverno, a pele costuma sofrer.<\/p>\n<p>As baixas temperaturas, os ventos fortes e o clima seco, devido \u00e0 baixa umidade do ar, deixam a pele, tanto do corpo como do rosto, mais ressecada. Al\u00e9m disso, nessa \u00e9poca do ano, os banhos costumam ficar mais demorados e mais quentes, o que tamb\u00e9m agrava o problema.<\/p>\n<h2>Pele Seca<\/h2>\n<p><strong>O ressecamento \u00e9 uma quest\u00e3o muito mais funcional do que est\u00e9tica.<\/strong><\/p>\n<p>Al\u00e9m do aspecto mais opaco, esbranqui\u00e7ado e craquelado, a pele seca fica mais sens\u00edvel e fragilizada. Isso ocorre porque a hidrata\u00e7\u00e3o \u00e9 fundamental para que ela consiga exercer, de forma adequada, a sua fun\u00e7\u00e3o de barreira e de prote\u00e7\u00e3o do organismo.<\/p>\n<p>Desse modo, a pele n\u00e3o hidratada pode co\u00e7ar e fica mais vulner\u00e1vel a alergias, inflama\u00e7\u00f5es e infec\u00e7\u00f5es.<\/p>\n<h2>Bons H\u00e1bitos Para Cuidar da Pele no Inverno<\/h2>\n<p>Para evitar esses problemas, existem medidas que ajudam a deixar a pele mais bonita e saud\u00e1vel.<\/p>\n<figure id=\"attachment_138\" aria-describedby=\"caption-attachment-138\" style=\"width: 600px\" class=\"wp-caption aligncenter\"><img loading=\"lazy\" class=\"wp-image-138\" src=\"https:\/\/www.dravivianloureiro.com.br\/blog\/wp-content\/uploads\/2019\/07\/cuidados-para-inverno.jpg\" alt=\"Cuidados para a pele durante o frio do inverno.\" width=\"600\" height=\"400\" srcset=\"https:\/\/www.dravivianloureiro.com.br\/blog\/wp-content\/uploads\/2019\/07\/cuidados-para-inverno.jpg 1000w, https:\/\/www.dravivianloureiro.com.br\/blog\/wp-content\/uploads\/2019\/07\/cuidados-para-inverno-370x247.jpg 370w, https:\/\/www.dravivianloureiro.com.br\/blog\/wp-content\/uploads\/2019\/07\/cuidados-para-inverno-768x512.jpg 768w\" sizes=\"(max-width: 600px) 100vw, 600px\" \/><figcaption id=\"caption-attachment-138\" class=\"wp-caption-text\">Cuidados para a pele durante o frio do inverno.<\/figcaption><\/figure>\n<ol>\n<li>Lembre-se de beber \u00e1gua (pelo menos 2 litros por dia). Durante o inverno, transpiramos menos e, por isso, sentimos menos sede.<\/li>\n<li>Tente tomar banhos r\u00e1pidos e com \u00e1gua n\u00e3o muito quente. Al\u00e9m disso, um banho ao dia \u00e9 suficiente para a higiene do corpo.<\/li>\n<li>N\u00e3o utilize buchas ou esponjas. Elas n\u00e3o s\u00e3o necess\u00e1rias para a limpeza e acabam machucando a pele e retirando a camada de prote\u00e7\u00e3o.<\/li>\n<li>Use sabonete, de prefer\u00eancia neutro, com modera\u00e7\u00e3o. Ele \u00e9 importante apenas nas \u00e1reas ricas em gl\u00e2ndulas, ou seja, nas \u00e1reas com cheiro, como axilas, p\u00e9s e regi\u00e3o genital. O uso excessivo de sabonete piora o ressecamento.<\/li>\n<li>Beb\u00eas devem ser bem enxaguados ap\u00f3s o banho na banheira, com o objetivo de retirar res\u00edduos de sabonete e shampoo que permanecem na pele.<\/li>\n<li>Existem alternativas interessantes, para serem usadas durante o banho, que substituem o sabonete tradicional. Esses produtos higienizam sem ressecar.<\/li>\n<li>Use hidratante diariamente, de prefer\u00eancia ap\u00f3s o banho, quando a permeabilidade da pele \u00e9 maior. Ele ajuda a restabelecer a hidrata\u00e7\u00e3o da pele e recuperar a barreira cut\u00e2nea. Existem muitas op\u00e7\u00f5es no mercado. O seu m\u00e9dico dermatologista pode te ajudar na escolha dos produtos mais adequados para o seu tipo de pele.<\/li>\n<li>Rosto e l\u00e1bios tamb\u00e9m precisam de hidrata\u00e7\u00e3o.<\/li>\n<li>N\u00e3o se esque\u00e7a de manter o uso do protetor solar. Mesmo no inverno, os raios solares est\u00e3o presentes e s\u00e3o nocivos \u00e0 pele.<\/li>\n<\/ol>\n<p>Com esses cuidados, a sua pele estar\u00e1 bonita, saud\u00e1vel e bem protegida durante todas as esta\u00e7\u00f5es do ano. Pessoas com doen\u00e7as dermatol\u00f3gicas cr\u00f4nicas, como a <strong><a href=\"https:\/\/www.dravivianloureiro.com.br\/tratamento-para-dermatite.php\">Dermatite At\u00f3pica<\/a><\/strong> e <a href=\"https:\/\/www.dravivianloureiro.com.br\/tratamento-para-psoriase.php\"><strong>Psor\u00edase<\/strong><\/a>, devem ter aten\u00e7\u00e3o redobrada, pois as crises costumam ser piores no frio.<\/p>\n","protected":false},"excerpt":{"rendered":"<p><small> 2 minutos<\/small> Demorou, mas o frio finalmente chegou pra valer&#8230; Durante o inverno, a pele costuma sofrer. As baixas temperaturas, os ventos fortes e o clima seco, devido \u00e0 baixa umidade do ar, deixam a pele, tanto do corpo como do rosto, mais ressecada. Al\u00e9m disso, nessa \u00e9poca do ano, os banhos costumam ficar mais demorados e mais quentes, o que tamb\u00e9m agrava o problema. Pele Seca O ressecamento \u00e9 uma quest\u00e3o muito mais funcional do que est\u00e9tica. Al\u00e9m do aspecto mais opaco, esbranqui\u00e7ado <a href=\"https:\/\/www.dravivianloureiro.com.br\/blog\/cuidados-com-a-pele-durante-o-inverno\/\" class=\"more-link\"><span>Continue lendo<\/span>\u2192<\/a><\/p>\n","protected":false},"author":1,"featured_media":137,"comment_status":"open","ping_status":"open","sticky":false,"template":"","format":"standard","meta":[],"categories":[7],"tags":[239,233,241,237,240,116,242,235,238,234,236],"yoast_head":"<!-- This site is optimized with the Yoast SEO plugin v20.6 - https:\/\/yoast.com\/wordpress\/plugins\/seo\/ -->\n<title>Como Cuidar da Pele no Inverno? Dra Vivian Loureiro Traz Dicas<\/title>\n<meta name=\"description\" content=\"Entenda Quais S\u00e3o os Cuidados que Voc\u00ea Deve Ter com a Pele no Inverno. Cuidar da Pele no Inverno Consiste Apenas em Hidrata\u00e7\u00e3o? Confira Dicas\" \/>\n<meta name=\"robots\" content=\"index, follow, max-snippet:-1, max-image-preview:large, max-video-preview:-1\" \/>\n<link rel=\"canonical\" href=\"https:\/\/www.dravivianloureiro.com.br\/blog\/cuidados-com-a-pele-durante-o-inverno\/\" \/>\n<meta property=\"og:locale\" content=\"pt_BR\" \/>\n<meta property=\"og:type\" content=\"article\" \/>\n<meta property=\"og:title\" content=\"Como Cuidar da Pele no Inverno? Dra Vivian Loureiro Traz Dicas\" \/>\n<meta property=\"og:description\" content=\"Entenda Quais S\u00e3o os Cuidados que Voc\u00ea Deve Ter com a Pele no Inverno. Cuidar da Pele no Inverno Consiste Apenas em Hidrata\u00e7\u00e3o? Confira Dicas\" \/>\n<meta property=\"og:url\" content=\"https:\/\/www.dravivianloureiro.com.br\/blog\/cuidados-com-a-pele-durante-o-inverno\/\" \/>\n<meta property=\"og:site_name\" content=\"Dra. Vivian Loureiro\" \/>\n<meta property=\"article:publisher\" content=\"https:\/\/pt-br.facebook.com\/vivianloureirodermatologia\/\" \/>\n<meta property=\"article:author\" content=\"https:\/\/pt-br.facebook.com\/vivianloureirodermatologia\/\" \/>\n<meta property=\"article:published_time\" content=\"2019-07-18T19:50:38+00:00\" \/>\n<meta property=\"article:modified_time\" content=\"2021-02-20T19:03:52+00:00\" \/>\n<meta property=\"og:image\" content=\"https:\/\/www.dravivianloureiro.com.br\/blog\/wp-content\/uploads\/2019\/07\/inverno-cuidados.jpg\" \/>\n\t<meta property=\"og:image:width\" content=\"1000\" \/>\n\t<meta property=\"og:image:height\" content=\"667\" \/>\n\t<meta property=\"og:image:type\" content=\"image\/jpeg\" \/>\n<meta name=\"author\" content=\"Vivian Loureiro\" \/>\n<meta name=\"twitter:card\" content=\"summary_large_image\" \/>\n<meta name=\"twitter:label1\" content=\"Escrito por\" \/>\n\t<meta name=\"twitter:data1\" content=\"Vivian Loureiro\" \/>\n\t<meta name=\"twitter:label2\" content=\"Est. tempo de leitura\" \/>\n\t<meta name=\"twitter:data2\" content=\"3 minutos\" \/>\n<script type=\"application\/ld+json\" class=\"yoast-schema-graph\">{\"@context\":\"https:\/\/schema.org\",\"@graph\":[{\"@type\":\"Article\",\"@id\":\"https:\/\/www.dravivianloureiro.com.br\/blog\/cuidados-com-a-pele-durante-o-inverno\/#article\",\"isPartOf\":{\"@id\":\"https:\/\/www.dravivianloureiro.com.br\/blog\/cuidados-com-a-pele-durante-o-inverno\/\"},\"author\":{\"name\":\"Vivian Loureiro\",\"@id\":\"https:\/\/www.dravivianloureiro.com.br\/blog\/#\/schema\/person\/f6272c0e48dae4364ef626c598c5cb84\"},\"headline\":\"Como Cuidar da Pele no Inverno?\",\"datePublished\":\"2019-07-18T19:50:38+00:00\",\"dateModified\":\"2021-02-20T19:03:52+00:00\",\"mainEntityOfPage\":{\"@id\":\"https:\/\/www.dravivianloureiro.com.br\/blog\/cuidados-com-a-pele-durante-o-inverno\/\"},\"wordCount\":495,\"commentCount\":0,\"publisher\":{\"@id\":\"https:\/\/www.dravivianloureiro.com.br\/blog\/#organization\"},\"keywords\":[\"cabelos no inverno\",\"cuidados com a pele no inverno\",\"cuidar da pele no frio\",\"dermatologista especialista em pele ressecada\",\"dicas para pele no inverno\",\"dra vivian loureiro\",\"frio e pele\",\"hidrata\u00e7\u00e3o da pele no inverno\",\"pele no inverno\",\"pele seca no inverno\",\"skincare inverno\"],\"articleSection\":[\"Dicas e Cuidados\"],\"inLanguage\":\"pt-BR\",\"potentialAction\":[{\"@type\":\"CommentAction\",\"name\":\"Comment\",\"target\":[\"https:\/\/www.dravivianloureiro.com.br\/blog\/cuidados-com-a-pele-durante-o-inverno\/#respond\"]}]},{\"@type\":\"WebPage\",\"@id\":\"https:\/\/www.dravivianloureiro.com.br\/blog\/cuidados-com-a-pele-durante-o-inverno\/\",\"url\":\"https:\/\/www.dravivianloureiro.com.br\/blog\/cuidados-com-a-pele-durante-o-inverno\/\",\"name\":\"Como Cuidar da Pele no Inverno? Dra Vivian Loureiro Traz Dicas\",\"isPartOf\":{\"@id\":\"https:\/\/www.dravivianloureiro.com.br\/blog\/#website\"},\"datePublished\":\"2019-07-18T19:50:38+00:00\",\"dateModified\":\"2021-02-20T19:03:52+00:00\",\"description\":\"Entenda Quais S\u00e3o os Cuidados que Voc\u00ea Deve Ter com a Pele no Inverno. Cuidar da Pele no Inverno Consiste Apenas em Hidrata\u00e7\u00e3o? Confira Dicas\",\"breadcrumb\":{\"@id\":\"https:\/\/www.dravivianloureiro.com.br\/blog\/cuidados-com-a-pele-durante-o-inverno\/#breadcrumb\"},\"inLanguage\":\"pt-BR\",\"potentialAction\":[{\"@type\":\"ReadAction\",\"target\":[\"https:\/\/www.dravivianloureiro.com.br\/blog\/cuidados-com-a-pele-durante-o-inverno\/\"]}]},{\"@type\":\"BreadcrumbList\",\"@id\":\"https:\/\/www.dravivianloureiro.com.br\/blog\/cuidados-com-a-pele-durante-o-inverno\/#breadcrumb\",\"itemListElement\":[{\"@type\":\"ListItem\",\"position\":1,\"name\":\"In\u00edcio\",\"item\":\"https:\/\/www.dravivianloureiro.com.br\/blog\/\"},{\"@type\":\"ListItem\",\"position\":2,\"name\":\"Como Cuidar da Pele no Inverno?\"}]},{\"@type\":\"WebSite\",\"@id\":\"https:\/\/www.dravivianloureiro.com.br\/blog\/#website\",\"url\":\"https:\/\/www.dravivianloureiro.com.br\/blog\/\",\"name\":\"Dermatologista Vivian Loureiro\",\"description\":\"\",\"publisher\":{\"@id\":\"https:\/\/www.dravivianloureiro.com.br\/blog\/#organization\"},\"potentialAction\":[{\"@type\":\"SearchAction\",\"target\":{\"@type\":\"EntryPoint\",\"urlTemplate\":\"https:\/\/www.dravivianloureiro.com.br\/blog\/?s={search_term_string}\"},\"query-input\":\"required name=search_term_string\"}],\"inLanguage\":\"pt-BR\"},{\"@type\":\"Organization\",\"@id\":\"https:\/\/www.dravivianloureiro.com.br\/blog\/#organization\",\"name\":\"Dra. Vivian Loureiro - Dermatologista Em S\u00e3o Paulo\",\"url\":\"https:\/\/www.dravivianloureiro.com.br\/blog\/\",\"logo\":{\"@type\":\"ImageObject\",\"inLanguage\":\"pt-BR\",\"@id\":\"https:\/\/www.dravivianloureiro.com.br\/blog\/#\/schema\/logo\/image\/\",\"url\":\"https:\/\/www.dravivianloureiro.com.br\/blog\/wp-content\/uploads\/2018\/08\/favicon.jpg\",\"contentUrl\":\"https:\/\/www.dravivianloureiro.com.br\/blog\/wp-content\/uploads\/2018\/08\/favicon.jpg\",\"width\":112,\"height\":112,\"caption\":\"Dra. Vivian Loureiro - Dermatologista Em S\u00e3o Paulo\"},\"image\":{\"@id\":\"https:\/\/www.dravivianloureiro.com.br\/blog\/#\/schema\/logo\/image\/\"},\"sameAs\":[\"https:\/\/pt-br.facebook.com\/vivianloureirodermatologia\/\",\"https:\/\/www.instagram.com\/vivianloureirodermatologia\/\",\"https:\/\/www.linkedin.com\/in\/vivian-barzi-loureiro-a6412887\/\"]},{\"@type\":\"Person\",\"@id\":\"https:\/\/www.dravivianloureiro.com.br\/blog\/#\/schema\/person\/f6272c0e48dae4364ef626c598c5cb84\",\"name\":\"Vivian Loureiro\",\"image\":{\"@type\":\"ImageObject\",\"inLanguage\":\"pt-BR\",\"@id\":\"https:\/\/www.dravivianloureiro.com.br\/blog\/#\/schema\/person\/image\/\",\"url\":\"https:\/\/secure.gravatar.com\/avatar\/8ee2b0fae98657240c77e822ae139ad3?s=96&d=wp_user_avatar&r=g\",\"contentUrl\":\"https:\/\/secure.gravatar.com\/avatar\/8ee2b0fae98657240c77e822ae139ad3?s=96&d=wp_user_avatar&r=g\",\"caption\":\"Vivian Loureiro\"},\"description\":\"M\u00e9dica formada pela Universidade de S\u00e3o Paulo (USP). Realizou resid\u00eancia m\u00e9dica em Dermatologia e complementa\u00e7\u00e3o em Cosmiatria e Laser pelo departamento de Dermatologia do Hospital das Cl\u00ednicas da Faculdade de Medicina da Universidade de S\u00e3o Paulo (USP). Possui t\u00edtulo de especialista em Dermatologia. \u00c9 membro da Sociedade Brasileira de Dermatologia (SBD) e Sociedade Brasileira de Cirurgia Dermatol\u00f3gica (SBCD) e m\u00e9dica do grupo Fleury. Atua nas \u00e1reas de Dermatologia Cl\u00ednica, Cir\u00fargica, Pedi\u00e1trica e Est\u00e9tica. Frequenta e palestra nos principais cursos e congressos de dermatologia, nacionais e internacionais, a fim de se manter em constante atualiza\u00e7\u00e3o.\",\"sameAs\":[\"https:\/\/www.dravivianloureiro.com.br\/\",\"https:\/\/pt-br.facebook.com\/vivianloureirodermatologia\/\",\"https:\/\/www.instagram.com\/vivianloureirodermatologia\/\",\"https:\/\/www.linkedin.com\/in\/vivian-barzi-loureiro-a6412887\/\"]}]}<\/script>\n<!-- \/ Yoast SEO plugin. -->","yoast_head_json":{"title":"Como Cuidar da Pele no Inverno? Dra Vivian Loureiro Traz Dicas","description":"Entenda Quais S\u00e3o os Cuidados que Voc\u00ea Deve Ter com a Pele no Inverno. Cuidar da Pele no Inverno Consiste Apenas em Hidrata\u00e7\u00e3o? Confira Dicas","robots":{"index":"index","follow":"follow","max-snippet":"max-snippet:-1","max-image-preview":"max-image-preview:large","max-video-preview":"max-video-preview:-1"},"canonical":"https:\/\/www.dravivianloureiro.com.br\/blog\/cuidados-com-a-pele-durante-o-inverno\/","og_locale":"pt_BR","og_type":"article","og_title":"Como Cuidar da Pele no Inverno? Dra Vivian Loureiro Traz Dicas","og_description":"Entenda Quais S\u00e3o os Cuidados que Voc\u00ea Deve Ter com a Pele no Inverno. Cuidar da Pele no Inverno Consiste Apenas em Hidrata\u00e7\u00e3o? Confira Dicas","og_url":"https:\/\/www.dravivianloureiro.com.br\/blog\/cuidados-com-a-pele-durante-o-inverno\/","og_site_name":"Dra. Vivian Loureiro","article_publisher":"https:\/\/pt-br.facebook.com\/vivianloureirodermatologia\/","article_author":"https:\/\/pt-br.facebook.com\/vivianloureirodermatologia\/","article_published_time":"2019-07-18T19:50:38+00:00","article_modified_time":"2021-02-20T19:03:52+00:00","og_image":[{"width":1000,"height":667,"url":"https:\/\/www.dravivianloureiro.com.br\/blog\/wp-content\/uploads\/2019\/07\/inverno-cuidados.jpg","type":"image\/jpeg"}],"author":"Vivian Loureiro","twitter_card":"summary_large_image","twitter_misc":{"Escrito por":"Vivian Loureiro","Est. tempo de leitura":"3 minutos"},"schema":{"@context":"https:\/\/schema.org","@graph":[{"@type":"Article","@id":"https:\/\/www.dravivianloureiro.com.br\/blog\/cuidados-com-a-pele-durante-o-inverno\/#article","isPartOf":{"@id":"https:\/\/www.dravivianloureiro.com.br\/blog\/cuidados-com-a-pele-durante-o-inverno\/"},"author":{"name":"Vivian Loureiro","@id":"https:\/\/www.dravivianloureiro.com.br\/blog\/#\/schema\/person\/f6272c0e48dae4364ef626c598c5cb84"},"headline":"Como Cuidar da Pele no Inverno?","datePublished":"2019-07-18T19:50:38+00:00","dateModified":"2021-02-20T19:03:52+00:00","mainEntityOfPage":{"@id":"https:\/\/www.dravivianloureiro.com.br\/blog\/cuidados-com-a-pele-durante-o-inverno\/"},"wordCount":495,"commentCount":0,"publisher":{"@id":"https:\/\/www.dravivianloureiro.com.br\/blog\/#organization"},"keywords":["cabelos no inverno","cuidados com a pele no inverno","cuidar da pele no frio","dermatologista especialista em pele ressecada","dicas para pele no inverno","dra vivian loureiro","frio e pele","hidrata\u00e7\u00e3o da pele no inverno","pele no inverno","pele seca no inverno","skincare inverno"],"articleSection":["Dicas e Cuidados"],"inLanguage":"pt-BR","potentialAction":[{"@type":"CommentAction","name":"Comment","target":["https:\/\/www.dravivianloureiro.com.br\/blog\/cuidados-com-a-pele-durante-o-inverno\/#respond"]}]},{"@type":"WebPage","@id":"https:\/\/www.dravivianloureiro.com.br\/blog\/cuidados-com-a-pele-durante-o-inverno\/","url":"https:\/\/www.dravivianloureiro.com.br\/blog\/cuidados-com-a-pele-durante-o-inverno\/","name":"Como Cuidar da Pele no Inverno? Dra Vivian Loureiro Traz Dicas","isPartOf":{"@id":"https:\/\/www.dravivianloureiro.com.br\/blog\/#website"},"datePublished":"2019-07-18T19:50:38+00:00","dateModified":"2021-02-20T19:03:52+00:00","description":"Entenda Quais S\u00e3o os Cuidados que Voc\u00ea Deve Ter com a Pele no Inverno. Cuidar da Pele no Inverno Consiste Apenas em Hidrata\u00e7\u00e3o? Confira Dicas","breadcrumb":{"@id":"https:\/\/www.dravivianloureiro.com.br\/blog\/cuidados-com-a-pele-durante-o-inverno\/#breadcrumb"},"inLanguage":"pt-BR","potentialAction":[{"@type":"ReadAction","target":["https:\/\/www.dravivianloureiro.com.br\/blog\/cuidados-com-a-pele-durante-o-inverno\/"]}]},{"@type":"BreadcrumbList","@id":"https:\/\/www.dravivianloureiro.com.br\/blog\/cuidados-com-a-pele-durante-o-inverno\/#breadcrumb","itemListElement":[{"@type":"ListItem","position":1,"name":"In\u00edcio","item":"https:\/\/www.dravivianloureiro.com.br\/blog\/"},{"@type":"ListItem","position":2,"name":"Como Cuidar da Pele no Inverno?"}]},{"@type":"WebSite","@id":"https:\/\/www.dravivianloureiro.com.br\/blog\/#website","url":"https:\/\/www.dravivianloureiro.com.br\/blog\/","name":"Dermatologista Vivian Loureiro","description":"","publisher":{"@id":"https:\/\/www.dravivianloureiro.com.br\/blog\/#organization"},"potentialAction":[{"@type":"SearchAction","target":{"@type":"EntryPoint","urlTemplate":"https:\/\/www.dravivianloureiro.com.br\/blog\/?s={search_term_string}"},"query-input":"required name=search_term_string"}],"inLanguage":"pt-BR"},{"@type":"Organization","@id":"https:\/\/www.dravivianloureiro.com.br\/blog\/#organization","name":"Dra. Vivian Loureiro - Dermatologista Em S\u00e3o Paulo","url":"https:\/\/www.dravivianloureiro.com.br\/blog\/","logo":{"@type":"ImageObject","inLanguage":"pt-BR","@id":"https:\/\/www.dravivianloureiro.com.br\/blog\/#\/schema\/logo\/image\/","url":"https:\/\/www.dravivianloureiro.com.br\/blog\/wp-content\/uploads\/2018\/08\/favicon.jpg","contentUrl":"https:\/\/www.dravivianloureiro.com.br\/blog\/wp-content\/uploads\/2018\/08\/favicon.jpg","width":112,"height":112,"caption":"Dra. Vivian Loureiro - Dermatologista Em S\u00e3o Paulo"},"image":{"@id":"https:\/\/www.dravivianloureiro.com.br\/blog\/#\/schema\/logo\/image\/"},"sameAs":["https:\/\/pt-br.facebook.com\/vivianloureirodermatologia\/","https:\/\/www.instagram.com\/vivianloureirodermatologia\/","https:\/\/www.linkedin.com\/in\/vivian-barzi-loureiro-a6412887\/"]},{"@type":"Person","@id":"https:\/\/www.dravivianloureiro.com.br\/blog\/#\/schema\/person\/f6272c0e48dae4364ef626c598c5cb84","name":"Vivian Loureiro","image":{"@type":"ImageObject","inLanguage":"pt-BR","@id":"https:\/\/www.dravivianloureiro.com.br\/blog\/#\/schema\/person\/image\/","url":"https:\/\/secure.gravatar.com\/avatar\/8ee2b0fae98657240c77e822ae139ad3?s=96&d=wp_user_avatar&r=g","contentUrl":"https:\/\/secure.gravatar.com\/avatar\/8ee2b0fae98657240c77e822ae139ad3?s=96&d=wp_user_avatar&r=g","caption":"Vivian Loureiro"},"description":"M\u00e9dica formada pela Universidade de S\u00e3o Paulo (USP). Realizou resid\u00eancia m\u00e9dica em Dermatologia e complementa\u00e7\u00e3o em Cosmiatria e Laser pelo departamento de Dermatologia do Hospital das Cl\u00ednicas da Faculdade de Medicina da Universidade de S\u00e3o Paulo (USP). Possui t\u00edtulo de especialista em Dermatologia. \u00c9 membro da Sociedade Brasileira de Dermatologia (SBD) e Sociedade Brasileira de Cirurgia Dermatol\u00f3gica (SBCD) e m\u00e9dica do grupo Fleury. Atua nas \u00e1reas de Dermatologia Cl\u00ednica, Cir\u00fargica, Pedi\u00e1trica e Est\u00e9tica. Frequenta e palestra nos principais cursos e congressos de dermatologia, nacionais e internacionais, a fim de se manter em constante atualiza\u00e7\u00e3o.","sameAs":["https:\/\/www.dravivianloureiro.com.br\/","https:\/\/pt-br.facebook.com\/vivianloureirodermatologia\/","https:\/\/www.instagram.com\/vivianloureirodermatologia\/","https:\/\/www.linkedin.com\/in\/vivian-barzi-loureiro-a6412887\/"]}]}},"amp_enabled":true,"_links":{"self":[{"href":"https:\/\/www.dravivianloureiro.com.br\/blog\/wp-json\/wp\/v2\/posts\/136"}],"collection":[{"href":"https:\/\/www.dravivianloureiro.com.br\/blog\/wp-json\/wp\/v2\/posts"}],"about":[{"href":"https:\/\/www.dravivianloureiro.com.br\/blog\/wp-json\/wp\/v2\/types\/post"}],"author":[{"embeddable":true,"href":"https:\/\/www.dravivianloureiro.com.br\/blog\/wp-json\/wp\/v2\/users\/1"}],"replies":[{"embeddable":true,"href":"https:\/\/www.dravivianloureiro.com.br\/blog\/wp-json\/wp\/v2\/comments?post=136"}],"version-history":[{"count":0,"href":"https:\/\/www.dravivianloureiro.com.br\/blog\/wp-json\/wp\/v2\/posts\/136\/revisions"}],"wp:featuredmedia":[{"embeddable":true,"href":"https:\/\/www.dravivianloureiro.com.br\/blog\/wp-json\/wp\/v2\/media\/137"}],"wp:attachment":[{"href":"https:\/\/www.dravivianloureiro.com.br\/blog\/wp-json\/wp\/v2\/media?parent=136"}],"wp:term":[{"taxonomy":"category","embeddable":true,"href":"https:\/\/www.dravivianloureiro.com.br\/blog\/wp-json\/wp\/v2\/categories?post=136"},{"taxonomy":"post_tag","embeddable":true,"href":"https:\/\/www.dravivianloureiro.com.br\/blog\/wp-json\/wp\/v2\/tags?post=136"}],"curies":[{"name":"wp","href":"https:\/\/api.w.org\/{rel}","templated":true}]}}