{"id":132,"date":"2019-07-11T15:27:14","date_gmt":"2019-07-11T18:27:14","guid":{"rendered":"https:\/\/www.dravivianloureiro.com.br\/blog\/?p=132"},"modified":"2021-02-17T23:01:13","modified_gmt":"2021-02-18T02:01:13","slug":"protetor-solar-e-importante-usar-protetor-no-dia-a-dia","status":"publish","type":"post","link":"https:\/\/www.dravivianloureiro.com.br\/blog\/protetor-solar-e-importante-usar-protetor-no-dia-a-dia\/","title":{"rendered":"Protetor Solar: \u00c9 importante usar Filtro Solar no dia-a-dia?"},"content":{"rendered":"<p class=\"estimated-read-time\">Tempo de leitura:<small> 2 minutos<\/small><\/p> <p>Sim!<\/p>\n<p>Muita gente acha que o protetor solar s\u00f3 \u00e9 importante na praia, mas isso n\u00e3o \u00e9 verdade.<br \/>\nEstima-se que 70% do sol que uma pessoa pega na vida n\u00e3o \u00e9 em momentos de lazer, ou seja, \u00e9 no dia-a-dia, no tr\u00e2nsito, na caminhada r\u00e1pida at\u00e9 o trabalho, na sa\u00edda para o almo\u00e7o, no passeio com o cachorro, etc.<\/p>\n<p>Por esse motivo, \u00e9 <strong>fundamental aplicar o protetor solar pela manh\u00e3<\/strong>, diariamente!<\/p>\n<h2>Protetor Solar em dias nublados<\/h2>\n<p>Mesmo quando o dia est\u00e1 nublado, frio ou chovendo, os raios ultravioletas est\u00e3o presentes. Assim, devemos nos proteger fa\u00e7a chuva ou fa\u00e7a sol, em qualquer esta\u00e7\u00e3o do ano.<\/p>\n<h2>Prote\u00e7\u00e3o Solar na Preven\u00e7\u00e3o do C\u00e2ncer de Pele<\/h2>\n<p>O principal objetivo do uso regular do protetor solar \u00e9 a <a href=\"https:\/\/www.dravivianloureiro.com.br\/cancer-de-pele.php\"><strong>preven\u00e7\u00e3o do c\u00e2ncer de pele<\/strong><\/a>, que \u00e9 o tumor mais freq\u00fcente no mundo. No entanto, os benef\u00edcios n\u00e3o param por a\u00ed&#8230;<\/p>\n<h2>Prote\u00e7\u00e3o Solar no Combate ao Envelhecimento<\/h2>\n<p>Parte do envelhecimento da pele ocorre pelos fatores ambientais (envelhecimento extr\u00ednseco), sendo que o sol \u00e9 o pior deles. O envelhecimento intr\u00ednseco depende do passar do tempo e da gen\u00e9tica de cada indiv\u00edduo e, nesses fatores, n\u00e3o conseguimos interferir muito.<\/p>\n<p>No entanto, adotando h\u00e1bitos de vida saud\u00e1veis, conseguimos minimizar o envelhecimento extr\u00ednseco, sendo a fotoprote\u00e7\u00e3o important\u00edssima para isso.<\/p>\n<figure id=\"attachment_134\" aria-describedby=\"caption-attachment-134\" style=\"width: 600px\" class=\"wp-caption aligncenter\"><img loading=\"lazy\" class=\"wp-image-134\" src=\"https:\/\/www.dravivianloureiro.com.br\/blog\/wp-content\/uploads\/2019\/07\/por-que-usar-protetor-solar-370x217.jpg\" alt=\"Devo usar protetor solar todos os dias? | Dra. Vivian Loureiro\" width=\"600\" height=\"352\" srcset=\"https:\/\/www.dravivianloureiro.com.br\/blog\/wp-content\/uploads\/2019\/07\/por-que-usar-protetor-solar-370x217.jpg 370w, https:\/\/www.dravivianloureiro.com.br\/blog\/wp-content\/uploads\/2019\/07\/por-que-usar-protetor-solar-768x450.jpg 768w, https:\/\/www.dravivianloureiro.com.br\/blog\/wp-content\/uploads\/2019\/07\/por-que-usar-protetor-solar.jpg 1000w\" sizes=\"(max-width: 600px) 100vw, 600px\" \/><figcaption id=\"caption-attachment-134\" class=\"wp-caption-text\">Devo usar protetor solar todos os dias? | Dra. Vivian Loureiro<\/figcaption><\/figure>\n<h2>Protetor Solar e Tipos de Pele<\/h2>\n<p>Atualmente existem in\u00fameras op\u00e7\u00f5es de produtos, para os diferentes tipos de pele, com cosm\u00e9tica bastante agrad\u00e1vel.H\u00e1, inclusive, protetores com cor, que tamb\u00e9m funcionam como base (maquiagem) e ajudam a deixar a pele mais uniforme, disfar\u00e7ando manchas e outras marcas.<\/p>\n<p>Alguns protetores cont\u00eam, em sua formula\u00e7\u00e3o, princ\u00edpios ativos espec\u00edficos. Dessa forma, al\u00e9m de protegerem do sol, esses produtos podem tamb\u00e9m ter outros benef\u00edcios como a\u00e7\u00e3o antioxidante, anti-idade, hidratante, clareadora e at\u00e9 seborreguladora. Essas op\u00e7\u00f5es multifuncionais s\u00e3o \u00f3timas para quem tem pregui\u00e7a de aplicar v\u00e1rios produtos diferentes na rotina di\u00e1ria.<\/p>\n<h2>Fator de Prote\u00e7\u00e3o e Frequ\u00eancia de Aplica\u00e7\u00e3o do Protetor Solar<\/h2>\n<p><strong>Recomendamos FPS (fator de prote\u00e7\u00e3o solar) m\u00ednimo de 30. <\/strong><\/p>\n<p>Em situa\u00e7\u00f5es de exposi\u00e7\u00e3o solar intensa (praia ou atividades ao ar livre) \u00e9 importante lembrar de reaplicar o protetor solar de 2 em 2 horas e ap\u00f3s entrar no mar, piscina, ducha. Al\u00e9m disso, medidas como chap\u00e9u, viseira, \u00f3culos de sol, roupas com prote\u00e7\u00e3o UV e sombra complementam a prote\u00e7\u00e3o.<\/p>\n","protected":false},"excerpt":{"rendered":"<p><small> 2 minutos<\/small> Sim! Muita gente acha que o protetor solar s\u00f3 \u00e9 importante na praia, mas isso n\u00e3o \u00e9 verdade. Estima-se que 70% do sol que uma pessoa pega na vida n\u00e3o \u00e9 em momentos de lazer, ou seja, \u00e9 no dia-a-dia, no tr\u00e2nsito, na caminhada r\u00e1pida at\u00e9 o trabalho, na sa\u00edda para o almo\u00e7o, no passeio com o cachorro, etc. Por esse motivo, \u00e9 fundamental aplicar o protetor solar pela manh\u00e3, diariamente! Protetor Solar em dias nublados Mesmo quando o dia est\u00e1 nublado, <a href=\"https:\/\/www.dravivianloureiro.com.br\/blog\/protetor-solar-e-importante-usar-protetor-no-dia-a-dia\/\" class=\"more-link\"><span>Continue lendo<\/span>\u2192<\/a><\/p>\n","protected":false},"author":1,"featured_media":133,"comment_status":"open","ping_status":"open","sticky":false,"template":"","format":"standard","meta":[],"categories":[7],"tags":[226,223,227,205,232,206,229,230,208,225,228,231,224],"yoast_head":"<!-- This site is optimized with the Yoast SEO plugin v20.6 - https:\/\/yoast.com\/wordpress\/plugins\/seo\/ -->\n<title>\u00c9 Importante Usar Protetor Solar no Dia-a-dia? Dra. Vivian Responde: Sim<\/title>\n<meta name=\"description\" content=\"Entenda Como o Uso Di\u00e1rio do Protetor Solar Pode Ajudar na Preven\u00e7\u00e3o do C\u00e2ncer da Pele e no Retardo do Envelhecimento Causado Pelo Sol.\" \/>\n<meta name=\"robots\" content=\"index, follow, max-snippet:-1, max-image-preview:large, max-video-preview:-1\" \/>\n<link rel=\"canonical\" href=\"https:\/\/www.dravivianloureiro.com.br\/blog\/protetor-solar-e-importante-usar-protetor-no-dia-a-dia\/\" \/>\n<meta property=\"og:locale\" content=\"pt_BR\" \/>\n<meta property=\"og:type\" content=\"article\" \/>\n<meta property=\"og:title\" content=\"\u00c9 Importante Usar Protetor Solar no Dia-a-dia? Dra. Vivian Responde: Sim\" \/>\n<meta property=\"og:description\" content=\"Entenda Como o Uso Di\u00e1rio do Protetor Solar Pode Ajudar na Preven\u00e7\u00e3o do C\u00e2ncer da Pele e no Retardo do Envelhecimento Causado Pelo Sol.\" \/>\n<meta property=\"og:url\" content=\"https:\/\/www.dravivianloureiro.com.br\/blog\/protetor-solar-e-importante-usar-protetor-no-dia-a-dia\/\" \/>\n<meta property=\"og:site_name\" content=\"Dra. Vivian Loureiro\" \/>\n<meta property=\"article:publisher\" content=\"https:\/\/pt-br.facebook.com\/vivianloureirodermatologia\/\" \/>\n<meta property=\"article:author\" content=\"https:\/\/pt-br.facebook.com\/vivianloureirodermatologia\/\" \/>\n<meta property=\"article:published_time\" content=\"2019-07-11T18:27:14+00:00\" \/>\n<meta property=\"article:modified_time\" content=\"2021-02-18T02:01:13+00:00\" \/>\n<meta property=\"og:image\" content=\"https:\/\/www.dravivianloureiro.com.br\/blog\/wp-content\/uploads\/2019\/07\/protetor-solar-devo-usar-e1562869426420.jpg\" \/>\n\t<meta property=\"og:image:width\" content=\"600\" \/>\n\t<meta property=\"og:image:height\" content=\"369\" \/>\n\t<meta property=\"og:image:type\" content=\"image\/jpeg\" \/>\n<meta name=\"author\" content=\"Vivian Loureiro\" \/>\n<meta name=\"twitter:card\" content=\"summary_large_image\" \/>\n<meta name=\"twitter:label1\" content=\"Escrito por\" \/>\n\t<meta name=\"twitter:data1\" content=\"Vivian Loureiro\" \/>\n\t<meta name=\"twitter:label2\" content=\"Est. tempo de leitura\" \/>\n\t<meta name=\"twitter:data2\" content=\"2 minutos\" \/>\n<script type=\"application\/ld+json\" class=\"yoast-schema-graph\">{\"@context\":\"https:\/\/schema.org\",\"@graph\":[{\"@type\":\"Article\",\"@id\":\"https:\/\/www.dravivianloureiro.com.br\/blog\/protetor-solar-e-importante-usar-protetor-no-dia-a-dia\/#article\",\"isPartOf\":{\"@id\":\"https:\/\/www.dravivianloureiro.com.br\/blog\/protetor-solar-e-importante-usar-protetor-no-dia-a-dia\/\"},\"author\":{\"name\":\"Vivian Loureiro\",\"@id\":\"https:\/\/www.dravivianloureiro.com.br\/blog\/#\/schema\/person\/f6272c0e48dae4364ef626c598c5cb84\"},\"headline\":\"Protetor Solar: \u00c9 importante usar Filtro Solar no dia-a-dia?\",\"datePublished\":\"2019-07-11T18:27:14+00:00\",\"dateModified\":\"2021-02-18T02:01:13+00:00\",\"mainEntityOfPage\":{\"@id\":\"https:\/\/www.dravivianloureiro.com.br\/blog\/protetor-solar-e-importante-usar-protetor-no-dia-a-dia\/\"},\"wordCount\":444,\"commentCount\":0,\"publisher\":{\"@id\":\"https:\/\/www.dravivianloureiro.com.br\/blog\/#organization\"},\"keywords\":[\"dermatologista especialista em fotoprote\u00e7\u00e3o\",\"filtro solar\",\"filtro solar uso di\u00e1rio\",\"fotoprote\u00e7\u00e3o\",\"frequ\u00eancia de uso protetor solar\",\"prote\u00e7\u00e3o solar\",\"prote\u00e7\u00e3o solar do cabelo\",\"prote\u00e7\u00e3o solar pele\",\"protetor solar\",\"protetor solar c\u00e2ncer de pele\",\"protetor solar dia-a-dia\",\"protetor solar fps\",\"uso di\u00e1rio de filtro solar\"],\"articleSection\":[\"Dicas e Cuidados\"],\"inLanguage\":\"pt-BR\",\"potentialAction\":[{\"@type\":\"CommentAction\",\"name\":\"Comment\",\"target\":[\"https:\/\/www.dravivianloureiro.com.br\/blog\/protetor-solar-e-importante-usar-protetor-no-dia-a-dia\/#respond\"]}]},{\"@type\":\"WebPage\",\"@id\":\"https:\/\/www.dravivianloureiro.com.br\/blog\/protetor-solar-e-importante-usar-protetor-no-dia-a-dia\/\",\"url\":\"https:\/\/www.dravivianloureiro.com.br\/blog\/protetor-solar-e-importante-usar-protetor-no-dia-a-dia\/\",\"name\":\"\u00c9 Importante Usar Protetor Solar no Dia-a-dia? Dra. Vivian Responde: Sim\",\"isPartOf\":{\"@id\":\"https:\/\/www.dravivianloureiro.com.br\/blog\/#website\"},\"datePublished\":\"2019-07-11T18:27:14+00:00\",\"dateModified\":\"2021-02-18T02:01:13+00:00\",\"description\":\"Entenda Como o Uso Di\u00e1rio do Protetor Solar Pode Ajudar na Preven\u00e7\u00e3o do C\u00e2ncer da Pele e no Retardo do Envelhecimento Causado Pelo Sol.\",\"breadcrumb\":{\"@id\":\"https:\/\/www.dravivianloureiro.com.br\/blog\/protetor-solar-e-importante-usar-protetor-no-dia-a-dia\/#breadcrumb\"},\"inLanguage\":\"pt-BR\",\"potentialAction\":[{\"@type\":\"ReadAction\",\"target\":[\"https:\/\/www.dravivianloureiro.com.br\/blog\/protetor-solar-e-importante-usar-protetor-no-dia-a-dia\/\"]}]},{\"@type\":\"BreadcrumbList\",\"@id\":\"https:\/\/www.dravivianloureiro.com.br\/blog\/protetor-solar-e-importante-usar-protetor-no-dia-a-dia\/#breadcrumb\",\"itemListElement\":[{\"@type\":\"ListItem\",\"position\":1,\"name\":\"In\u00edcio\",\"item\":\"https:\/\/www.dravivianloureiro.com.br\/blog\/\"},{\"@type\":\"ListItem\",\"position\":2,\"name\":\"Protetor Solar: \u00c9 importante usar Filtro Solar no dia-a-dia?\"}]},{\"@type\":\"WebSite\",\"@id\":\"https:\/\/www.dravivianloureiro.com.br\/blog\/#website\",\"url\":\"https:\/\/www.dravivianloureiro.com.br\/blog\/\",\"name\":\"Dermatologista Vivian Loureiro\",\"description\":\"\",\"publisher\":{\"@id\":\"https:\/\/www.dravivianloureiro.com.br\/blog\/#organization\"},\"potentialAction\":[{\"@type\":\"SearchAction\",\"target\":{\"@type\":\"EntryPoint\",\"urlTemplate\":\"https:\/\/www.dravivianloureiro.com.br\/blog\/?s={search_term_string}\"},\"query-input\":\"required name=search_term_string\"}],\"inLanguage\":\"pt-BR\"},{\"@type\":\"Organization\",\"@id\":\"https:\/\/www.dravivianloureiro.com.br\/blog\/#organization\",\"name\":\"Dra. Vivian Loureiro - Dermatologista Em S\u00e3o Paulo\",\"url\":\"https:\/\/www.dravivianloureiro.com.br\/blog\/\",\"logo\":{\"@type\":\"ImageObject\",\"inLanguage\":\"pt-BR\",\"@id\":\"https:\/\/www.dravivianloureiro.com.br\/blog\/#\/schema\/logo\/image\/\",\"url\":\"https:\/\/www.dravivianloureiro.com.br\/blog\/wp-content\/uploads\/2018\/08\/favicon.jpg\",\"contentUrl\":\"https:\/\/www.dravivianloureiro.com.br\/blog\/wp-content\/uploads\/2018\/08\/favicon.jpg\",\"width\":112,\"height\":112,\"caption\":\"Dra. Vivian Loureiro - Dermatologista Em S\u00e3o Paulo\"},\"image\":{\"@id\":\"https:\/\/www.dravivianloureiro.com.br\/blog\/#\/schema\/logo\/image\/\"},\"sameAs\":[\"https:\/\/pt-br.facebook.com\/vivianloureirodermatologia\/\",\"https:\/\/www.instagram.com\/vivianloureirodermatologia\/\",\"https:\/\/www.linkedin.com\/in\/vivian-barzi-loureiro-a6412887\/\"]},{\"@type\":\"Person\",\"@id\":\"https:\/\/www.dravivianloureiro.com.br\/blog\/#\/schema\/person\/f6272c0e48dae4364ef626c598c5cb84\",\"name\":\"Vivian Loureiro\",\"image\":{\"@type\":\"ImageObject\",\"inLanguage\":\"pt-BR\",\"@id\":\"https:\/\/www.dravivianloureiro.com.br\/blog\/#\/schema\/person\/image\/\",\"url\":\"https:\/\/secure.gravatar.com\/avatar\/8ee2b0fae98657240c77e822ae139ad3?s=96&d=wp_user_avatar&r=g\",\"contentUrl\":\"https:\/\/secure.gravatar.com\/avatar\/8ee2b0fae98657240c77e822ae139ad3?s=96&d=wp_user_avatar&r=g\",\"caption\":\"Vivian Loureiro\"},\"description\":\"M\u00e9dica formada pela Universidade de S\u00e3o Paulo (USP). Realizou resid\u00eancia m\u00e9dica em Dermatologia e complementa\u00e7\u00e3o em Cosmiatria e Laser pelo departamento de Dermatologia do Hospital das Cl\u00ednicas da Faculdade de Medicina da Universidade de S\u00e3o Paulo (USP). Possui t\u00edtulo de especialista em Dermatologia. \u00c9 membro da Sociedade Brasileira de Dermatologia (SBD) e Sociedade Brasileira de Cirurgia Dermatol\u00f3gica (SBCD) e m\u00e9dica do grupo Fleury. Atua nas \u00e1reas de Dermatologia Cl\u00ednica, Cir\u00fargica, Pedi\u00e1trica e Est\u00e9tica. Frequenta e palestra nos principais cursos e congressos de dermatologia, nacionais e internacionais, a fim de se manter em constante atualiza\u00e7\u00e3o.\",\"sameAs\":[\"https:\/\/www.dravivianloureiro.com.br\/\",\"https:\/\/pt-br.facebook.com\/vivianloureirodermatologia\/\",\"https:\/\/www.instagram.com\/vivianloureirodermatologia\/\",\"https:\/\/www.linkedin.com\/in\/vivian-barzi-loureiro-a6412887\/\"]}]}<\/script>\n<!-- \/ Yoast SEO plugin. -->","yoast_head_json":{"title":"\u00c9 Importante Usar Protetor Solar no Dia-a-dia? Dra. Vivian Responde: Sim","description":"Entenda Como o Uso Di\u00e1rio do Protetor Solar Pode Ajudar na Preven\u00e7\u00e3o do C\u00e2ncer da Pele e no Retardo do Envelhecimento Causado Pelo Sol.","robots":{"index":"index","follow":"follow","max-snippet":"max-snippet:-1","max-image-preview":"max-image-preview:large","max-video-preview":"max-video-preview:-1"},"canonical":"https:\/\/www.dravivianloureiro.com.br\/blog\/protetor-solar-e-importante-usar-protetor-no-dia-a-dia\/","og_locale":"pt_BR","og_type":"article","og_title":"\u00c9 Importante Usar Protetor Solar no Dia-a-dia? Dra. Vivian Responde: Sim","og_description":"Entenda Como o Uso Di\u00e1rio do Protetor Solar Pode Ajudar na Preven\u00e7\u00e3o do C\u00e2ncer da Pele e no Retardo do Envelhecimento Causado Pelo Sol.","og_url":"https:\/\/www.dravivianloureiro.com.br\/blog\/protetor-solar-e-importante-usar-protetor-no-dia-a-dia\/","og_site_name":"Dra. Vivian Loureiro","article_publisher":"https:\/\/pt-br.facebook.com\/vivianloureirodermatologia\/","article_author":"https:\/\/pt-br.facebook.com\/vivianloureirodermatologia\/","article_published_time":"2019-07-11T18:27:14+00:00","article_modified_time":"2021-02-18T02:01:13+00:00","og_image":[{"width":600,"height":369,"url":"https:\/\/www.dravivianloureiro.com.br\/blog\/wp-content\/uploads\/2019\/07\/protetor-solar-devo-usar-e1562869426420.jpg","type":"image\/jpeg"}],"author":"Vivian Loureiro","twitter_card":"summary_large_image","twitter_misc":{"Escrito por":"Vivian Loureiro","Est. tempo de leitura":"2 minutos"},"schema":{"@context":"https:\/\/schema.org","@graph":[{"@type":"Article","@id":"https:\/\/www.dravivianloureiro.com.br\/blog\/protetor-solar-e-importante-usar-protetor-no-dia-a-dia\/#article","isPartOf":{"@id":"https:\/\/www.dravivianloureiro.com.br\/blog\/protetor-solar-e-importante-usar-protetor-no-dia-a-dia\/"},"author":{"name":"Vivian Loureiro","@id":"https:\/\/www.dravivianloureiro.com.br\/blog\/#\/schema\/person\/f6272c0e48dae4364ef626c598c5cb84"},"headline":"Protetor Solar: \u00c9 importante usar Filtro Solar no dia-a-dia?","datePublished":"2019-07-11T18:27:14+00:00","dateModified":"2021-02-18T02:01:13+00:00","mainEntityOfPage":{"@id":"https:\/\/www.dravivianloureiro.com.br\/blog\/protetor-solar-e-importante-usar-protetor-no-dia-a-dia\/"},"wordCount":444,"commentCount":0,"publisher":{"@id":"https:\/\/www.dravivianloureiro.com.br\/blog\/#organization"},"keywords":["dermatologista especialista em fotoprote\u00e7\u00e3o","filtro solar","filtro solar uso di\u00e1rio","fotoprote\u00e7\u00e3o","frequ\u00eancia de uso protetor solar","prote\u00e7\u00e3o solar","prote\u00e7\u00e3o solar do cabelo","prote\u00e7\u00e3o solar pele","protetor solar","protetor solar c\u00e2ncer de pele","protetor solar dia-a-dia","protetor solar fps","uso di\u00e1rio de filtro solar"],"articleSection":["Dicas e Cuidados"],"inLanguage":"pt-BR","potentialAction":[{"@type":"CommentAction","name":"Comment","target":["https:\/\/www.dravivianloureiro.com.br\/blog\/protetor-solar-e-importante-usar-protetor-no-dia-a-dia\/#respond"]}]},{"@type":"WebPage","@id":"https:\/\/www.dravivianloureiro.com.br\/blog\/protetor-solar-e-importante-usar-protetor-no-dia-a-dia\/","url":"https:\/\/www.dravivianloureiro.com.br\/blog\/protetor-solar-e-importante-usar-protetor-no-dia-a-dia\/","name":"\u00c9 Importante Usar Protetor Solar no Dia-a-dia? Dra. Vivian Responde: Sim","isPartOf":{"@id":"https:\/\/www.dravivianloureiro.com.br\/blog\/#website"},"datePublished":"2019-07-11T18:27:14+00:00","dateModified":"2021-02-18T02:01:13+00:00","description":"Entenda Como o Uso Di\u00e1rio do Protetor Solar Pode Ajudar na Preven\u00e7\u00e3o do C\u00e2ncer da Pele e no Retardo do Envelhecimento Causado Pelo Sol.","breadcrumb":{"@id":"https:\/\/www.dravivianloureiro.com.br\/blog\/protetor-solar-e-importante-usar-protetor-no-dia-a-dia\/#breadcrumb"},"inLanguage":"pt-BR","potentialAction":[{"@type":"ReadAction","target":["https:\/\/www.dravivianloureiro.com.br\/blog\/protetor-solar-e-importante-usar-protetor-no-dia-a-dia\/"]}]},{"@type":"BreadcrumbList","@id":"https:\/\/www.dravivianloureiro.com.br\/blog\/protetor-solar-e-importante-usar-protetor-no-dia-a-dia\/#breadcrumb","itemListElement":[{"@type":"ListItem","position":1,"name":"In\u00edcio","item":"https:\/\/www.dravivianloureiro.com.br\/blog\/"},{"@type":"ListItem","position":2,"name":"Protetor Solar: \u00c9 importante usar Filtro Solar no dia-a-dia?"}]},{"@type":"WebSite","@id":"https:\/\/www.dravivianloureiro.com.br\/blog\/#website","url":"https:\/\/www.dravivianloureiro.com.br\/blog\/","name":"Dermatologista Vivian Loureiro","description":"","publisher":{"@id":"https:\/\/www.dravivianloureiro.com.br\/blog\/#organization"},"potentialAction":[{"@type":"SearchAction","target":{"@type":"EntryPoint","urlTemplate":"https:\/\/www.dravivianloureiro.com.br\/blog\/?s={search_term_string}"},"query-input":"required name=search_term_string"}],"inLanguage":"pt-BR"},{"@type":"Organization","@id":"https:\/\/www.dravivianloureiro.com.br\/blog\/#organization","name":"Dra. Vivian Loureiro - Dermatologista Em S\u00e3o Paulo","url":"https:\/\/www.dravivianloureiro.com.br\/blog\/","logo":{"@type":"ImageObject","inLanguage":"pt-BR","@id":"https:\/\/www.dravivianloureiro.com.br\/blog\/#\/schema\/logo\/image\/","url":"https:\/\/www.dravivianloureiro.com.br\/blog\/wp-content\/uploads\/2018\/08\/favicon.jpg","contentUrl":"https:\/\/www.dravivianloureiro.com.br\/blog\/wp-content\/uploads\/2018\/08\/favicon.jpg","width":112,"height":112,"caption":"Dra. Vivian Loureiro - Dermatologista Em S\u00e3o Paulo"},"image":{"@id":"https:\/\/www.dravivianloureiro.com.br\/blog\/#\/schema\/logo\/image\/"},"sameAs":["https:\/\/pt-br.facebook.com\/vivianloureirodermatologia\/","https:\/\/www.instagram.com\/vivianloureirodermatologia\/","https:\/\/www.linkedin.com\/in\/vivian-barzi-loureiro-a6412887\/"]},{"@type":"Person","@id":"https:\/\/www.dravivianloureiro.com.br\/blog\/#\/schema\/person\/f6272c0e48dae4364ef626c598c5cb84","name":"Vivian Loureiro","image":{"@type":"ImageObject","inLanguage":"pt-BR","@id":"https:\/\/www.dravivianloureiro.com.br\/blog\/#\/schema\/person\/image\/","url":"https:\/\/secure.gravatar.com\/avatar\/8ee2b0fae98657240c77e822ae139ad3?s=96&d=wp_user_avatar&r=g","contentUrl":"https:\/\/secure.gravatar.com\/avatar\/8ee2b0fae98657240c77e822ae139ad3?s=96&d=wp_user_avatar&r=g","caption":"Vivian Loureiro"},"description":"M\u00e9dica formada pela Universidade de S\u00e3o Paulo (USP). Realizou resid\u00eancia m\u00e9dica em Dermatologia e complementa\u00e7\u00e3o em Cosmiatria e Laser pelo departamento de Dermatologia do Hospital das Cl\u00ednicas da Faculdade de Medicina da Universidade de S\u00e3o Paulo (USP). Possui t\u00edtulo de especialista em Dermatologia. \u00c9 membro da Sociedade Brasileira de Dermatologia (SBD) e Sociedade Brasileira de Cirurgia Dermatol\u00f3gica (SBCD) e m\u00e9dica do grupo Fleury. Atua nas \u00e1reas de Dermatologia Cl\u00ednica, Cir\u00fargica, Pedi\u00e1trica e Est\u00e9tica. Frequenta e palestra nos principais cursos e congressos de dermatologia, nacionais e internacionais, a fim de se manter em constante atualiza\u00e7\u00e3o.","sameAs":["https:\/\/www.dravivianloureiro.com.br\/","https:\/\/pt-br.facebook.com\/vivianloureirodermatologia\/","https:\/\/www.instagram.com\/vivianloureirodermatologia\/","https:\/\/www.linkedin.com\/in\/vivian-barzi-loureiro-a6412887\/"]}]}},"amp_enabled":true,"_links":{"self":[{"href":"https:\/\/www.dravivianloureiro.com.br\/blog\/wp-json\/wp\/v2\/posts\/132"}],"collection":[{"href":"https:\/\/www.dravivianloureiro.com.br\/blog\/wp-json\/wp\/v2\/posts"}],"about":[{"href":"https:\/\/www.dravivianloureiro.com.br\/blog\/wp-json\/wp\/v2\/types\/post"}],"author":[{"embeddable":true,"href":"https:\/\/www.dravivianloureiro.com.br\/blog\/wp-json\/wp\/v2\/users\/1"}],"replies":[{"embeddable":true,"href":"https:\/\/www.dravivianloureiro.com.br\/blog\/wp-json\/wp\/v2\/comments?post=132"}],"version-history":[{"count":0,"href":"https:\/\/www.dravivianloureiro.com.br\/blog\/wp-json\/wp\/v2\/posts\/132\/revisions"}],"wp:featuredmedia":[{"embeddable":true,"href":"https:\/\/www.dravivianloureiro.com.br\/blog\/wp-json\/wp\/v2\/media\/133"}],"wp:attachment":[{"href":"https:\/\/www.dravivianloureiro.com.br\/blog\/wp-json\/wp\/v2\/media?parent=132"}],"wp:term":[{"taxonomy":"category","embeddable":true,"href":"https:\/\/www.dravivianloureiro.com.br\/blog\/wp-json\/wp\/v2\/categories?post=132"},{"taxonomy":"post_tag","embeddable":true,"href":"https:\/\/www.dravivianloureiro.com.br\/blog\/wp-json\/wp\/v2\/tags?post=132"}],"curies":[{"name":"wp","href":"https:\/\/api.w.org\/{rel}","templated":true}]}}