{"id":131,"date":"2012-01-19T18:32:39","date_gmt":"2012-01-19T18:32:39","guid":{"rendered":"http:\/\/www.gabrielacasabona.com.br\/blog\/?p=131"},"modified":"2012-01-19T18:32:39","modified_gmt":"2012-01-19T18:32:39","slug":"esfoliacao-para-a-temporada-de-sol","status":"publish","type":"post","link":"https:\/\/www.dravivianloureiro.com.br\/blog\/esfoliacao-para-a-temporada-de-sol\/","title":{"rendered":"Esfolia\u00e7\u00e3o para a temporada de sol"},"content":{"rendered":"<p class=\"estimated-read-time\">Tempo de leitura:<small> 2 minutos<\/small><\/p> <h2>Receitas caseiras que ajudam a deixar a pele mais saud\u00e1vel<\/h2>\n<p>No ver\u00e3o, a pele do corpo e da face tende a ficar mais oleosa e com mais obstru\u00e7\u00e3o dos poros. N\u00e3o vemos a olho nu, mas essas \u00e1reas acabam acumulando mais c\u00e9lulas mortas. Para deixar a c\u00fatis com um aspecto saud\u00e1vel nesta esta\u00e7\u00e3o, a esfolia\u00e7\u00e3o pode ser uma grande aliada.<br \/>\nA esfolia\u00e7\u00e3o \u00e9 provavelmente a maneira mais r\u00e1pida de dar \u00e0 pele uma apar\u00eancia mais fresca e uma sensa\u00e7\u00e3o mais lisa. Retirando a camada de c\u00e9lulas mortas que fica na superf\u00edcie da pele, ela imediatamente parece menos enrugada e mais macia.<br \/>\nAl\u00e9m da esfolia\u00e7\u00e3o, tamb\u00e9m \u00e9 recomendado manter sua pele hidratada no ver\u00e3o. Tomar bastante \u00e1gua e comer frutas que oferecem nutrientes ao corpo, como por exemplo melancia e \u00e1gua de coco, far\u00e3o com que o seu corpo fique suficientemente hidratado.<\/p>\n<h2>Dicas para fazer uma esfolia\u00e7\u00e3o<\/h2>\n<p>Para fazer uma boa esfolia\u00e7\u00e3o, basta deixar a pele limpa e fazer massagem com movimentos circulares, respons\u00e1veis pela melhora na circula\u00e7\u00e3o. O tempo \u00e9 diretamente proporcional ao n\u00edvel de esfolia\u00e7\u00e3o que voc\u00ea deseja. Para ter uma resposta satisfat\u00f3ria, as sess\u00f5es devem acontecer, em m\u00e9dia, uma vez por semana para peles normais e ressecadas e uma vez por m\u00eas para peles sens\u00edveis. J\u00e1 os tipos oleosos devem receber o tratamento de duas a tr\u00eas vezes por semana.<\/p>\n<p>O maior erro da esfolia\u00e7\u00e3o \u00e9 abusar dela. O excesso pode aumentar a oleosidade da pele, assim como irrit\u00e1-la demais. N\u00e3o adianta querer tirar as manchas na for\u00e7a. Depois da esfolia\u00e7\u00e3o, a pele precisa ser hidratada com produtos espec\u00edficos para seu tipo de pele.<\/p>\n<h2>Receitas caseiras<\/h2>\n<p>\u00c9 poss\u00edvel fazer uma esfolia\u00e7\u00e3o de ver\u00e3o com produtos naturais que voc\u00ea tem em casa. Aprenda abaixo:<br \/>\nPeles mistas ou com acne: misture uma colher de sopa de mel com 1 colher de sopa de a\u00e7\u00facar e aplique no rosto fazendo movimentos circulares suaves, evitando a zona dos olhos. Deixe atuar durante cinco minutos, retire com \u00e1gua morna e comprove os resultados. Experimente tamb\u00e9m substituir o a\u00e7\u00facar por uma colher de ch\u00e1 de aveia.<\/p>\n<p>Face sens\u00edvel: misture uma colher de sopa de mel com uma colher de sopa de fub\u00e1. Aplique fazendo movimentos circulares. Deixe atuar durante cinco minutos e retire com \u00e1gua morna.<\/p>\n<p>Para o corpo: misture uma colher de sopa de sal grosso com cinco colheres de sopa de \u00f3leo de am\u00eandoas. Esfregue por alguns minutos nas \u00e1reas desejadas e enxague.<\/p>\n<p><a href=\"http:\/\/www.personare.com.br\/revista\/saude-e-beleza\/materia\/2032\/esfoliacao-para-a-temporada-de-sol\" target=\"_blank\" rel=\"noopener\"><em>http:\/\/www.personare.com.br\/revista\/saude-e-beleza\/materia\/2032\/esfoliacao-para-a-temporada-de-sol<\/em><\/a><\/p>\n","protected":false},"excerpt":{"rendered":"<p><small> 2 minutos<\/small> Receitas caseiras que ajudam a deixar a pele mais saud\u00e1vel No ver\u00e3o, a pele do corpo e da face tende a ficar mais oleosa e com mais obstru\u00e7\u00e3o dos poros. N\u00e3o vemos a olho nu, mas essas \u00e1reas acabam acumulando mais c\u00e9lulas mortas. Para deixar a c\u00fatis com um aspecto saud\u00e1vel nesta esta\u00e7\u00e3o, a esfolia\u00e7\u00e3o pode ser uma grande aliada. A esfolia\u00e7\u00e3o \u00e9 provavelmente a maneira mais r\u00e1pida de dar \u00e0 pele uma apar\u00eancia mais fresca e uma sensa\u00e7\u00e3o mais lisa. Retirando <a href=\"https:\/\/www.dravivianloureiro.com.br\/blog\/esfoliacao-para-a-temporada-de-sol\/\" class=\"more-link\"><span>Continue lendo<\/span>\u2192<\/a><\/p>\n","protected":false},"author":1,"featured_media":3583,"comment_status":"open","ping_status":"open","sticky":false,"template":"","format":"standard","meta":[],"categories":[363,368],"tags":[453,454],"yoast_head":"<!-- This site is optimized with the Yoast SEO plugin v20.6 - https:\/\/yoast.com\/wordpress\/plugins\/seo\/ -->\n<title>Esfolia\u00e7\u00e3o para a temporada de sol - Gabriela Casabona<\/title>\n<meta name=\"description\" content=\"Receitas caseiras que ajudam a deixar a pele mais saud\u00e1vel, dicas para esfolia\u00e7\u00e3o que voc\u00ea pode fazer em casa, com produtos naturais. veja como \u00e9 f\u00e1cil!\" \/>\n<meta name=\"robots\" content=\"index, follow, max-snippet:-1, max-image-preview:large, max-video-preview:-1\" \/>\n<link rel=\"canonical\" href=\"https:\/\/www.dravivianloureiro.com.br\/blog\/esfoliacao-para-a-temporada-de-sol\/\" \/>\n<meta property=\"og:locale\" content=\"pt_BR\" \/>\n<meta property=\"og:type\" content=\"article\" \/>\n<meta property=\"og:title\" content=\"Esfolia\u00e7\u00e3o para a temporada de sol - Gabriela Casabona\" \/>\n<meta property=\"og:description\" content=\"Receitas caseiras que ajudam a deixar a pele mais saud\u00e1vel, dicas para esfolia\u00e7\u00e3o que voc\u00ea pode fazer em casa, com produtos naturais. veja como \u00e9 f\u00e1cil!\" \/>\n<meta property=\"og:url\" content=\"https:\/\/www.dravivianloureiro.com.br\/blog\/esfoliacao-para-a-temporada-de-sol\/\" \/>\n<meta property=\"og:site_name\" content=\"Dra. Vivian Loureiro\" \/>\n<meta property=\"article:publisher\" content=\"https:\/\/pt-br.facebook.com\/vivianloureirodermatologia\/\" \/>\n<meta property=\"article:author\" content=\"https:\/\/pt-br.facebook.com\/vivianloureirodermatologia\/\" \/>\n<meta property=\"article:published_time\" content=\"2012-01-19T18:32:39+00:00\" \/>\n<meta name=\"author\" content=\"Vivian Loureiro\" \/>\n<meta name=\"twitter:card\" content=\"summary_large_image\" \/>\n<meta name=\"twitter:label1\" content=\"Escrito por\" \/>\n\t<meta name=\"twitter:data1\" content=\"Vivian Loureiro\" \/>\n\t<meta name=\"twitter:label2\" content=\"Est. tempo de leitura\" \/>\n\t<meta name=\"twitter:data2\" content=\"2 minutos\" \/>\n<script type=\"application\/ld+json\" class=\"yoast-schema-graph\">{\"@context\":\"https:\/\/schema.org\",\"@graph\":[{\"@type\":\"Article\",\"@id\":\"https:\/\/www.dravivianloureiro.com.br\/blog\/esfoliacao-para-a-temporada-de-sol\/#article\",\"isPartOf\":{\"@id\":\"https:\/\/www.dravivianloureiro.com.br\/blog\/esfoliacao-para-a-temporada-de-sol\/\"},\"author\":{\"name\":\"Vivian Loureiro\",\"@id\":\"https:\/\/www.dravivianloureiro.com.br\/blog\/#\/schema\/person\/f6272c0e48dae4364ef626c598c5cb84\"},\"headline\":\"Esfolia\u00e7\u00e3o para a temporada de sol\",\"datePublished\":\"2012-01-19T18:32:39+00:00\",\"dateModified\":\"2012-01-19T18:32:39+00:00\",\"mainEntityOfPage\":{\"@id\":\"https:\/\/www.dravivianloureiro.com.br\/blog\/esfoliacao-para-a-temporada-de-sol\/\"},\"wordCount\":456,\"commentCount\":0,\"publisher\":{\"@id\":\"https:\/\/www.dravivianloureiro.com.br\/blog\/#organization\"},\"keywords\":[\"dicas caseiras\",\"esfolia\u00e7\u00e3o\"],\"articleSection\":[\"Dicas\",\"Est\u00e9ticos\"],\"inLanguage\":\"pt-BR\",\"potentialAction\":[{\"@type\":\"CommentAction\",\"name\":\"Comment\",\"target\":[\"https:\/\/www.dravivianloureiro.com.br\/blog\/esfoliacao-para-a-temporada-de-sol\/#respond\"]}]},{\"@type\":\"WebPage\",\"@id\":\"https:\/\/www.dravivianloureiro.com.br\/blog\/esfoliacao-para-a-temporada-de-sol\/\",\"url\":\"https:\/\/www.dravivianloureiro.com.br\/blog\/esfoliacao-para-a-temporada-de-sol\/\",\"name\":\"Esfolia\u00e7\u00e3o para a temporada de sol - Gabriela Casabona\",\"isPartOf\":{\"@id\":\"https:\/\/www.dravivianloureiro.com.br\/blog\/#website\"},\"datePublished\":\"2012-01-19T18:32:39+00:00\",\"dateModified\":\"2012-01-19T18:32:39+00:00\",\"description\":\"Receitas caseiras que ajudam a deixar a pele mais saud\u00e1vel, dicas para esfolia\u00e7\u00e3o que voc\u00ea pode fazer em casa, com produtos naturais. veja como \u00e9 f\u00e1cil!\",\"breadcrumb\":{\"@id\":\"https:\/\/www.dravivianloureiro.com.br\/blog\/esfoliacao-para-a-temporada-de-sol\/#breadcrumb\"},\"inLanguage\":\"pt-BR\",\"potentialAction\":[{\"@type\":\"ReadAction\",\"target\":[\"https:\/\/www.dravivianloureiro.com.br\/blog\/esfoliacao-para-a-temporada-de-sol\/\"]}]},{\"@type\":\"BreadcrumbList\",\"@id\":\"https:\/\/www.dravivianloureiro.com.br\/blog\/esfoliacao-para-a-temporada-de-sol\/#breadcrumb\",\"itemListElement\":[{\"@type\":\"ListItem\",\"position\":1,\"name\":\"In\u00edcio\",\"item\":\"https:\/\/www.dravivianloureiro.com.br\/blog\/\"},{\"@type\":\"ListItem\",\"position\":2,\"name\":\"Esfolia\u00e7\u00e3o para a temporada de sol\"}]},{\"@type\":\"WebSite\",\"@id\":\"https:\/\/www.dravivianloureiro.com.br\/blog\/#website\",\"url\":\"https:\/\/www.dravivianloureiro.com.br\/blog\/\",\"name\":\"Dermatologista Vivian Loureiro\",\"description\":\"\",\"publisher\":{\"@id\":\"https:\/\/www.dravivianloureiro.com.br\/blog\/#organization\"},\"potentialAction\":[{\"@type\":\"SearchAction\",\"target\":{\"@type\":\"EntryPoint\",\"urlTemplate\":\"https:\/\/www.dravivianloureiro.com.br\/blog\/?s={search_term_string}\"},\"query-input\":\"required name=search_term_string\"}],\"inLanguage\":\"pt-BR\"},{\"@type\":\"Organization\",\"@id\":\"https:\/\/www.dravivianloureiro.com.br\/blog\/#organization\",\"name\":\"Dra. Vivian Loureiro - Dermatologista Em S\u00e3o Paulo\",\"url\":\"https:\/\/www.dravivianloureiro.com.br\/blog\/\",\"logo\":{\"@type\":\"ImageObject\",\"inLanguage\":\"pt-BR\",\"@id\":\"https:\/\/www.dravivianloureiro.com.br\/blog\/#\/schema\/logo\/image\/\",\"url\":\"https:\/\/www.dravivianloureiro.com.br\/blog\/wp-content\/uploads\/2018\/08\/favicon.jpg\",\"contentUrl\":\"https:\/\/www.dravivianloureiro.com.br\/blog\/wp-content\/uploads\/2018\/08\/favicon.jpg\",\"width\":112,\"height\":112,\"caption\":\"Dra. Vivian Loureiro - Dermatologista Em S\u00e3o Paulo\"},\"image\":{\"@id\":\"https:\/\/www.dravivianloureiro.com.br\/blog\/#\/schema\/logo\/image\/\"},\"sameAs\":[\"https:\/\/pt-br.facebook.com\/vivianloureirodermatologia\/\",\"https:\/\/www.instagram.com\/vivianloureirodermatologia\/\",\"https:\/\/www.linkedin.com\/in\/vivian-barzi-loureiro-a6412887\/\"]},{\"@type\":\"Person\",\"@id\":\"https:\/\/www.dravivianloureiro.com.br\/blog\/#\/schema\/person\/f6272c0e48dae4364ef626c598c5cb84\",\"name\":\"Vivian Loureiro\",\"image\":{\"@type\":\"ImageObject\",\"inLanguage\":\"pt-BR\",\"@id\":\"https:\/\/www.dravivianloureiro.com.br\/blog\/#\/schema\/person\/image\/\",\"url\":\"https:\/\/secure.gravatar.com\/avatar\/8ee2b0fae98657240c77e822ae139ad3?s=96&d=wp_user_avatar&r=g\",\"contentUrl\":\"https:\/\/secure.gravatar.com\/avatar\/8ee2b0fae98657240c77e822ae139ad3?s=96&d=wp_user_avatar&r=g\",\"caption\":\"Vivian Loureiro\"},\"description\":\"M\u00e9dica formada pela Universidade de S\u00e3o Paulo (USP). Realizou resid\u00eancia m\u00e9dica em Dermatologia e complementa\u00e7\u00e3o em Cosmiatria e Laser pelo departamento de Dermatologia do Hospital das Cl\u00ednicas da Faculdade de Medicina da Universidade de S\u00e3o Paulo (USP). Possui t\u00edtulo de especialista em Dermatologia. \u00c9 membro da Sociedade Brasileira de Dermatologia (SBD) e Sociedade Brasileira de Cirurgia Dermatol\u00f3gica (SBCD) e m\u00e9dica do grupo Fleury. Atua nas \u00e1reas de Dermatologia Cl\u00ednica, Cir\u00fargica, Pedi\u00e1trica e Est\u00e9tica. Frequenta e palestra nos principais cursos e congressos de dermatologia, nacionais e internacionais, a fim de se manter em constante atualiza\u00e7\u00e3o.\",\"sameAs\":[\"https:\/\/www.dravivianloureiro.com.br\/\",\"https:\/\/pt-br.facebook.com\/vivianloureirodermatologia\/\",\"https:\/\/www.instagram.com\/vivianloureirodermatologia\/\",\"https:\/\/www.linkedin.com\/in\/vivian-barzi-loureiro-a6412887\/\"]}]}<\/script>\n<!-- \/ Yoast SEO plugin. -->","yoast_head_json":{"title":"Esfolia\u00e7\u00e3o para a temporada de sol - Gabriela Casabona","description":"Receitas caseiras que ajudam a deixar a pele mais saud\u00e1vel, dicas para esfolia\u00e7\u00e3o que voc\u00ea pode fazer em casa, com produtos naturais. veja como \u00e9 f\u00e1cil!","robots":{"index":"index","follow":"follow","max-snippet":"max-snippet:-1","max-image-preview":"max-image-preview:large","max-video-preview":"max-video-preview:-1"},"canonical":"https:\/\/www.dravivianloureiro.com.br\/blog\/esfoliacao-para-a-temporada-de-sol\/","og_locale":"pt_BR","og_type":"article","og_title":"Esfolia\u00e7\u00e3o para a temporada de sol - Gabriela Casabona","og_description":"Receitas caseiras que ajudam a deixar a pele mais saud\u00e1vel, dicas para esfolia\u00e7\u00e3o que voc\u00ea pode fazer em casa, com produtos naturais. veja como \u00e9 f\u00e1cil!","og_url":"https:\/\/www.dravivianloureiro.com.br\/blog\/esfoliacao-para-a-temporada-de-sol\/","og_site_name":"Dra. Vivian Loureiro","article_publisher":"https:\/\/pt-br.facebook.com\/vivianloureirodermatologia\/","article_author":"https:\/\/pt-br.facebook.com\/vivianloureirodermatologia\/","article_published_time":"2012-01-19T18:32:39+00:00","author":"Vivian Loureiro","twitter_card":"summary_large_image","twitter_misc":{"Escrito por":"Vivian Loureiro","Est. tempo de leitura":"2 minutos"},"schema":{"@context":"https:\/\/schema.org","@graph":[{"@type":"Article","@id":"https:\/\/www.dravivianloureiro.com.br\/blog\/esfoliacao-para-a-temporada-de-sol\/#article","isPartOf":{"@id":"https:\/\/www.dravivianloureiro.com.br\/blog\/esfoliacao-para-a-temporada-de-sol\/"},"author":{"name":"Vivian Loureiro","@id":"https:\/\/www.dravivianloureiro.com.br\/blog\/#\/schema\/person\/f6272c0e48dae4364ef626c598c5cb84"},"headline":"Esfolia\u00e7\u00e3o para a temporada de sol","datePublished":"2012-01-19T18:32:39+00:00","dateModified":"2012-01-19T18:32:39+00:00","mainEntityOfPage":{"@id":"https:\/\/www.dravivianloureiro.com.br\/blog\/esfoliacao-para-a-temporada-de-sol\/"},"wordCount":456,"commentCount":0,"publisher":{"@id":"https:\/\/www.dravivianloureiro.com.br\/blog\/#organization"},"keywords":["dicas caseiras","esfolia\u00e7\u00e3o"],"articleSection":["Dicas","Est\u00e9ticos"],"inLanguage":"pt-BR","potentialAction":[{"@type":"CommentAction","name":"Comment","target":["https:\/\/www.dravivianloureiro.com.br\/blog\/esfoliacao-para-a-temporada-de-sol\/#respond"]}]},{"@type":"WebPage","@id":"https:\/\/www.dravivianloureiro.com.br\/blog\/esfoliacao-para-a-temporada-de-sol\/","url":"https:\/\/www.dravivianloureiro.com.br\/blog\/esfoliacao-para-a-temporada-de-sol\/","name":"Esfolia\u00e7\u00e3o para a temporada de sol - Gabriela Casabona","isPartOf":{"@id":"https:\/\/www.dravivianloureiro.com.br\/blog\/#website"},"datePublished":"2012-01-19T18:32:39+00:00","dateModified":"2012-01-19T18:32:39+00:00","description":"Receitas caseiras que ajudam a deixar a pele mais saud\u00e1vel, dicas para esfolia\u00e7\u00e3o que voc\u00ea pode fazer em casa, com produtos naturais. veja como \u00e9 f\u00e1cil!","breadcrumb":{"@id":"https:\/\/www.dravivianloureiro.com.br\/blog\/esfoliacao-para-a-temporada-de-sol\/#breadcrumb"},"inLanguage":"pt-BR","potentialAction":[{"@type":"ReadAction","target":["https:\/\/www.dravivianloureiro.com.br\/blog\/esfoliacao-para-a-temporada-de-sol\/"]}]},{"@type":"BreadcrumbList","@id":"https:\/\/www.dravivianloureiro.com.br\/blog\/esfoliacao-para-a-temporada-de-sol\/#breadcrumb","itemListElement":[{"@type":"ListItem","position":1,"name":"In\u00edcio","item":"https:\/\/www.dravivianloureiro.com.br\/blog\/"},{"@type":"ListItem","position":2,"name":"Esfolia\u00e7\u00e3o para a temporada de sol"}]},{"@type":"WebSite","@id":"https:\/\/www.dravivianloureiro.com.br\/blog\/#website","url":"https:\/\/www.dravivianloureiro.com.br\/blog\/","name":"Dermatologista Vivian Loureiro","description":"","publisher":{"@id":"https:\/\/www.dravivianloureiro.com.br\/blog\/#organization"},"potentialAction":[{"@type":"SearchAction","target":{"@type":"EntryPoint","urlTemplate":"https:\/\/www.dravivianloureiro.com.br\/blog\/?s={search_term_string}"},"query-input":"required name=search_term_string"}],"inLanguage":"pt-BR"},{"@type":"Organization","@id":"https:\/\/www.dravivianloureiro.com.br\/blog\/#organization","name":"Dra. Vivian Loureiro - Dermatologista Em S\u00e3o Paulo","url":"https:\/\/www.dravivianloureiro.com.br\/blog\/","logo":{"@type":"ImageObject","inLanguage":"pt-BR","@id":"https:\/\/www.dravivianloureiro.com.br\/blog\/#\/schema\/logo\/image\/","url":"https:\/\/www.dravivianloureiro.com.br\/blog\/wp-content\/uploads\/2018\/08\/favicon.jpg","contentUrl":"https:\/\/www.dravivianloureiro.com.br\/blog\/wp-content\/uploads\/2018\/08\/favicon.jpg","width":112,"height":112,"caption":"Dra. Vivian Loureiro - Dermatologista Em S\u00e3o Paulo"},"image":{"@id":"https:\/\/www.dravivianloureiro.com.br\/blog\/#\/schema\/logo\/image\/"},"sameAs":["https:\/\/pt-br.facebook.com\/vivianloureirodermatologia\/","https:\/\/www.instagram.com\/vivianloureirodermatologia\/","https:\/\/www.linkedin.com\/in\/vivian-barzi-loureiro-a6412887\/"]},{"@type":"Person","@id":"https:\/\/www.dravivianloureiro.com.br\/blog\/#\/schema\/person\/f6272c0e48dae4364ef626c598c5cb84","name":"Vivian Loureiro","image":{"@type":"ImageObject","inLanguage":"pt-BR","@id":"https:\/\/www.dravivianloureiro.com.br\/blog\/#\/schema\/person\/image\/","url":"https:\/\/secure.gravatar.com\/avatar\/8ee2b0fae98657240c77e822ae139ad3?s=96&d=wp_user_avatar&r=g","contentUrl":"https:\/\/secure.gravatar.com\/avatar\/8ee2b0fae98657240c77e822ae139ad3?s=96&d=wp_user_avatar&r=g","caption":"Vivian Loureiro"},"description":"M\u00e9dica formada pela Universidade de S\u00e3o Paulo (USP). Realizou resid\u00eancia m\u00e9dica em Dermatologia e complementa\u00e7\u00e3o em Cosmiatria e Laser pelo departamento de Dermatologia do Hospital das Cl\u00ednicas da Faculdade de Medicina da Universidade de S\u00e3o Paulo (USP). Possui t\u00edtulo de especialista em Dermatologia. \u00c9 membro da Sociedade Brasileira de Dermatologia (SBD) e Sociedade Brasileira de Cirurgia Dermatol\u00f3gica (SBCD) e m\u00e9dica do grupo Fleury. Atua nas \u00e1reas de Dermatologia Cl\u00ednica, Cir\u00fargica, Pedi\u00e1trica e Est\u00e9tica. Frequenta e palestra nos principais cursos e congressos de dermatologia, nacionais e internacionais, a fim de se manter em constante atualiza\u00e7\u00e3o.","sameAs":["https:\/\/www.dravivianloureiro.com.br\/","https:\/\/pt-br.facebook.com\/vivianloureirodermatologia\/","https:\/\/www.instagram.com\/vivianloureirodermatologia\/","https:\/\/www.linkedin.com\/in\/vivian-barzi-loureiro-a6412887\/"]}]}},"amp_enabled":true,"_links":{"self":[{"href":"https:\/\/www.dravivianloureiro.com.br\/blog\/wp-json\/wp\/v2\/posts\/131"}],"collection":[{"href":"https:\/\/www.dravivianloureiro.com.br\/blog\/wp-json\/wp\/v2\/posts"}],"about":[{"href":"https:\/\/www.dravivianloureiro.com.br\/blog\/wp-json\/wp\/v2\/types\/post"}],"author":[{"embeddable":true,"href":"https:\/\/www.dravivianloureiro.com.br\/blog\/wp-json\/wp\/v2\/users\/1"}],"replies":[{"embeddable":true,"href":"https:\/\/www.dravivianloureiro.com.br\/blog\/wp-json\/wp\/v2\/comments?post=131"}],"version-history":[{"count":0,"href":"https:\/\/www.dravivianloureiro.com.br\/blog\/wp-json\/wp\/v2\/posts\/131\/revisions"}],"wp:featuredmedia":[{"embeddable":true,"href":"https:\/\/www.dravivianloureiro.com.br\/blog\/wp-json\/"}],"wp:attachment":[{"href":"https:\/\/www.dravivianloureiro.com.br\/blog\/wp-json\/wp\/v2\/media?parent=131"}],"wp:term":[{"taxonomy":"category","embeddable":true,"href":"https:\/\/www.dravivianloureiro.com.br\/blog\/wp-json\/wp\/v2\/categories?post=131"},{"taxonomy":"post_tag","embeddable":true,"href":"https:\/\/www.dravivianloureiro.com.br\/blog\/wp-json\/wp\/v2\/tags?post=131"}],"curies":[{"name":"wp","href":"https:\/\/api.w.org\/{rel}","templated":true}]}}