{"id":100,"date":"2018-12-19T07:35:13","date_gmt":"2018-12-19T09:35:13","guid":{"rendered":"http:\/\/serv3xceler.com.br\/vivian-loureiro\/blog\/?p=100"},"modified":"2021-02-17T18:28:34","modified_gmt":"2021-02-17T21:28:34","slug":"cuidados-com-a-pele-no-verao","status":"publish","type":"post","link":"https:\/\/www.dravivianloureiro.com.br\/blog\/cuidados-com-a-pele-no-verao\/","title":{"rendered":"Cuidados Com a Pele no Ver\u00e3o"},"content":{"rendered":"<p class=\"estimated-read-time\">Tempo de leitura:<small> 1 minuto<\/small><\/p> <p>A exposi\u00e7\u00e3o solar pode causar preju\u00edzos permanentes na pele. Al\u00e9m de manchas e c\u00e2ncer, o sol, em excesso, promove altera\u00e7\u00f5es que aceleram o envelhecimento cut\u00e2neo.<\/p>\n<p>No dia a dia, independente da esta\u00e7\u00e3o do ano, \u00e9 fundamental usar protetor solar regularmente.<\/p>\n<p>J\u00e1 no ver\u00e3o, quando a exposi\u00e7\u00e3o \u00e9 maior, precisamos aumentar os cuidados.<\/p>\n<h2>Cuidados com a Pele na Praia<\/h2>\n<p>Na praia, n\u00e3o espere chegar na areia para usar o protetor. Aplique-o em casa, 30 minutos antes de sair, de modo a garantir uma cobertura uniforme. Mesmo sendo\u00a0de longa dura\u00e7\u00e3o, os protetores devem ser reaplicados a cada 2 horas.\u00a0Os produtos a prova d&#8217;\u00e1gua garantem prote\u00e7\u00e3o por uns 30 minutos\u00a0enquanto estivermos na \u00e1gua e devem ser reaplicados ap\u00f3s mergulho\u00a0no mar, piscina ou\u00a0ducha.<\/p>\n<h2>Exagere na Prote\u00e7\u00e3o<\/h2>\n<p>Al\u00e9m disso, \u00f3culos de sol, camiseta, chap\u00e9u,\u00a0bon\u00e9 e guarda-sol s\u00e3o excelentes companheiros num dia de praia. Atualmente existem diversos produtos fabricados com tecido especial que auxiliam no bloqueio aos raios ultra-violetas.<\/p>\n<h2>Melhores Hor\u00e1rios para Pegar Praia<\/h2>\n<p>Fazer atividade \u00e9 \u00f3timo para a sa\u00fade e para o bem estar. Mas evite o sol entre 10 e 15h. V\u00e1 no per\u00edodo da manh\u00e3 ou no fim da tarde.<\/p>\n<h2>Suplementa\u00e7\u00e3o Oral Para Prote\u00e7\u00e3o Solar<\/h2>\n<p>Suplementos via oral podem ser usados para aumentar a resist\u00eancia da pele ao raios solares. No entanto, eles n\u00e3o substituem, de forma alguma, o uso de protetor.<\/p>\n<h2>Hidrata\u00e7\u00e3o Sempre<\/h2>\n<p>Transpiramos mais no ver\u00e3o. Por isso, \u00e9 muito importante lembrar de beber \u00e1gua ao longo do dia. Alimentos leves e frescos tamb\u00e9m aumentam o bem estar nos dias de muito calor.<\/p>\n<h2>Cuidados com os Cabelos no Ver\u00e3o<\/h2>\n<p>Os cabelos tamb\u00e9m merecem aten\u00e7\u00e3o. Produtos hidratantes e com FPS garantem fios bonitos\u00a0e bem cuidados\u00a0durante todo o ver\u00e3o.<\/p>\n","protected":false},"excerpt":{"rendered":"<p><small> 1 minuto<\/small> A exposi\u00e7\u00e3o solar pode causar preju\u00edzos permanentes na pele. Al\u00e9m de manchas e c\u00e2ncer, o sol, em excesso, promove altera\u00e7\u00f5es que aceleram o envelhecimento cut\u00e2neo. No dia a dia, independente da esta\u00e7\u00e3o do ano, \u00e9 fundamental usar protetor solar regularmente. J\u00e1 no ver\u00e3o, quando a exposi\u00e7\u00e3o \u00e9 maior, precisamos aumentar os cuidados. Cuidados com a Pele na Praia Na praia, n\u00e3o espere chegar na areia para usar o protetor. Aplique-o em casa, 30 minutos antes de sair, de modo a garantir uma <a href=\"https:\/\/www.dravivianloureiro.com.br\/blog\/cuidados-com-a-pele-no-verao\/\" class=\"more-link\"><span>Continue lendo<\/span>\u2192<\/a><\/p>\n","protected":false},"author":1,"featured_media":101,"comment_status":"open","ping_status":"open","sticky":false,"template":"","format":"standard","meta":[],"categories":[7,3],"tags":[212,210,116,205,207,209,204,211,206,208,213],"yoast_head":"<!-- This site is optimized with the Yoast SEO plugin v20.6 - https:\/\/yoast.com\/wordpress\/plugins\/seo\/ -->\n<title>Cuidados Com a Pele no Ver\u00e3o com Dra. Vivian Loureiro Dermatologista<\/title>\n<meta name=\"description\" content=\"Especialista em Prote\u00e7\u00e3o da Pele, Dra. Vivian Loureiro Apresenta Dicas de Cuidados com a Pele e Cabelos no Ver\u00e3o. Confira Dicas e Proteja-se!\" \/>\n<meta name=\"robots\" content=\"index, follow, max-snippet:-1, max-image-preview:large, max-video-preview:-1\" \/>\n<link rel=\"canonical\" href=\"https:\/\/www.dravivianloureiro.com.br\/blog\/cuidados-com-a-pele-no-verao\/\" \/>\n<meta property=\"og:locale\" content=\"pt_BR\" \/>\n<meta property=\"og:type\" content=\"article\" \/>\n<meta property=\"og:title\" content=\"Cuidados Com a Pele no Ver\u00e3o com Dra. Vivian Loureiro Dermatologista\" \/>\n<meta property=\"og:description\" content=\"Especialista em Prote\u00e7\u00e3o da Pele, Dra. Vivian Loureiro Apresenta Dicas de Cuidados com a Pele e Cabelos no Ver\u00e3o. Confira Dicas e Proteja-se!\" \/>\n<meta property=\"og:url\" content=\"https:\/\/www.dravivianloureiro.com.br\/blog\/cuidados-com-a-pele-no-verao\/\" \/>\n<meta property=\"og:site_name\" content=\"Dra. Vivian Loureiro\" \/>\n<meta property=\"article:publisher\" content=\"https:\/\/pt-br.facebook.com\/vivianloureirodermatologia\/\" \/>\n<meta property=\"article:author\" content=\"https:\/\/pt-br.facebook.com\/vivianloureirodermatologia\/\" \/>\n<meta property=\"article:published_time\" content=\"2018-12-19T09:35:13+00:00\" \/>\n<meta property=\"article:modified_time\" content=\"2021-02-17T21:28:34+00:00\" \/>\n<meta property=\"og:image\" content=\"https:\/\/www.dravivianloureiro.com.br\/blog\/wp-content\/uploads\/2018\/12\/cuidados-com-a-pele-no-verao.jpg\" \/>\n\t<meta property=\"og:image:width\" content=\"832\" \/>\n\t<meta property=\"og:image:height\" content=\"520\" \/>\n\t<meta property=\"og:image:type\" content=\"image\/jpeg\" \/>\n<meta name=\"author\" content=\"Vivian Loureiro\" \/>\n<meta name=\"twitter:card\" content=\"summary_large_image\" \/>\n<meta name=\"twitter:label1\" content=\"Escrito por\" \/>\n\t<meta name=\"twitter:data1\" content=\"Vivian Loureiro\" \/>\n\t<meta name=\"twitter:label2\" content=\"Est. tempo de leitura\" \/>\n\t<meta name=\"twitter:data2\" content=\"2 minutos\" \/>\n<script type=\"application\/ld+json\" class=\"yoast-schema-graph\">{\"@context\":\"https:\/\/schema.org\",\"@graph\":[{\"@type\":\"Article\",\"@id\":\"https:\/\/www.dravivianloureiro.com.br\/blog\/cuidados-com-a-pele-no-verao\/#article\",\"isPartOf\":{\"@id\":\"https:\/\/www.dravivianloureiro.com.br\/blog\/cuidados-com-a-pele-no-verao\/\"},\"author\":{\"name\":\"Vivian Loureiro\",\"@id\":\"https:\/\/www.dravivianloureiro.com.br\/blog\/#\/schema\/person\/f6272c0e48dae4364ef626c598c5cb84\"},\"headline\":\"Cuidados Com a Pele no Ver\u00e3o\",\"datePublished\":\"2018-12-19T09:35:13+00:00\",\"dateModified\":\"2021-02-17T21:28:34+00:00\",\"mainEntityOfPage\":{\"@id\":\"https:\/\/www.dravivianloureiro.com.br\/blog\/cuidados-com-a-pele-no-verao\/\"},\"wordCount\":316,\"commentCount\":0,\"publisher\":{\"@id\":\"https:\/\/www.dravivianloureiro.com.br\/blog\/#organization\"},\"keywords\":[\"cuidados com a pele no ver\u00e3o\",\"dermatologista especialista em pele no ver\u00e3o\",\"dra vivian loureiro\",\"fotoprote\u00e7\u00e3o\",\"fps\",\"hidrata\u00e7\u00e3o de pele no ver\u00e3o\",\"pele no ver\u00e3o\",\"prote\u00e7\u00e3o cut\u00e2nea\",\"prote\u00e7\u00e3o solar\",\"protetor solar\",\"ver\u00e3o e pele\"],\"articleSection\":[\"Dicas e Cuidados\",\"Pele\"],\"inLanguage\":\"pt-BR\",\"potentialAction\":[{\"@type\":\"CommentAction\",\"name\":\"Comment\",\"target\":[\"https:\/\/www.dravivianloureiro.com.br\/blog\/cuidados-com-a-pele-no-verao\/#respond\"]}]},{\"@type\":\"WebPage\",\"@id\":\"https:\/\/www.dravivianloureiro.com.br\/blog\/cuidados-com-a-pele-no-verao\/\",\"url\":\"https:\/\/www.dravivianloureiro.com.br\/blog\/cuidados-com-a-pele-no-verao\/\",\"name\":\"Cuidados Com a Pele no Ver\u00e3o com Dra. Vivian Loureiro Dermatologista\",\"isPartOf\":{\"@id\":\"https:\/\/www.dravivianloureiro.com.br\/blog\/#website\"},\"datePublished\":\"2018-12-19T09:35:13+00:00\",\"dateModified\":\"2021-02-17T21:28:34+00:00\",\"description\":\"Especialista em Prote\u00e7\u00e3o da Pele, Dra. Vivian Loureiro Apresenta Dicas de Cuidados com a Pele e Cabelos no Ver\u00e3o. Confira Dicas e Proteja-se!\",\"breadcrumb\":{\"@id\":\"https:\/\/www.dravivianloureiro.com.br\/blog\/cuidados-com-a-pele-no-verao\/#breadcrumb\"},\"inLanguage\":\"pt-BR\",\"potentialAction\":[{\"@type\":\"ReadAction\",\"target\":[\"https:\/\/www.dravivianloureiro.com.br\/blog\/cuidados-com-a-pele-no-verao\/\"]}]},{\"@type\":\"BreadcrumbList\",\"@id\":\"https:\/\/www.dravivianloureiro.com.br\/blog\/cuidados-com-a-pele-no-verao\/#breadcrumb\",\"itemListElement\":[{\"@type\":\"ListItem\",\"position\":1,\"name\":\"In\u00edcio\",\"item\":\"https:\/\/www.dravivianloureiro.com.br\/blog\/\"},{\"@type\":\"ListItem\",\"position\":2,\"name\":\"Cuidados Com a Pele no Ver\u00e3o\"}]},{\"@type\":\"WebSite\",\"@id\":\"https:\/\/www.dravivianloureiro.com.br\/blog\/#website\",\"url\":\"https:\/\/www.dravivianloureiro.com.br\/blog\/\",\"name\":\"Dermatologista Vivian Loureiro\",\"description\":\"\",\"publisher\":{\"@id\":\"https:\/\/www.dravivianloureiro.com.br\/blog\/#organization\"},\"potentialAction\":[{\"@type\":\"SearchAction\",\"target\":{\"@type\":\"EntryPoint\",\"urlTemplate\":\"https:\/\/www.dravivianloureiro.com.br\/blog\/?s={search_term_string}\"},\"query-input\":\"required name=search_term_string\"}],\"inLanguage\":\"pt-BR\"},{\"@type\":\"Organization\",\"@id\":\"https:\/\/www.dravivianloureiro.com.br\/blog\/#organization\",\"name\":\"Dra. Vivian Loureiro - Dermatologista Em S\u00e3o Paulo\",\"url\":\"https:\/\/www.dravivianloureiro.com.br\/blog\/\",\"logo\":{\"@type\":\"ImageObject\",\"inLanguage\":\"pt-BR\",\"@id\":\"https:\/\/www.dravivianloureiro.com.br\/blog\/#\/schema\/logo\/image\/\",\"url\":\"https:\/\/www.dravivianloureiro.com.br\/blog\/wp-content\/uploads\/2018\/08\/favicon.jpg\",\"contentUrl\":\"https:\/\/www.dravivianloureiro.com.br\/blog\/wp-content\/uploads\/2018\/08\/favicon.jpg\",\"width\":112,\"height\":112,\"caption\":\"Dra. Vivian Loureiro - Dermatologista Em S\u00e3o Paulo\"},\"image\":{\"@id\":\"https:\/\/www.dravivianloureiro.com.br\/blog\/#\/schema\/logo\/image\/\"},\"sameAs\":[\"https:\/\/pt-br.facebook.com\/vivianloureirodermatologia\/\",\"https:\/\/www.instagram.com\/vivianloureirodermatologia\/\",\"https:\/\/www.linkedin.com\/in\/vivian-barzi-loureiro-a6412887\/\"]},{\"@type\":\"Person\",\"@id\":\"https:\/\/www.dravivianloureiro.com.br\/blog\/#\/schema\/person\/f6272c0e48dae4364ef626c598c5cb84\",\"name\":\"Vivian Loureiro\",\"image\":{\"@type\":\"ImageObject\",\"inLanguage\":\"pt-BR\",\"@id\":\"https:\/\/www.dravivianloureiro.com.br\/blog\/#\/schema\/person\/image\/\",\"url\":\"https:\/\/secure.gravatar.com\/avatar\/8ee2b0fae98657240c77e822ae139ad3?s=96&d=wp_user_avatar&r=g\",\"contentUrl\":\"https:\/\/secure.gravatar.com\/avatar\/8ee2b0fae98657240c77e822ae139ad3?s=96&d=wp_user_avatar&r=g\",\"caption\":\"Vivian Loureiro\"},\"description\":\"M\u00e9dica formada pela Universidade de S\u00e3o Paulo (USP). Realizou resid\u00eancia m\u00e9dica em Dermatologia e complementa\u00e7\u00e3o em Cosmiatria e Laser pelo departamento de Dermatologia do Hospital das Cl\u00ednicas da Faculdade de Medicina da Universidade de S\u00e3o Paulo (USP). Possui t\u00edtulo de especialista em Dermatologia. \u00c9 membro da Sociedade Brasileira de Dermatologia (SBD) e Sociedade Brasileira de Cirurgia Dermatol\u00f3gica (SBCD) e m\u00e9dica do grupo Fleury. Atua nas \u00e1reas de Dermatologia Cl\u00ednica, Cir\u00fargica, Pedi\u00e1trica e Est\u00e9tica. Frequenta e palestra nos principais cursos e congressos de dermatologia, nacionais e internacionais, a fim de se manter em constante atualiza\u00e7\u00e3o.\",\"sameAs\":[\"https:\/\/www.dravivianloureiro.com.br\/\",\"https:\/\/pt-br.facebook.com\/vivianloureirodermatologia\/\",\"https:\/\/www.instagram.com\/vivianloureirodermatologia\/\",\"https:\/\/www.linkedin.com\/in\/vivian-barzi-loureiro-a6412887\/\"]}]}<\/script>\n<!-- \/ Yoast SEO plugin. -->","yoast_head_json":{"title":"Cuidados Com a Pele no Ver\u00e3o com Dra. Vivian Loureiro Dermatologista","description":"Especialista em Prote\u00e7\u00e3o da Pele, Dra. Vivian Loureiro Apresenta Dicas de Cuidados com a Pele e Cabelos no Ver\u00e3o. Confira Dicas e Proteja-se!","robots":{"index":"index","follow":"follow","max-snippet":"max-snippet:-1","max-image-preview":"max-image-preview:large","max-video-preview":"max-video-preview:-1"},"canonical":"https:\/\/www.dravivianloureiro.com.br\/blog\/cuidados-com-a-pele-no-verao\/","og_locale":"pt_BR","og_type":"article","og_title":"Cuidados Com a Pele no Ver\u00e3o com Dra. Vivian Loureiro Dermatologista","og_description":"Especialista em Prote\u00e7\u00e3o da Pele, Dra. Vivian Loureiro Apresenta Dicas de Cuidados com a Pele e Cabelos no Ver\u00e3o. Confira Dicas e Proteja-se!","og_url":"https:\/\/www.dravivianloureiro.com.br\/blog\/cuidados-com-a-pele-no-verao\/","og_site_name":"Dra. Vivian Loureiro","article_publisher":"https:\/\/pt-br.facebook.com\/vivianloureirodermatologia\/","article_author":"https:\/\/pt-br.facebook.com\/vivianloureirodermatologia\/","article_published_time":"2018-12-19T09:35:13+00:00","article_modified_time":"2021-02-17T21:28:34+00:00","og_image":[{"width":832,"height":520,"url":"https:\/\/www.dravivianloureiro.com.br\/blog\/wp-content\/uploads\/2018\/12\/cuidados-com-a-pele-no-verao.jpg","type":"image\/jpeg"}],"author":"Vivian Loureiro","twitter_card":"summary_large_image","twitter_misc":{"Escrito por":"Vivian Loureiro","Est. tempo de leitura":"2 minutos"},"schema":{"@context":"https:\/\/schema.org","@graph":[{"@type":"Article","@id":"https:\/\/www.dravivianloureiro.com.br\/blog\/cuidados-com-a-pele-no-verao\/#article","isPartOf":{"@id":"https:\/\/www.dravivianloureiro.com.br\/blog\/cuidados-com-a-pele-no-verao\/"},"author":{"name":"Vivian Loureiro","@id":"https:\/\/www.dravivianloureiro.com.br\/blog\/#\/schema\/person\/f6272c0e48dae4364ef626c598c5cb84"},"headline":"Cuidados Com a Pele no Ver\u00e3o","datePublished":"2018-12-19T09:35:13+00:00","dateModified":"2021-02-17T21:28:34+00:00","mainEntityOfPage":{"@id":"https:\/\/www.dravivianloureiro.com.br\/blog\/cuidados-com-a-pele-no-verao\/"},"wordCount":316,"commentCount":0,"publisher":{"@id":"https:\/\/www.dravivianloureiro.com.br\/blog\/#organization"},"keywords":["cuidados com a pele no ver\u00e3o","dermatologista especialista em pele no ver\u00e3o","dra vivian loureiro","fotoprote\u00e7\u00e3o","fps","hidrata\u00e7\u00e3o de pele no ver\u00e3o","pele no ver\u00e3o","prote\u00e7\u00e3o cut\u00e2nea","prote\u00e7\u00e3o solar","protetor solar","ver\u00e3o e pele"],"articleSection":["Dicas e Cuidados","Pele"],"inLanguage":"pt-BR","potentialAction":[{"@type":"CommentAction","name":"Comment","target":["https:\/\/www.dravivianloureiro.com.br\/blog\/cuidados-com-a-pele-no-verao\/#respond"]}]},{"@type":"WebPage","@id":"https:\/\/www.dravivianloureiro.com.br\/blog\/cuidados-com-a-pele-no-verao\/","url":"https:\/\/www.dravivianloureiro.com.br\/blog\/cuidados-com-a-pele-no-verao\/","name":"Cuidados Com a Pele no Ver\u00e3o com Dra. Vivian Loureiro Dermatologista","isPartOf":{"@id":"https:\/\/www.dravivianloureiro.com.br\/blog\/#website"},"datePublished":"2018-12-19T09:35:13+00:00","dateModified":"2021-02-17T21:28:34+00:00","description":"Especialista em Prote\u00e7\u00e3o da Pele, Dra. Vivian Loureiro Apresenta Dicas de Cuidados com a Pele e Cabelos no Ver\u00e3o. Confira Dicas e Proteja-se!","breadcrumb":{"@id":"https:\/\/www.dravivianloureiro.com.br\/blog\/cuidados-com-a-pele-no-verao\/#breadcrumb"},"inLanguage":"pt-BR","potentialAction":[{"@type":"ReadAction","target":["https:\/\/www.dravivianloureiro.com.br\/blog\/cuidados-com-a-pele-no-verao\/"]}]},{"@type":"BreadcrumbList","@id":"https:\/\/www.dravivianloureiro.com.br\/blog\/cuidados-com-a-pele-no-verao\/#breadcrumb","itemListElement":[{"@type":"ListItem","position":1,"name":"In\u00edcio","item":"https:\/\/www.dravivianloureiro.com.br\/blog\/"},{"@type":"ListItem","position":2,"name":"Cuidados Com a Pele no Ver\u00e3o"}]},{"@type":"WebSite","@id":"https:\/\/www.dravivianloureiro.com.br\/blog\/#website","url":"https:\/\/www.dravivianloureiro.com.br\/blog\/","name":"Dermatologista Vivian Loureiro","description":"","publisher":{"@id":"https:\/\/www.dravivianloureiro.com.br\/blog\/#organization"},"potentialAction":[{"@type":"SearchAction","target":{"@type":"EntryPoint","urlTemplate":"https:\/\/www.dravivianloureiro.com.br\/blog\/?s={search_term_string}"},"query-input":"required name=search_term_string"}],"inLanguage":"pt-BR"},{"@type":"Organization","@id":"https:\/\/www.dravivianloureiro.com.br\/blog\/#organization","name":"Dra. Vivian Loureiro - Dermatologista Em S\u00e3o Paulo","url":"https:\/\/www.dravivianloureiro.com.br\/blog\/","logo":{"@type":"ImageObject","inLanguage":"pt-BR","@id":"https:\/\/www.dravivianloureiro.com.br\/blog\/#\/schema\/logo\/image\/","url":"https:\/\/www.dravivianloureiro.com.br\/blog\/wp-content\/uploads\/2018\/08\/favicon.jpg","contentUrl":"https:\/\/www.dravivianloureiro.com.br\/blog\/wp-content\/uploads\/2018\/08\/favicon.jpg","width":112,"height":112,"caption":"Dra. Vivian Loureiro - Dermatologista Em S\u00e3o Paulo"},"image":{"@id":"https:\/\/www.dravivianloureiro.com.br\/blog\/#\/schema\/logo\/image\/"},"sameAs":["https:\/\/pt-br.facebook.com\/vivianloureirodermatologia\/","https:\/\/www.instagram.com\/vivianloureirodermatologia\/","https:\/\/www.linkedin.com\/in\/vivian-barzi-loureiro-a6412887\/"]},{"@type":"Person","@id":"https:\/\/www.dravivianloureiro.com.br\/blog\/#\/schema\/person\/f6272c0e48dae4364ef626c598c5cb84","name":"Vivian Loureiro","image":{"@type":"ImageObject","inLanguage":"pt-BR","@id":"https:\/\/www.dravivianloureiro.com.br\/blog\/#\/schema\/person\/image\/","url":"https:\/\/secure.gravatar.com\/avatar\/8ee2b0fae98657240c77e822ae139ad3?s=96&d=wp_user_avatar&r=g","contentUrl":"https:\/\/secure.gravatar.com\/avatar\/8ee2b0fae98657240c77e822ae139ad3?s=96&d=wp_user_avatar&r=g","caption":"Vivian Loureiro"},"description":"M\u00e9dica formada pela Universidade de S\u00e3o Paulo (USP). Realizou resid\u00eancia m\u00e9dica em Dermatologia e complementa\u00e7\u00e3o em Cosmiatria e Laser pelo departamento de Dermatologia do Hospital das Cl\u00ednicas da Faculdade de Medicina da Universidade de S\u00e3o Paulo (USP). Possui t\u00edtulo de especialista em Dermatologia. \u00c9 membro da Sociedade Brasileira de Dermatologia (SBD) e Sociedade Brasileira de Cirurgia Dermatol\u00f3gica (SBCD) e m\u00e9dica do grupo Fleury. Atua nas \u00e1reas de Dermatologia Cl\u00ednica, Cir\u00fargica, Pedi\u00e1trica e Est\u00e9tica. Frequenta e palestra nos principais cursos e congressos de dermatologia, nacionais e internacionais, a fim de se manter em constante atualiza\u00e7\u00e3o.","sameAs":["https:\/\/www.dravivianloureiro.com.br\/","https:\/\/pt-br.facebook.com\/vivianloureirodermatologia\/","https:\/\/www.instagram.com\/vivianloureirodermatologia\/","https:\/\/www.linkedin.com\/in\/vivian-barzi-loureiro-a6412887\/"]}]}},"amp_enabled":true,"_links":{"self":[{"href":"https:\/\/www.dravivianloureiro.com.br\/blog\/wp-json\/wp\/v2\/posts\/100"}],"collection":[{"href":"https:\/\/www.dravivianloureiro.com.br\/blog\/wp-json\/wp\/v2\/posts"}],"about":[{"href":"https:\/\/www.dravivianloureiro.com.br\/blog\/wp-json\/wp\/v2\/types\/post"}],"author":[{"embeddable":true,"href":"https:\/\/www.dravivianloureiro.com.br\/blog\/wp-json\/wp\/v2\/users\/1"}],"replies":[{"embeddable":true,"href":"https:\/\/www.dravivianloureiro.com.br\/blog\/wp-json\/wp\/v2\/comments?post=100"}],"version-history":[{"count":0,"href":"https:\/\/www.dravivianloureiro.com.br\/blog\/wp-json\/wp\/v2\/posts\/100\/revisions"}],"wp:featuredmedia":[{"embeddable":true,"href":"https:\/\/www.dravivianloureiro.com.br\/blog\/wp-json\/wp\/v2\/media\/101"}],"wp:attachment":[{"href":"https:\/\/www.dravivianloureiro.com.br\/blog\/wp-json\/wp\/v2\/media?parent=100"}],"wp:term":[{"taxonomy":"category","embeddable":true,"href":"https:\/\/www.dravivianloureiro.com.br\/blog\/wp-json\/wp\/v2\/categories?post=100"},{"taxonomy":"post_tag","embeddable":true,"href":"https:\/\/www.dravivianloureiro.com.br\/blog\/wp-json\/wp\/v2\/tags?post=100"}],"curies":[{"name":"wp","href":"https:\/\/api.w.org\/{rel}","templated":true}]}}