{"id":10,"date":"2011-10-28T11:55:01","date_gmt":"2011-10-28T11:55:01","guid":{"rendered":"http:\/\/www.gabrielacasabona.com.br\/blog\/?p=10"},"modified":"2021-04-24T10:06:13","modified_gmt":"2021-04-24T13:06:13","slug":"cuidados-com-as-unhas-o-que-e-realmente-verdade","status":"publish","type":"post","link":"https:\/\/www.dravivianloureiro.com.br\/blog\/cuidados-com-as-unhas-o-que-e-realmente-verdade\/","title":{"rendered":"Mitos e Verdades nos Cuidados com as Unhas?"},"content":{"rendered":"<p class=\"estimated-read-time\">Tempo de leitura:<small> 2 minutos<\/small><\/p> <h2>Apenas os cuidados b\u00e1sicos como esteriliza\u00e7\u00e3o s\u00e3o suficientes para evitar o cont\u00e1gio de doen\u00e7as nas unhas?<\/h2>\n<p>S\u00f3 para deixar claro, esteriliza\u00e7\u00e3o s\u00f3 da para ser feita com autoclave. Desinfec\u00e7\u00e3o com a estufa se os cuidados forem feitos com autoclave sim, \u00e9 suficiente se realizado da maneira correta. Alguns fungos e bact\u00e9rias s\u00e3o resistentes aos m\u00e9todos de desinfec\u00e7\u00e3o mais simples.<\/p>\n<h2>Quais s\u00e3o os cuidados que um sal\u00e3o deve ter para evitar a transmiss\u00e3o de doen\u00e7as?<\/h2>\n<p>Primeiro a esteriliza\u00e7\u00e3o do material todo, inclusive o palitinho que limpa o esmalte. Uso de lixas descart\u00e1veis. Evitar cutucar embaixo da unha e muito nas laterais para n\u00e3o tirar a prote\u00e7\u00e3o natural da unha e evitar tirar muito as cut\u00edculas.<\/p>\n<h2>\u00c9 poss\u00edvel pegar hepatite apenas com o uso de um alicate n\u00e3o higienizado?<\/h2>\n<p>Alguns tipos de hepatite, como a C e a N\u00c3O A e N\u00c3O B que n\u00e3o se sabe ainda todos os modos de cont\u00e1gio. Acha-se que \u00e9 s\u00f3 pelo sangue, mas n\u00e3o se tem certeza. N\u00e3o h\u00e1 nada comprovado, mas em teoria deve tomar cuidado sim. Segundo alguns estudos a transmiss\u00e3o da Hepatite C \u00e9 mais f\u00e1cil de acontecer que a Aids se em contato com sangue contaminado.<\/p>\n<h2>O mesmo caso acontece com micose? Como elas podem ser evitadas?<\/h2>\n<p>Os fungos adaptados ao homem \u00e9 que s\u00e3o os maiores causadores das micoses de unha, passam de um para o outro, mas precisam de um ambiente prop\u00edcio: calor, umidade, baixa resist\u00eancia e porta de entrada que podem ser machucadinhos e, \u00e9 a\u00ed que a manicure entra, pois muitas vezes machucam o local da cut\u00edcula ou laterais e embaixo da unha dando porta de entrada para os fungos.<\/p>\n<h2>5) Como uma pessoa desenvolve Onicosquizia?<\/h2>\n<p>A onicosquizia ou descama\u00e7\u00e3o ungueal ocorre por diversos fatores, os mais comuns s\u00e3o agress\u00e3o externa, como lavar muito as m\u00e3os e uso de produtos de limpeza, mas podem traduzir uma falta de nutrientes ou baixa reserva de ferro.<\/p>\n<h2>6) \u00c9 uma doen\u00e7a transmiss\u00edvel? Qual \u00e9 a principal \u00e1rea de risco?<\/h2>\n<p>N\u00e3o. \u00c9 uma caracter\u00edstica pessoal e ambiental.<\/p>\n<h2>7) Qual \u00e9 a doen\u00e7a em unhas mais perigosa? Por qu\u00ea?<\/h2>\n<p>Eu diria que \u00e9 o melanoma, um tipo de c\u00e2ncer de pele vindo de c\u00e9lulas de pigmento que pode come\u00e7ar apenas como uma linha escura na unha e depois se tornar um c\u00e2ncer.<\/p>\n<h2>8) No geral, como uma manicure deve agir para evitar essas doen\u00e7as de unhas?<\/h2>\n<p>Como j\u00e1 disse, deve evitar cutucar muito, sempre usar lixa descart\u00e1vel e material esterilizado em autoclave, higienizar as m\u00e3os entre clientes, usar lixas seladoras para selar e polir a unha sem agredir.<\/p>\n","protected":false},"excerpt":{"rendered":"<p><small> 2 minutos<\/small> Apenas os cuidados b\u00e1sicos como esteriliza\u00e7\u00e3o s\u00e3o suficientes para evitar o cont\u00e1gio de doen\u00e7as nas unhas? S\u00f3 para deixar claro, esteriliza\u00e7\u00e3o s\u00f3 da para ser feita com autoclave. Desinfec\u00e7\u00e3o com a estufa se os cuidados forem feitos com autoclave sim, \u00e9 suficiente se realizado da maneira correta. Alguns fungos e bact\u00e9rias s\u00e3o resistentes aos m\u00e9todos de desinfec\u00e7\u00e3o mais simples. Quais s\u00e3o os cuidados que um sal\u00e3o deve ter para evitar a transmiss\u00e3o de doen\u00e7as? Primeiro a esteriliza\u00e7\u00e3o do material todo, inclusive o <a href=\"https:\/\/www.dravivianloureiro.com.br\/blog\/cuidados-com-as-unhas-o-que-e-realmente-verdade\/\" class=\"more-link\"><span>Continue lendo<\/span>\u2192<\/a><\/p>\n","protected":false},"author":1,"featured_media":3571,"comment_status":"open","ping_status":"open","sticky":false,"template":"","format":"standard","meta":[],"categories":[368,365,372],"tags":[367,369,370,310,371,373],"yoast_head":"<!-- This site is optimized with the Yoast SEO plugin v20.6 - https:\/\/yoast.com\/wordpress\/plugins\/seo\/ -->\n<title>Como cuidar das Unhas, o que \u00e9 Mito e o que \u00e9 Realmente Verdade - Beauty Beyond Skin Dermatologia Especializada<\/title>\n<meta name=\"description\" content=\"Quais s\u00e3o os cuidados que um sal\u00e3o deve ter para evitar a transmiss\u00e3o de doen\u00e7as? Veja essa e muitas outras d\u00favidas sobre a sa\u00fade das unhas. Confira! Gabriela Casabona Dermatologista Especialista em Unhas em S\u00e3o Paulo. Telefones: 11 3668-5910\" \/>\n<meta name=\"robots\" content=\"index, follow, max-snippet:-1, max-image-preview:large, max-video-preview:-1\" \/>\n<link rel=\"canonical\" href=\"https:\/\/www.dravivianloureiro.com.br\/blog\/cuidados-com-as-unhas-o-que-e-realmente-verdade\/\" \/>\n<meta property=\"og:locale\" content=\"pt_BR\" \/>\n<meta property=\"og:type\" content=\"article\" \/>\n<meta property=\"og:title\" content=\"Como cuidar das Unhas, o que \u00e9 Mito e o que \u00e9 Realmente Verdade - Beauty Beyond Skin Dermatologia Especializada\" \/>\n<meta property=\"og:description\" content=\"Quais s\u00e3o os cuidados que um sal\u00e3o deve ter para evitar a transmiss\u00e3o de doen\u00e7as? Veja essa e muitas outras d\u00favidas sobre a sa\u00fade das unhas. Confira! Gabriela Casabona Dermatologista Especialista em Unhas em S\u00e3o Paulo. Telefones: 11 3668-5910\" \/>\n<meta property=\"og:url\" content=\"https:\/\/www.dravivianloureiro.com.br\/blog\/cuidados-com-as-unhas-o-que-e-realmente-verdade\/\" \/>\n<meta property=\"og:site_name\" content=\"Dra. Vivian Loureiro\" \/>\n<meta property=\"article:publisher\" content=\"https:\/\/pt-br.facebook.com\/vivianloureirodermatologia\/\" \/>\n<meta property=\"article:author\" content=\"https:\/\/pt-br.facebook.com\/vivianloureirodermatologia\/\" \/>\n<meta property=\"article:published_time\" content=\"2011-10-28T11:55:01+00:00\" \/>\n<meta property=\"article:modified_time\" content=\"2021-04-24T13:06:13+00:00\" \/>\n<meta name=\"author\" content=\"Vivian Loureiro\" \/>\n<meta name=\"twitter:card\" content=\"summary_large_image\" \/>\n<meta name=\"twitter:label1\" content=\"Escrito por\" \/>\n\t<meta name=\"twitter:data1\" content=\"Vivian Loureiro\" \/>\n\t<meta name=\"twitter:label2\" content=\"Est. tempo de leitura\" \/>\n\t<meta name=\"twitter:data2\" content=\"2 minutos\" \/>\n<script type=\"application\/ld+json\" class=\"yoast-schema-graph\">{\"@context\":\"https:\/\/schema.org\",\"@graph\":[{\"@type\":\"Article\",\"@id\":\"https:\/\/www.dravivianloureiro.com.br\/blog\/cuidados-com-as-unhas-o-que-e-realmente-verdade\/#article\",\"isPartOf\":{\"@id\":\"https:\/\/www.dravivianloureiro.com.br\/blog\/cuidados-com-as-unhas-o-que-e-realmente-verdade\/\"},\"author\":{\"name\":\"Vivian Loureiro\",\"@id\":\"https:\/\/www.dravivianloureiro.com.br\/blog\/#\/schema\/person\/f6272c0e48dae4364ef626c598c5cb84\"},\"headline\":\"Mitos e Verdades nos Cuidados com as Unhas?\",\"datePublished\":\"2011-10-28T11:55:01+00:00\",\"dateModified\":\"2021-04-24T13:06:13+00:00\",\"mainEntityOfPage\":{\"@id\":\"https:\/\/www.dravivianloureiro.com.br\/blog\/cuidados-com-as-unhas-o-que-e-realmente-verdade\/\"},\"wordCount\":469,\"commentCount\":0,\"publisher\":{\"@id\":\"https:\/\/www.dravivianloureiro.com.br\/blog\/#organization\"},\"keywords\":[\"cuidados com as unhas\",\"higiene\",\"preven\u00e7\u00e3o\",\"saude\",\"transmiss\u00e3o de doen\u00e7as\",\"unhas\"],\"articleSection\":[\"Est\u00e9ticos\",\"Terap\u00eauticos\",\"Unhas\"],\"inLanguage\":\"pt-BR\",\"potentialAction\":[{\"@type\":\"CommentAction\",\"name\":\"Comment\",\"target\":[\"https:\/\/www.dravivianloureiro.com.br\/blog\/cuidados-com-as-unhas-o-que-e-realmente-verdade\/#respond\"]}]},{\"@type\":\"WebPage\",\"@id\":\"https:\/\/www.dravivianloureiro.com.br\/blog\/cuidados-com-as-unhas-o-que-e-realmente-verdade\/\",\"url\":\"https:\/\/www.dravivianloureiro.com.br\/blog\/cuidados-com-as-unhas-o-que-e-realmente-verdade\/\",\"name\":\"Como cuidar das Unhas, o que \u00e9 Mito e o que \u00e9 Realmente Verdade - Beauty Beyond Skin Dermatologia Especializada\",\"isPartOf\":{\"@id\":\"https:\/\/www.dravivianloureiro.com.br\/blog\/#website\"},\"datePublished\":\"2011-10-28T11:55:01+00:00\",\"dateModified\":\"2021-04-24T13:06:13+00:00\",\"description\":\"Quais s\u00e3o os cuidados que um sal\u00e3o deve ter para evitar a transmiss\u00e3o de doen\u00e7as? Veja essa e muitas outras d\u00favidas sobre a sa\u00fade das unhas. Confira! Gabriela Casabona Dermatologista Especialista em Unhas em S\u00e3o Paulo. Telefones: 11 3668-5910\",\"breadcrumb\":{\"@id\":\"https:\/\/www.dravivianloureiro.com.br\/blog\/cuidados-com-as-unhas-o-que-e-realmente-verdade\/#breadcrumb\"},\"inLanguage\":\"pt-BR\",\"potentialAction\":[{\"@type\":\"ReadAction\",\"target\":[\"https:\/\/www.dravivianloureiro.com.br\/blog\/cuidados-com-as-unhas-o-que-e-realmente-verdade\/\"]}]},{\"@type\":\"BreadcrumbList\",\"@id\":\"https:\/\/www.dravivianloureiro.com.br\/blog\/cuidados-com-as-unhas-o-que-e-realmente-verdade\/#breadcrumb\",\"itemListElement\":[{\"@type\":\"ListItem\",\"position\":1,\"name\":\"In\u00edcio\",\"item\":\"https:\/\/www.dravivianloureiro.com.br\/blog\/\"},{\"@type\":\"ListItem\",\"position\":2,\"name\":\"Mitos e Verdades nos Cuidados com as Unhas?\"}]},{\"@type\":\"WebSite\",\"@id\":\"https:\/\/www.dravivianloureiro.com.br\/blog\/#website\",\"url\":\"https:\/\/www.dravivianloureiro.com.br\/blog\/\",\"name\":\"Dermatologista Vivian Loureiro\",\"description\":\"\",\"publisher\":{\"@id\":\"https:\/\/www.dravivianloureiro.com.br\/blog\/#organization\"},\"potentialAction\":[{\"@type\":\"SearchAction\",\"target\":{\"@type\":\"EntryPoint\",\"urlTemplate\":\"https:\/\/www.dravivianloureiro.com.br\/blog\/?s={search_term_string}\"},\"query-input\":\"required name=search_term_string\"}],\"inLanguage\":\"pt-BR\"},{\"@type\":\"Organization\",\"@id\":\"https:\/\/www.dravivianloureiro.com.br\/blog\/#organization\",\"name\":\"Dra. Vivian Loureiro - Dermatologista Em S\u00e3o Paulo\",\"url\":\"https:\/\/www.dravivianloureiro.com.br\/blog\/\",\"logo\":{\"@type\":\"ImageObject\",\"inLanguage\":\"pt-BR\",\"@id\":\"https:\/\/www.dravivianloureiro.com.br\/blog\/#\/schema\/logo\/image\/\",\"url\":\"https:\/\/www.dravivianloureiro.com.br\/blog\/wp-content\/uploads\/2018\/08\/favicon.jpg\",\"contentUrl\":\"https:\/\/www.dravivianloureiro.com.br\/blog\/wp-content\/uploads\/2018\/08\/favicon.jpg\",\"width\":112,\"height\":112,\"caption\":\"Dra. Vivian Loureiro - Dermatologista Em S\u00e3o Paulo\"},\"image\":{\"@id\":\"https:\/\/www.dravivianloureiro.com.br\/blog\/#\/schema\/logo\/image\/\"},\"sameAs\":[\"https:\/\/pt-br.facebook.com\/vivianloureirodermatologia\/\",\"https:\/\/www.instagram.com\/vivianloureirodermatologia\/\",\"https:\/\/www.linkedin.com\/in\/vivian-barzi-loureiro-a6412887\/\"]},{\"@type\":\"Person\",\"@id\":\"https:\/\/www.dravivianloureiro.com.br\/blog\/#\/schema\/person\/f6272c0e48dae4364ef626c598c5cb84\",\"name\":\"Vivian Loureiro\",\"image\":{\"@type\":\"ImageObject\",\"inLanguage\":\"pt-BR\",\"@id\":\"https:\/\/www.dravivianloureiro.com.br\/blog\/#\/schema\/person\/image\/\",\"url\":\"https:\/\/secure.gravatar.com\/avatar\/8ee2b0fae98657240c77e822ae139ad3?s=96&d=wp_user_avatar&r=g\",\"contentUrl\":\"https:\/\/secure.gravatar.com\/avatar\/8ee2b0fae98657240c77e822ae139ad3?s=96&d=wp_user_avatar&r=g\",\"caption\":\"Vivian Loureiro\"},\"description\":\"M\u00e9dica formada pela Universidade de S\u00e3o Paulo (USP). Realizou resid\u00eancia m\u00e9dica em Dermatologia e complementa\u00e7\u00e3o em Cosmiatria e Laser pelo departamento de Dermatologia do Hospital das Cl\u00ednicas da Faculdade de Medicina da Universidade de S\u00e3o Paulo (USP). Possui t\u00edtulo de especialista em Dermatologia. \u00c9 membro da Sociedade Brasileira de Dermatologia (SBD) e Sociedade Brasileira de Cirurgia Dermatol\u00f3gica (SBCD) e m\u00e9dica do grupo Fleury. Atua nas \u00e1reas de Dermatologia Cl\u00ednica, Cir\u00fargica, Pedi\u00e1trica e Est\u00e9tica. Frequenta e palestra nos principais cursos e congressos de dermatologia, nacionais e internacionais, a fim de se manter em constante atualiza\u00e7\u00e3o.\",\"sameAs\":[\"https:\/\/www.dravivianloureiro.com.br\/\",\"https:\/\/pt-br.facebook.com\/vivianloureirodermatologia\/\",\"https:\/\/www.instagram.com\/vivianloureirodermatologia\/\",\"https:\/\/www.linkedin.com\/in\/vivian-barzi-loureiro-a6412887\/\"]}]}<\/script>\n<!-- \/ Yoast SEO plugin. -->","yoast_head_json":{"title":"Como cuidar das Unhas, o que \u00e9 Mito e o que \u00e9 Realmente Verdade - Beauty Beyond Skin Dermatologia Especializada","description":"Quais s\u00e3o os cuidados que um sal\u00e3o deve ter para evitar a transmiss\u00e3o de doen\u00e7as? Veja essa e muitas outras d\u00favidas sobre a sa\u00fade das unhas. Confira! Gabriela Casabona Dermatologista Especialista em Unhas em S\u00e3o Paulo. Telefones: 11 3668-5910","robots":{"index":"index","follow":"follow","max-snippet":"max-snippet:-1","max-image-preview":"max-image-preview:large","max-video-preview":"max-video-preview:-1"},"canonical":"https:\/\/www.dravivianloureiro.com.br\/blog\/cuidados-com-as-unhas-o-que-e-realmente-verdade\/","og_locale":"pt_BR","og_type":"article","og_title":"Como cuidar das Unhas, o que \u00e9 Mito e o que \u00e9 Realmente Verdade - Beauty Beyond Skin Dermatologia Especializada","og_description":"Quais s\u00e3o os cuidados que um sal\u00e3o deve ter para evitar a transmiss\u00e3o de doen\u00e7as? Veja essa e muitas outras d\u00favidas sobre a sa\u00fade das unhas. Confira! Gabriela Casabona Dermatologista Especialista em Unhas em S\u00e3o Paulo. Telefones: 11 3668-5910","og_url":"https:\/\/www.dravivianloureiro.com.br\/blog\/cuidados-com-as-unhas-o-que-e-realmente-verdade\/","og_site_name":"Dra. Vivian Loureiro","article_publisher":"https:\/\/pt-br.facebook.com\/vivianloureirodermatologia\/","article_author":"https:\/\/pt-br.facebook.com\/vivianloureirodermatologia\/","article_published_time":"2011-10-28T11:55:01+00:00","article_modified_time":"2021-04-24T13:06:13+00:00","author":"Vivian Loureiro","twitter_card":"summary_large_image","twitter_misc":{"Escrito por":"Vivian Loureiro","Est. tempo de leitura":"2 minutos"},"schema":{"@context":"https:\/\/schema.org","@graph":[{"@type":"Article","@id":"https:\/\/www.dravivianloureiro.com.br\/blog\/cuidados-com-as-unhas-o-que-e-realmente-verdade\/#article","isPartOf":{"@id":"https:\/\/www.dravivianloureiro.com.br\/blog\/cuidados-com-as-unhas-o-que-e-realmente-verdade\/"},"author":{"name":"Vivian Loureiro","@id":"https:\/\/www.dravivianloureiro.com.br\/blog\/#\/schema\/person\/f6272c0e48dae4364ef626c598c5cb84"},"headline":"Mitos e Verdades nos Cuidados com as Unhas?","datePublished":"2011-10-28T11:55:01+00:00","dateModified":"2021-04-24T13:06:13+00:00","mainEntityOfPage":{"@id":"https:\/\/www.dravivianloureiro.com.br\/blog\/cuidados-com-as-unhas-o-que-e-realmente-verdade\/"},"wordCount":469,"commentCount":0,"publisher":{"@id":"https:\/\/www.dravivianloureiro.com.br\/blog\/#organization"},"keywords":["cuidados com as unhas","higiene","preven\u00e7\u00e3o","saude","transmiss\u00e3o de doen\u00e7as","unhas"],"articleSection":["Est\u00e9ticos","Terap\u00eauticos","Unhas"],"inLanguage":"pt-BR","potentialAction":[{"@type":"CommentAction","name":"Comment","target":["https:\/\/www.dravivianloureiro.com.br\/blog\/cuidados-com-as-unhas-o-que-e-realmente-verdade\/#respond"]}]},{"@type":"WebPage","@id":"https:\/\/www.dravivianloureiro.com.br\/blog\/cuidados-com-as-unhas-o-que-e-realmente-verdade\/","url":"https:\/\/www.dravivianloureiro.com.br\/blog\/cuidados-com-as-unhas-o-que-e-realmente-verdade\/","name":"Como cuidar das Unhas, o que \u00e9 Mito e o que \u00e9 Realmente Verdade - Beauty Beyond Skin Dermatologia Especializada","isPartOf":{"@id":"https:\/\/www.dravivianloureiro.com.br\/blog\/#website"},"datePublished":"2011-10-28T11:55:01+00:00","dateModified":"2021-04-24T13:06:13+00:00","description":"Quais s\u00e3o os cuidados que um sal\u00e3o deve ter para evitar a transmiss\u00e3o de doen\u00e7as? Veja essa e muitas outras d\u00favidas sobre a sa\u00fade das unhas. Confira! Gabriela Casabona Dermatologista Especialista em Unhas em S\u00e3o Paulo. Telefones: 11 3668-5910","breadcrumb":{"@id":"https:\/\/www.dravivianloureiro.com.br\/blog\/cuidados-com-as-unhas-o-que-e-realmente-verdade\/#breadcrumb"},"inLanguage":"pt-BR","potentialAction":[{"@type":"ReadAction","target":["https:\/\/www.dravivianloureiro.com.br\/blog\/cuidados-com-as-unhas-o-que-e-realmente-verdade\/"]}]},{"@type":"BreadcrumbList","@id":"https:\/\/www.dravivianloureiro.com.br\/blog\/cuidados-com-as-unhas-o-que-e-realmente-verdade\/#breadcrumb","itemListElement":[{"@type":"ListItem","position":1,"name":"In\u00edcio","item":"https:\/\/www.dravivianloureiro.com.br\/blog\/"},{"@type":"ListItem","position":2,"name":"Mitos e Verdades nos Cuidados com as Unhas?"}]},{"@type":"WebSite","@id":"https:\/\/www.dravivianloureiro.com.br\/blog\/#website","url":"https:\/\/www.dravivianloureiro.com.br\/blog\/","name":"Dermatologista Vivian Loureiro","description":"","publisher":{"@id":"https:\/\/www.dravivianloureiro.com.br\/blog\/#organization"},"potentialAction":[{"@type":"SearchAction","target":{"@type":"EntryPoint","urlTemplate":"https:\/\/www.dravivianloureiro.com.br\/blog\/?s={search_term_string}"},"query-input":"required name=search_term_string"}],"inLanguage":"pt-BR"},{"@type":"Organization","@id":"https:\/\/www.dravivianloureiro.com.br\/blog\/#organization","name":"Dra. Vivian Loureiro - Dermatologista Em S\u00e3o Paulo","url":"https:\/\/www.dravivianloureiro.com.br\/blog\/","logo":{"@type":"ImageObject","inLanguage":"pt-BR","@id":"https:\/\/www.dravivianloureiro.com.br\/blog\/#\/schema\/logo\/image\/","url":"https:\/\/www.dravivianloureiro.com.br\/blog\/wp-content\/uploads\/2018\/08\/favicon.jpg","contentUrl":"https:\/\/www.dravivianloureiro.com.br\/blog\/wp-content\/uploads\/2018\/08\/favicon.jpg","width":112,"height":112,"caption":"Dra. Vivian Loureiro - Dermatologista Em S\u00e3o Paulo"},"image":{"@id":"https:\/\/www.dravivianloureiro.com.br\/blog\/#\/schema\/logo\/image\/"},"sameAs":["https:\/\/pt-br.facebook.com\/vivianloureirodermatologia\/","https:\/\/www.instagram.com\/vivianloureirodermatologia\/","https:\/\/www.linkedin.com\/in\/vivian-barzi-loureiro-a6412887\/"]},{"@type":"Person","@id":"https:\/\/www.dravivianloureiro.com.br\/blog\/#\/schema\/person\/f6272c0e48dae4364ef626c598c5cb84","name":"Vivian Loureiro","image":{"@type":"ImageObject","inLanguage":"pt-BR","@id":"https:\/\/www.dravivianloureiro.com.br\/blog\/#\/schema\/person\/image\/","url":"https:\/\/secure.gravatar.com\/avatar\/8ee2b0fae98657240c77e822ae139ad3?s=96&d=wp_user_avatar&r=g","contentUrl":"https:\/\/secure.gravatar.com\/avatar\/8ee2b0fae98657240c77e822ae139ad3?s=96&d=wp_user_avatar&r=g","caption":"Vivian Loureiro"},"description":"M\u00e9dica formada pela Universidade de S\u00e3o Paulo (USP). Realizou resid\u00eancia m\u00e9dica em Dermatologia e complementa\u00e7\u00e3o em Cosmiatria e Laser pelo departamento de Dermatologia do Hospital das Cl\u00ednicas da Faculdade de Medicina da Universidade de S\u00e3o Paulo (USP). Possui t\u00edtulo de especialista em Dermatologia. \u00c9 membro da Sociedade Brasileira de Dermatologia (SBD) e Sociedade Brasileira de Cirurgia Dermatol\u00f3gica (SBCD) e m\u00e9dica do grupo Fleury. Atua nas \u00e1reas de Dermatologia Cl\u00ednica, Cir\u00fargica, Pedi\u00e1trica e Est\u00e9tica. Frequenta e palestra nos principais cursos e congressos de dermatologia, nacionais e internacionais, a fim de se manter em constante atualiza\u00e7\u00e3o.","sameAs":["https:\/\/www.dravivianloureiro.com.br\/","https:\/\/pt-br.facebook.com\/vivianloureirodermatologia\/","https:\/\/www.instagram.com\/vivianloureirodermatologia\/","https:\/\/www.linkedin.com\/in\/vivian-barzi-loureiro-a6412887\/"]}]}},"amp_enabled":true,"_links":{"self":[{"href":"https:\/\/www.dravivianloureiro.com.br\/blog\/wp-json\/wp\/v2\/posts\/10"}],"collection":[{"href":"https:\/\/www.dravivianloureiro.com.br\/blog\/wp-json\/wp\/v2\/posts"}],"about":[{"href":"https:\/\/www.dravivianloureiro.com.br\/blog\/wp-json\/wp\/v2\/types\/post"}],"author":[{"embeddable":true,"href":"https:\/\/www.dravivianloureiro.com.br\/blog\/wp-json\/wp\/v2\/users\/1"}],"replies":[{"embeddable":true,"href":"https:\/\/www.dravivianloureiro.com.br\/blog\/wp-json\/wp\/v2\/comments?post=10"}],"version-history":[{"count":0,"href":"https:\/\/www.dravivianloureiro.com.br\/blog\/wp-json\/wp\/v2\/posts\/10\/revisions"}],"wp:featuredmedia":[{"embeddable":true,"href":"https:\/\/www.dravivianloureiro.com.br\/blog\/wp-json\/"}],"wp:attachment":[{"href":"https:\/\/www.dravivianloureiro.com.br\/blog\/wp-json\/wp\/v2\/media?parent=10"}],"wp:term":[{"taxonomy":"category","embeddable":true,"href":"https:\/\/www.dravivianloureiro.com.br\/blog\/wp-json\/wp\/v2\/categories?post=10"},{"taxonomy":"post_tag","embeddable":true,"href":"https:\/\/www.dravivianloureiro.com.br\/blog\/wp-json\/wp\/v2\/tags?post=10"}],"curies":[{"name":"wp","href":"https:\/\/api.w.org\/{rel}","templated":true}]}}